{"id":1027,"date":"2017-07-12T20:49:21","date_gmt":"2017-07-12T20:49:21","guid":{"rendered":"https:\/\/quesossierracrestellina.es\/blog\/?p=1027"},"modified":"2020-06-15T15:29:44","modified_gmt":"2020-06-15T15:29:44","slug":"karra-elejalde-sos-alimentos-queseria-sierra-crestellina","status":"publish","type":"post","link":"https:\/\/quesossierracrestellina.es\/blog\/2017\/07\/12\/karra-elejalde-sos-alimentos-queseria-sierra-crestellina\/","title":{"rendered":"Karra Elejalde visita con \u00abSOS Alimentos\u00bb la queser\u00eda Sierra Crestellina"},"content":{"rendered":"<div class=\"fusion-fullwidth fullwidth-box fusion-builder-row-1 nonhundred-percent-fullwidth non-hundred-percent-height-scrolling\" style=\"--awb-border-radius-top-left:0px;--awb-border-radius-top-right:0px;--awb-border-radius-bottom-right:0px;--awb-border-radius-bottom-left:0px;--awb-flex-wrap:wrap;\" ><div class=\"fusion-builder-row fusion-row\"><div class=\"fusion-layout-column fusion_builder_column fusion-builder-column-0 fusion_builder_column_1_1 1_1 fusion-one-full fusion-column-first fusion-column-last\" style=\"--awb-bg-size:cover;\"><div class=\"fusion-column-wrapper fusion-column-has-shadow fusion-flex-column-wrapper-legacy\"><div class=\"fusion-text fusion-text-1\"><p><span class=\"fusion-dropcap dropcap dropcap-boxed\">E<\/span>n &#8216;S.O.S Alimentos. Karra al rescate&#8217;, programa que emite Televisi\u00f3n Espa\u00f1ola, el actor Karra Elejalde se convierte en un agente secreto que recorre el pa\u00eds dispuesto a superar una dura misi\u00f3n: el rescate de alimentos que no deben desaparecer.<\/p>\n<p>El mundo est\u00e1 amenazado por la sobreexplotaci\u00f3n, y la mayor\u00eda de la poblaci\u00f3n se ha olvidado de los productos t\u00edpicos de proximidad. Muy pocos han visto un chivo payoyo, han saboreado un ajo elefante o saben qu\u00e9 es el kale. Ha llegado el momento de salvar de la extinci\u00f3n a los productos aut\u00f3ctonos que corren un grave peligro.<\/p>\n<\/div><div class=\"fusion-sep-clear\"><\/div><div class=\"fusion-separator fusion-full-width-sep\" style=\"margin-left: auto;margin-right: auto;margin-top:45px;width:100%;\"><\/div><div class=\"fusion-sep-clear\"><\/div><div class=\"fusion-image-element in-legacy-container\" style=\"--awb-caption-title-font-family:var(--h2_typography-font-family);--awb-caption-title-font-weight:var(--h2_typography-font-weight);--awb-caption-title-font-style:var(--h2_typography-font-style);--awb-caption-title-size:var(--h2_typography-font-size);--awb-caption-title-transform:var(--h2_typography-text-transform);--awb-caption-title-line-height:var(--h2_typography-line-height);--awb-caption-title-letter-spacing:var(--h2_typography-letter-spacing);\"><span class=\" fusion-imageframe imageframe-none imageframe-1 hover-type-none\"><img decoding=\"async\" width=\"1600\" height=\"1066\" alt=\"SOS Alimientos en Quesos Sierra Crestellina\" title=\"SOS Alimientos en Quesos Sierra Crestellina\" src=\"https:\/\/quesossierracrestellina.es\/blog\/wp-content\/uploads\/2017\/07\/2017-sosalimientos-karraelejalde-rodajeb.jpg\" class=\"img-responsive wp-image-1055\" srcset=\"https:\/\/quesossierracrestellina.es\/blog\/wp-content\/uploads\/2017\/07\/2017-sosalimientos-karraelejalde-rodajeb-200x133.jpg 200w, https:\/\/quesossierracrestellina.es\/blog\/wp-content\/uploads\/2017\/07\/2017-sosalimientos-karraelejalde-rodajeb-400x267.jpg 400w, https:\/\/quesossierracrestellina.es\/blog\/wp-content\/uploads\/2017\/07\/2017-sosalimientos-karraelejalde-rodajeb-600x400.jpg 600w, https:\/\/quesossierracrestellina.es\/blog\/wp-content\/uploads\/2017\/07\/2017-sosalimientos-karraelejalde-rodajeb-800x533.jpg 800w, https:\/\/quesossierracrestellina.es\/blog\/wp-content\/uploads\/2017\/07\/2017-sosalimientos-karraelejalde-rodajeb-1200x800.jpg 1200w, https:\/\/quesossierracrestellina.es\/blog\/wp-content\/uploads\/2017\/07\/2017-sosalimientos-karraelejalde-rodajeb.jpg 1600w\" sizes=\"(max-width: 800px) 100vw, 1200px\" \/><\/span><\/div><div class=\"fusion-sep-clear\"><\/div><div class=\"fusion-separator fusion-full-width-sep\" style=\"margin-left: auto;margin-right: auto;margin-top:45px;width:100%;\"><\/div><div class=\"fusion-sep-clear\"><\/div><div class=\"fusion-text fusion-text-2\"><p>En el \u00faltimo programa, Karra se desplaz\u00f3 a la localidad malague\u00f1a de Casares para conocer de cerca a este animal, de la mano de Juan Oca\u00f1a de la Queser\u00eda Sierra Crestellina y Diego del R\u00edo, que fue jefe de cocina en el restaurante El Lago de Marbella, con una estrella Michel\u00edn.<\/p>\n<p>Agradecemos a nuestra televisi\u00f3n p\u00fablica por la maravillosa idea de utilizar el gancho medi\u00e1tico de estos programas gastron\u00f3micos para mostrarnos animales, productos y formas de vida en extinci\u00f3n que, como humanos y consumidores de alimentos, no debemos permitir que desaparezcan de nuestra tierras.<\/p>\n<\/div><div class=\"fusion-video fusion-youtube fusion-aligncenter\" style=\"--awb-max-width:600px;--awb-max-height:360px;--awb-width:100%;\"><div class=\"video-shortcode\"><div class=\"fluid-width-video-wrapper\" style=\"padding-top:60%;\" ><iframe title=\"YouTube video player 1\" src=\"https:\/\/www.youtube.com\/embed\/Hr0F0pW4r8U?wmode=transparent&autoplay=0\" width=\"600\" height=\"360\" allowfullscreen allow=\"autoplay; clipboard-write; encrypted-media; gyroscope; picture-in-picture;\"><\/iframe><\/div><\/div><\/div><div class=\"fusion-clearfix\"><\/div><\/div><\/div><\/div><\/div>\n","protected":false},"excerpt":{"rendered":"","protected":false},"author":1,"featured_media":1028,"comment_status":"closed","ping_status":"open","sticky":false,"template":"","format":"video","meta":{"footnotes":""},"categories":[42],"tags":[51],"class_list":["post-1027","post","type-post","status-publish","format-video","has-post-thumbnail","hentry","category-reportajes","tag-television-espanola","post_format-post-format-video"],"yoast_head":"<!-- This site is optimized with the Yoast SEO plugin v27.5 - https:\/\/yoast.com\/product\/yoast-seo-wordpress\/ -->\n<title>Karra Elejalde visita con &quot;SOS Alimentos&quot; la queser\u00eda Sierra Crestellina<\/title>\n<meta name=\"description\" content=\"Karra se desplaza a Casares para conocer de cerca la cabra payoya, de la mano de Juan Oca\u00f1a de la Queser\u00eda Sierra Crestellina y Diego del R\u00edo\" \/>\n<meta name=\"robots\" content=\"index, follow, max-snippet:-1, max-image-preview:large, max-video-preview:-1\" \/>\n<link rel=\"canonical\" href=\"https:\/\/quesossierracrestellina.es\/blog\/2017\/07\/12\/karra-elejalde-sos-alimentos-queseria-sierra-crestellina\/\" \/>\n<meta property=\"og:locale\" content=\"es_ES\" \/>\n<meta property=\"og:type\" content=\"article\" \/>\n<meta property=\"og:title\" content=\"Karra Elejalde visita con &quot;SOS Alimentos&quot; la queser\u00eda Sierra Crestellina\" \/>\n<meta property=\"og:description\" content=\"Karra se desplaza a Casares para conocer de cerca la cabra payoya, de la mano de Juan Oca\u00f1a de la Queser\u00eda Sierra Crestellina y Diego del R\u00edo\" \/>\n<meta property=\"og:url\" content=\"https:\/\/quesossierracrestellina.es\/blog\/2017\/07\/12\/karra-elejalde-sos-alimentos-queseria-sierra-crestellina\/\" \/>\n<meta property=\"og:site_name\" content=\"Crestellina\" \/>\n<meta property=\"article:publisher\" content=\"https:\/\/www.facebook.com\/quesoscrestellina.quesossierracrestellina\" \/>\n<meta property=\"article:published_time\" content=\"2017-07-12T20:49:21+00:00\" \/>\n<meta property=\"article:modified_time\" content=\"2020-06-15T15:29:44+00:00\" \/>\n<meta property=\"og:image\" content=\"https:\/\/quesossierracrestellina.es\/blog\/wp-content\/uploads\/2020\/06\/2017-sosalimientos-karraelejalde-casares.jpg\" \/>\n\t<meta property=\"og:image:width\" content=\"1600\" \/>\n\t<meta property=\"og:image:height\" content=\"1067\" \/>\n\t<meta property=\"og:image:type\" content=\"image\/jpeg\" \/>\n<meta name=\"author\" content=\"Quesos Sierra Crestellina\" \/>\n<meta name=\"twitter:card\" content=\"summary_large_image\" \/>\n<meta name=\"twitter:label1\" content=\"Escrito por\" \/>\n\t<meta name=\"twitter:data1\" content=\"Quesos Sierra Crestellina\" \/>\n\t<meta name=\"twitter:label2\" content=\"Tiempo de lectura\" \/>\n\t<meta name=\"twitter:data2\" content=\"4 minutos\" \/>\n<script type=\"application\/ld+json\" class=\"yoast-schema-graph\">{\"@context\":\"https:\\\/\\\/schema.org\",\"@graph\":[{\"@type\":\"Article\",\"@id\":\"https:\\\/\\\/quesossierracrestellina.es\\\/blog\\\/2017\\\/07\\\/12\\\/karra-elejalde-sos-alimentos-queseria-sierra-crestellina\\\/#article\",\"isPartOf\":{\"@id\":\"https:\\\/\\\/quesossierracrestellina.es\\\/blog\\\/2017\\\/07\\\/12\\\/karra-elejalde-sos-alimentos-queseria-sierra-crestellina\\\/\"},\"author\":{\"name\":\"Quesos Sierra Crestellina\",\"@id\":\"https:\\\/\\\/quesossierracrestellina.es\\\/blog\\\/#\\\/schema\\\/person\\\/1a1635cca8df433589af815239a1f94c\"},\"headline\":\"Karra Elejalde visita con \u00abSOS Alimentos\u00bb la queser\u00eda Sierra Crestellina\",\"datePublished\":\"2017-07-12T20:49:21+00:00\",\"dateModified\":\"2020-06-15T15:29:44+00:00\",\"mainEntityOfPage\":{\"@id\":\"https:\\\/\\\/quesossierracrestellina.es\\\/blog\\\/2017\\\/07\\\/12\\\/karra-elejalde-sos-alimentos-queseria-sierra-crestellina\\\/\"},\"wordCount\":840,\"publisher\":{\"@id\":\"https:\\\/\\\/quesossierracrestellina.es\\\/blog\\\/#organization\"},\"image\":{\"@id\":\"https:\\\/\\\/quesossierracrestellina.es\\\/blog\\\/2017\\\/07\\\/12\\\/karra-elejalde-sos-alimentos-queseria-sierra-crestellina\\\/#primaryimage\"},\"thumbnailUrl\":\"https:\\\/\\\/quesossierracrestellina.es\\\/blog\\\/wp-content\\\/uploads\\\/2020\\\/06\\\/2017-sosalimientos-karraelejalde-casares.jpg\",\"keywords\":[\"Television Espa\u00f1ola\"],\"articleSection\":[\"Reportajes\"],\"inLanguage\":\"es\"},{\"@type\":\"WebPage\",\"@id\":\"https:\\\/\\\/quesossierracrestellina.es\\\/blog\\\/2017\\\/07\\\/12\\\/karra-elejalde-sos-alimentos-queseria-sierra-crestellina\\\/\",\"url\":\"https:\\\/\\\/quesossierracrestellina.es\\\/blog\\\/2017\\\/07\\\/12\\\/karra-elejalde-sos-alimentos-queseria-sierra-crestellina\\\/\",\"name\":\"Karra Elejalde visita con \\\"SOS Alimentos\\\" la queser\u00eda Sierra Crestellina\",\"isPartOf\":{\"@id\":\"https:\\\/\\\/quesossierracrestellina.es\\\/blog\\\/#website\"},\"primaryImageOfPage\":{\"@id\":\"https:\\\/\\\/quesossierracrestellina.es\\\/blog\\\/2017\\\/07\\\/12\\\/karra-elejalde-sos-alimentos-queseria-sierra-crestellina\\\/#primaryimage\"},\"image\":{\"@id\":\"https:\\\/\\\/quesossierracrestellina.es\\\/blog\\\/2017\\\/07\\\/12\\\/karra-elejalde-sos-alimentos-queseria-sierra-crestellina\\\/#primaryimage\"},\"thumbnailUrl\":\"https:\\\/\\\/quesossierracrestellina.es\\\/blog\\\/wp-content\\\/uploads\\\/2020\\\/06\\\/2017-sosalimientos-karraelejalde-casares.jpg\",\"datePublished\":\"2017-07-12T20:49:21+00:00\",\"dateModified\":\"2020-06-15T15:29:44+00:00\",\"description\":\"Karra se desplaza a Casares para conocer de cerca la cabra payoya, de la mano de Juan Oca\u00f1a de la Queser\u00eda Sierra Crestellina y Diego del R\u00edo\",\"breadcrumb\":{\"@id\":\"https:\\\/\\\/quesossierracrestellina.es\\\/blog\\\/2017\\\/07\\\/12\\\/karra-elejalde-sos-alimentos-queseria-sierra-crestellina\\\/#breadcrumb\"},\"inLanguage\":\"es\",\"potentialAction\":[{\"@type\":\"ReadAction\",\"target\":[\"https:\\\/\\\/quesossierracrestellina.es\\\/blog\\\/2017\\\/07\\\/12\\\/karra-elejalde-sos-alimentos-queseria-sierra-crestellina\\\/\"]}]},{\"@type\":\"ImageObject\",\"inLanguage\":\"es\",\"@id\":\"https:\\\/\\\/quesossierracrestellina.es\\\/blog\\\/2017\\\/07\\\/12\\\/karra-elejalde-sos-alimentos-queseria-sierra-crestellina\\\/#primaryimage\",\"url\":\"https:\\\/\\\/quesossierracrestellina.es\\\/blog\\\/wp-content\\\/uploads\\\/2020\\\/06\\\/2017-sosalimientos-karraelejalde-casares.jpg\",\"contentUrl\":\"https:\\\/\\\/quesossierracrestellina.es\\\/blog\\\/wp-content\\\/uploads\\\/2020\\\/06\\\/2017-sosalimientos-karraelejalde-casares.jpg\",\"width\":1600,\"height\":1067,\"caption\":\"SOS Alimentos en Casares\"},{\"@type\":\"BreadcrumbList\",\"@id\":\"https:\\\/\\\/quesossierracrestellina.es\\\/blog\\\/2017\\\/07\\\/12\\\/karra-elejalde-sos-alimentos-queseria-sierra-crestellina\\\/#breadcrumb\",\"itemListElement\":[{\"@type\":\"ListItem\",\"position\":1,\"name\":\"Portada\",\"item\":\"https:\\\/\\\/quesossierracrestellina.es\\\/blog\\\/\"},{\"@type\":\"ListItem\",\"position\":2,\"name\":\"Karra Elejalde visita con \u00abSOS Alimentos\u00bb la queser\u00eda Sierra Crestellina\"}]},{\"@type\":\"WebSite\",\"@id\":\"https:\\\/\\\/quesossierracrestellina.es\\\/blog\\\/#website\",\"url\":\"https:\\\/\\\/quesossierracrestellina.es\\\/blog\\\/\",\"name\":\"Quesos Sierra Crestellina\",\"description\":\"Sencillos por naturaleza\",\"publisher\":{\"@id\":\"https:\\\/\\\/quesossierracrestellina.es\\\/blog\\\/#organization\"},\"potentialAction\":[{\"@type\":\"SearchAction\",\"target\":{\"@type\":\"EntryPoint\",\"urlTemplate\":\"https:\\\/\\\/quesossierracrestellina.es\\\/blog\\\/?s={search_term_string}\"},\"query-input\":{\"@type\":\"PropertyValueSpecification\",\"valueRequired\":true,\"valueName\":\"search_term_string\"}}],\"inLanguage\":\"es\"},{\"@type\":\"Organization\",\"@id\":\"https:\\\/\\\/quesossierracrestellina.es\\\/blog\\\/#organization\",\"name\":\"Quesos Sierra Crestellina\",\"url\":\"https:\\\/\\\/quesossierracrestellina.es\\\/blog\\\/\",\"logo\":{\"@type\":\"ImageObject\",\"inLanguage\":\"es\",\"@id\":\"https:\\\/\\\/quesossierracrestellina.es\\\/blog\\\/#\\\/schema\\\/logo\\\/image\\\/\",\"url\":\"https:\\\/\\\/quesossierracrestellina.es\\\/blog\\\/wp-content\\\/uploads\\\/2020\\\/05\\\/logo-crestellina.jpg\",\"contentUrl\":\"https:\\\/\\\/quesossierracrestellina.es\\\/blog\\\/wp-content\\\/uploads\\\/2020\\\/05\\\/logo-crestellina.jpg\",\"width\":800,\"height\":800,\"caption\":\"Quesos Sierra Crestellina\"},\"image\":{\"@id\":\"https:\\\/\\\/quesossierracrestellina.es\\\/blog\\\/#\\\/schema\\\/logo\\\/image\\\/\"},\"sameAs\":[\"https:\\\/\\\/www.facebook.com\\\/quesoscrestellina.quesossierracrestellina\",\"https:\\\/\\\/www.instagram.com\\\/queseriasierracrestellina\\\/\"]},{\"@type\":\"Person\",\"@id\":\"https:\\\/\\\/quesossierracrestellina.es\\\/blog\\\/#\\\/schema\\\/person\\\/1a1635cca8df433589af815239a1f94c\",\"name\":\"Quesos Sierra Crestellina\",\"image\":{\"@type\":\"ImageObject\",\"inLanguage\":\"es\",\"@id\":\"https:\\\/\\\/secure.gravatar.com\\\/avatar\\\/77dc2c8c07c777a6507b998eff202e7127f6688a33a22df7fc6e6ce7f6b9aea9?s=96&d=mm&r=g\",\"url\":\"https:\\\/\\\/secure.gravatar.com\\\/avatar\\\/77dc2c8c07c777a6507b998eff202e7127f6688a33a22df7fc6e6ce7f6b9aea9?s=96&d=mm&r=g\",\"contentUrl\":\"https:\\\/\\\/secure.gravatar.com\\\/avatar\\\/77dc2c8c07c777a6507b998eff202e7127f6688a33a22df7fc6e6ce7f6b9aea9?s=96&d=mm&r=g\",\"caption\":\"Quesos Sierra Crestellina\"},\"sameAs\":[\"https:\\\/\\\/quesossierracrestellina.es\\\/blog\"]}]}<\/script>\n<!-- \/ Yoast SEO plugin. -->","yoast_head_json":{"title":"Karra Elejalde visita con \"SOS Alimentos\" la queser\u00eda Sierra Crestellina","description":"Karra se desplaza a Casares para conocer de cerca la cabra payoya, de la mano de Juan Oca\u00f1a de la Queser\u00eda Sierra Crestellina y Diego del R\u00edo","robots":{"index":"index","follow":"follow","max-snippet":"max-snippet:-1","max-image-preview":"max-image-preview:large","max-video-preview":"max-video-preview:-1"},"canonical":"https:\/\/quesossierracrestellina.es\/blog\/2017\/07\/12\/karra-elejalde-sos-alimentos-queseria-sierra-crestellina\/","og_locale":"es_ES","og_type":"article","og_title":"Karra Elejalde visita con \"SOS Alimentos\" la queser\u00eda Sierra Crestellina","og_description":"Karra se desplaza a Casares para conocer de cerca la cabra payoya, de la mano de Juan Oca\u00f1a de la Queser\u00eda Sierra Crestellina y Diego del R\u00edo","og_url":"https:\/\/quesossierracrestellina.es\/blog\/2017\/07\/12\/karra-elejalde-sos-alimentos-queseria-sierra-crestellina\/","og_site_name":"Crestellina","article_publisher":"https:\/\/www.facebook.com\/quesoscrestellina.quesossierracrestellina","article_published_time":"2017-07-12T20:49:21+00:00","article_modified_time":"2020-06-15T15:29:44+00:00","og_image":[{"width":1600,"height":1067,"url":"https:\/\/quesossierracrestellina.es\/blog\/wp-content\/uploads\/2020\/06\/2017-sosalimientos-karraelejalde-casares.jpg","type":"image\/jpeg"}],"author":"Quesos Sierra Crestellina","twitter_card":"summary_large_image","twitter_misc":{"Escrito por":"Quesos Sierra Crestellina","Tiempo de lectura":"4 minutos"},"schema":{"@context":"https:\/\/schema.org","@graph":[{"@type":"Article","@id":"https:\/\/quesossierracrestellina.es\/blog\/2017\/07\/12\/karra-elejalde-sos-alimentos-queseria-sierra-crestellina\/#article","isPartOf":{"@id":"https:\/\/quesossierracrestellina.es\/blog\/2017\/07\/12\/karra-elejalde-sos-alimentos-queseria-sierra-crestellina\/"},"author":{"name":"Quesos Sierra Crestellina","@id":"https:\/\/quesossierracrestellina.es\/blog\/#\/schema\/person\/1a1635cca8df433589af815239a1f94c"},"headline":"Karra Elejalde visita con \u00abSOS Alimentos\u00bb la queser\u00eda Sierra Crestellina","datePublished":"2017-07-12T20:49:21+00:00","dateModified":"2020-06-15T15:29:44+00:00","mainEntityOfPage":{"@id":"https:\/\/quesossierracrestellina.es\/blog\/2017\/07\/12\/karra-elejalde-sos-alimentos-queseria-sierra-crestellina\/"},"wordCount":840,"publisher":{"@id":"https:\/\/quesossierracrestellina.es\/blog\/#organization"},"image":{"@id":"https:\/\/quesossierracrestellina.es\/blog\/2017\/07\/12\/karra-elejalde-sos-alimentos-queseria-sierra-crestellina\/#primaryimage"},"thumbnailUrl":"https:\/\/quesossierracrestellina.es\/blog\/wp-content\/uploads\/2020\/06\/2017-sosalimientos-karraelejalde-casares.jpg","keywords":["Television Espa\u00f1ola"],"articleSection":["Reportajes"],"inLanguage":"es"},{"@type":"WebPage","@id":"https:\/\/quesossierracrestellina.es\/blog\/2017\/07\/12\/karra-elejalde-sos-alimentos-queseria-sierra-crestellina\/","url":"https:\/\/quesossierracrestellina.es\/blog\/2017\/07\/12\/karra-elejalde-sos-alimentos-queseria-sierra-crestellina\/","name":"Karra Elejalde visita con \"SOS Alimentos\" la queser\u00eda Sierra Crestellina","isPartOf":{"@id":"https:\/\/quesossierracrestellina.es\/blog\/#website"},"primaryImageOfPage":{"@id":"https:\/\/quesossierracrestellina.es\/blog\/2017\/07\/12\/karra-elejalde-sos-alimentos-queseria-sierra-crestellina\/#primaryimage"},"image":{"@id":"https:\/\/quesossierracrestellina.es\/blog\/2017\/07\/12\/karra-elejalde-sos-alimentos-queseria-sierra-crestellina\/#primaryimage"},"thumbnailUrl":"https:\/\/quesossierracrestellina.es\/blog\/wp-content\/uploads\/2020\/06\/2017-sosalimientos-karraelejalde-casares.jpg","datePublished":"2017-07-12T20:49:21+00:00","dateModified":"2020-06-15T15:29:44+00:00","description":"Karra se desplaza a Casares para conocer de cerca la cabra payoya, de la mano de Juan Oca\u00f1a de la Queser\u00eda Sierra Crestellina y Diego del R\u00edo","breadcrumb":{"@id":"https:\/\/quesossierracrestellina.es\/blog\/2017\/07\/12\/karra-elejalde-sos-alimentos-queseria-sierra-crestellina\/#breadcrumb"},"inLanguage":"es","potentialAction":[{"@type":"ReadAction","target":["https:\/\/quesossierracrestellina.es\/blog\/2017\/07\/12\/karra-elejalde-sos-alimentos-queseria-sierra-crestellina\/"]}]},{"@type":"ImageObject","inLanguage":"es","@id":"https:\/\/quesossierracrestellina.es\/blog\/2017\/07\/12\/karra-elejalde-sos-alimentos-queseria-sierra-crestellina\/#primaryimage","url":"https:\/\/quesossierracrestellina.es\/blog\/wp-content\/uploads\/2020\/06\/2017-sosalimientos-karraelejalde-casares.jpg","contentUrl":"https:\/\/quesossierracrestellina.es\/blog\/wp-content\/uploads\/2020\/06\/2017-sosalimientos-karraelejalde-casares.jpg","width":1600,"height":1067,"caption":"SOS Alimentos en Casares"},{"@type":"BreadcrumbList","@id":"https:\/\/quesossierracrestellina.es\/blog\/2017\/07\/12\/karra-elejalde-sos-alimentos-queseria-sierra-crestellina\/#breadcrumb","itemListElement":[{"@type":"ListItem","position":1,"name":"Portada","item":"https:\/\/quesossierracrestellina.es\/blog\/"},{"@type":"ListItem","position":2,"name":"Karra Elejalde visita con \u00abSOS Alimentos\u00bb la queser\u00eda Sierra Crestellina"}]},{"@type":"WebSite","@id":"https:\/\/quesossierracrestellina.es\/blog\/#website","url":"https:\/\/quesossierracrestellina.es\/blog\/","name":"Quesos Sierra Crestellina","description":"Sencillos por naturaleza","publisher":{"@id":"https:\/\/quesossierracrestellina.es\/blog\/#organization"},"potentialAction":[{"@type":"SearchAction","target":{"@type":"EntryPoint","urlTemplate":"https:\/\/quesossierracrestellina.es\/blog\/?s={search_term_string}"},"query-input":{"@type":"PropertyValueSpecification","valueRequired":true,"valueName":"search_term_string"}}],"inLanguage":"es"},{"@type":"Organization","@id":"https:\/\/quesossierracrestellina.es\/blog\/#organization","name":"Quesos Sierra Crestellina","url":"https:\/\/quesossierracrestellina.es\/blog\/","logo":{"@type":"ImageObject","inLanguage":"es","@id":"https:\/\/quesossierracrestellina.es\/blog\/#\/schema\/logo\/image\/","url":"https:\/\/quesossierracrestellina.es\/blog\/wp-content\/uploads\/2020\/05\/logo-crestellina.jpg","contentUrl":"https:\/\/quesossierracrestellina.es\/blog\/wp-content\/uploads\/2020\/05\/logo-crestellina.jpg","width":800,"height":800,"caption":"Quesos Sierra Crestellina"},"image":{"@id":"https:\/\/quesossierracrestellina.es\/blog\/#\/schema\/logo\/image\/"},"sameAs":["https:\/\/www.facebook.com\/quesoscrestellina.quesossierracrestellina","https:\/\/www.instagram.com\/queseriasierracrestellina\/"]},{"@type":"Person","@id":"https:\/\/quesossierracrestellina.es\/blog\/#\/schema\/person\/1a1635cca8df433589af815239a1f94c","name":"Quesos Sierra Crestellina","image":{"@type":"ImageObject","inLanguage":"es","@id":"https:\/\/secure.gravatar.com\/avatar\/77dc2c8c07c777a6507b998eff202e7127f6688a33a22df7fc6e6ce7f6b9aea9?s=96&d=mm&r=g","url":"https:\/\/secure.gravatar.com\/avatar\/77dc2c8c07c777a6507b998eff202e7127f6688a33a22df7fc6e6ce7f6b9aea9?s=96&d=mm&r=g","contentUrl":"https:\/\/secure.gravatar.com\/avatar\/77dc2c8c07c777a6507b998eff202e7127f6688a33a22df7fc6e6ce7f6b9aea9?s=96&d=mm&r=g","caption":"Quesos Sierra Crestellina"},"sameAs":["https:\/\/quesossierracrestellina.es\/blog"]}]}},"_links":{"self":[{"href":"https:\/\/quesossierracrestellina.es\/blog\/wp-json\/wp\/v2\/posts\/1027","targetHints":{"allow":["GET"]}}],"collection":[{"href":"https:\/\/quesossierracrestellina.es\/blog\/wp-json\/wp\/v2\/posts"}],"about":[{"href":"https:\/\/quesossierracrestellina.es\/blog\/wp-json\/wp\/v2\/types\/post"}],"author":[{"embeddable":true,"href":"https:\/\/quesossierracrestellina.es\/blog\/wp-json\/wp\/v2\/users\/1"}],"replies":[{"embeddable":true,"href":"https:\/\/quesossierracrestellina.es\/blog\/wp-json\/wp\/v2\/comments?post=1027"}],"version-history":[{"count":5,"href":"https:\/\/quesossierracrestellina.es\/blog\/wp-json\/wp\/v2\/posts\/1027\/revisions"}],"predecessor-version":[{"id":1163,"href":"https:\/\/quesossierracrestellina.es\/blog\/wp-json\/wp\/v2\/posts\/1027\/revisions\/1163"}],"wp:featuredmedia":[{"embeddable":true,"href":"https:\/\/quesossierracrestellina.es\/blog\/wp-json\/wp\/v2\/media\/1028"}],"wp:attachment":[{"href":"https:\/\/quesossierracrestellina.es\/blog\/wp-json\/wp\/v2\/media?parent=1027"}],"wp:term":[{"taxonomy":"category","embeddable":true,"href":"https:\/\/quesossierracrestellina.es\/blog\/wp-json\/wp\/v2\/categories?post=1027"},{"taxonomy":"post_tag","embeddable":true,"href":"https:\/\/quesossierracrestellina.es\/blog\/wp-json\/wp\/v2\/tags?post=1027"}],"curies":[{"name":"wp","href":"https:\/\/api.w.org\/{rel}","templated":true}]}}