{"id":1031,"date":"2018-11-15T21:10:03","date_gmt":"2018-11-15T21:10:03","guid":{"rendered":"https:\/\/quesossierracrestellina.es\/blog\/?p=1031"},"modified":"2020-06-15T15:32:38","modified_gmt":"2020-06-15T15:32:38","slug":"alumnos-casares-instruyen-pastoreo","status":"publish","type":"post","link":"https:\/\/quesossierracrestellina.es\/blog\/2018\/11\/15\/alumnos-casares-instruyen-pastoreo\/","title":{"rendered":"Alumnos de Casares se instruyen en el pastoreo y la elaboraci\u00f3n de quesos"},"content":{"rendered":"<div class=\"fusion-fullwidth fullwidth-box fusion-builder-row-1 nonhundred-percent-fullwidth non-hundred-percent-height-scrolling\" style=\"--awb-border-radius-top-left:0px;--awb-border-radius-top-right:0px;--awb-border-radius-bottom-right:0px;--awb-border-radius-bottom-left:0px;--awb-flex-wrap:wrap;\" ><div class=\"fusion-builder-row fusion-row\"><div class=\"fusion-layout-column fusion_builder_column fusion-builder-column-0 fusion_builder_column_1_1 1_1 fusion-one-full fusion-column-first fusion-column-last\" style=\"--awb-bg-size:cover;\"><div class=\"fusion-column-wrapper fusion-column-has-shadow fusion-flex-column-wrapper-legacy\"><div class=\"fusion-text fusion-text-1\"><p><span class=\"fusion-dropcap dropcap dropcap-boxed\">C<\/span>on una jornada de pastoreo en la que participaron escolares de los colegios Blas Infantes de Casares y Los Almendros de Secadero ayer comenzaba el programa Queser que pone en marcha la Concejal\u00eda de Educaci\u00f3n del <a href=\"http:\/\/www.casares.es\" target=\"_blank\" rel=\"noopener noreferrer\">Ayuntamiento de Casares<\/a> en coordinaci\u00f3n con la Queser\u00eda Sierra Crestellina.<\/p>\n<p>Se trata de un programa educativo que consta de tres talleres. Durante el primer m\u00f3dulo sobre pastoreo, los alumnos pudieron descubrir ayer c\u00f3mo es la vida en el paraje natural de Sierra Crestellina. Acompa\u00f1aron a los pastores con el reba\u00f1o de cabras, para ver el trabajo que realizan, practicando el tiro con honda y las funciones que tienen los perros que guardan al ganado.<\/p>\n<p>El segundo m\u00f3dulo se centrar\u00e1 en el cultivo, para que los escolares comprendan c\u00f3mo el hombre saca provecho de la tierra tanto para su alimentaci\u00f3n como para la de sus animales, de qu\u00e9 tipo de animales se ayudaba, y qu\u00e9 artes utilizaba para la recolecci\u00f3n y cosecha.<\/p>\n<p>Y por \u00faltimo, en el tercer m\u00f3dulo los escolares descubrir\u00e1n c\u00f3mo el hombre ha desarrollado la capacidad de trasformar las materias primas que la tierra o los animales le ofrecen en forma de alimento, para lo que aprender\u00e1n a hacer queso artesanal en las instalaciones Queser\u00eda Sierra Crestellina.<\/p>\n<\/div><div class=\"fusion-clearfix\"><\/div><\/div><\/div><\/div><\/div>\n","protected":false},"excerpt":{"rendered":"","protected":false},"author":1,"featured_media":1032,"comment_status":"closed","ping_status":"open","sticky":false,"template":"","format":"standard","meta":{"footnotes":""},"categories":[37],"tags":[52,60],"class_list":["post-1031","post","type-post","status-publish","format-standard","has-post-thumbnail","hentry","category-talleres","tag-ayuntamiento-de-casares","tag-centros-docentes"],"yoast_head":"<!-- This site is optimized with the Yoast SEO plugin v27.5 - https:\/\/yoast.com\/product\/yoast-seo-wordpress\/ -->\n<title>Alumnos de Casares se instruyen en el pastoreo y la elaboraci\u00f3n de quesos<\/title>\n<meta name=\"description\" content=\"Escolares de Casares y Secadero se instruyen sobre labores tradicionales pasando una ma\u00f1ana con el reba\u00f1o y los pastores de Queser\u00eda Sierra Crestellina\" \/>\n<meta name=\"robots\" content=\"index, follow, max-snippet:-1, max-image-preview:large, max-video-preview:-1\" \/>\n<link rel=\"canonical\" href=\"https:\/\/quesossierracrestellina.es\/blog\/2018\/11\/15\/alumnos-casares-instruyen-pastoreo\/\" \/>\n<meta property=\"og:locale\" content=\"es_ES\" \/>\n<meta property=\"og:type\" content=\"article\" \/>\n<meta property=\"og:title\" content=\"Alumnos de Casares se instruyen en el pastoreo y la elaboraci\u00f3n de quesos\" \/>\n<meta property=\"og:description\" content=\"Escolares de Casares y Secadero se instruyen sobre labores tradicionales pasando una ma\u00f1ana con el reba\u00f1o y los pastores de Queser\u00eda Sierra Crestellina\" \/>\n<meta property=\"og:url\" content=\"https:\/\/quesossierracrestellina.es\/blog\/2018\/11\/15\/alumnos-casares-instruyen-pastoreo\/\" \/>\n<meta property=\"og:site_name\" content=\"Crestellina\" \/>\n<meta property=\"article:publisher\" content=\"https:\/\/www.facebook.com\/quesoscrestellina.quesossierracrestellina\" \/>\n<meta property=\"article:published_time\" content=\"2018-11-15T21:10:03+00:00\" \/>\n<meta property=\"article:modified_time\" content=\"2020-06-15T15:32:38+00:00\" \/>\n<meta property=\"og:image\" content=\"https:\/\/quesossierracrestellina.es\/blog\/wp-content\/uploads\/2020\/06\/2018-casares-programaqueserb.jpg\" \/>\n\t<meta property=\"og:image:width\" content=\"1600\" \/>\n\t<meta property=\"og:image:height\" content=\"1067\" \/>\n\t<meta property=\"og:image:type\" content=\"image\/jpeg\" \/>\n<meta name=\"author\" content=\"Quesos Sierra Crestellina\" \/>\n<meta name=\"twitter:card\" content=\"summary_large_image\" \/>\n<meta name=\"twitter:label1\" content=\"Escrito por\" \/>\n\t<meta name=\"twitter:data1\" content=\"Quesos Sierra Crestellina\" \/>\n\t<meta name=\"twitter:label2\" content=\"Tiempo de lectura\" \/>\n\t<meta name=\"twitter:data2\" content=\"3 minutos\" \/>\n<script type=\"application\/ld+json\" class=\"yoast-schema-graph\">{\"@context\":\"https:\\\/\\\/schema.org\",\"@graph\":[{\"@type\":\"Article\",\"@id\":\"https:\\\/\\\/quesossierracrestellina.es\\\/blog\\\/2018\\\/11\\\/15\\\/alumnos-casares-instruyen-pastoreo\\\/#article\",\"isPartOf\":{\"@id\":\"https:\\\/\\\/quesossierracrestellina.es\\\/blog\\\/2018\\\/11\\\/15\\\/alumnos-casares-instruyen-pastoreo\\\/\"},\"author\":{\"name\":\"Quesos Sierra Crestellina\",\"@id\":\"https:\\\/\\\/quesossierracrestellina.es\\\/blog\\\/#\\\/schema\\\/person\\\/1a1635cca8df433589af815239a1f94c\"},\"headline\":\"Alumnos de Casares se instruyen en el pastoreo y la elaboraci\u00f3n de quesos\",\"datePublished\":\"2018-11-15T21:10:03+00:00\",\"dateModified\":\"2020-06-15T15:32:38+00:00\",\"mainEntityOfPage\":{\"@id\":\"https:\\\/\\\/quesossierracrestellina.es\\\/blog\\\/2018\\\/11\\\/15\\\/alumnos-casares-instruyen-pastoreo\\\/\"},\"wordCount\":628,\"publisher\":{\"@id\":\"https:\\\/\\\/quesossierracrestellina.es\\\/blog\\\/#organization\"},\"image\":{\"@id\":\"https:\\\/\\\/quesossierracrestellina.es\\\/blog\\\/2018\\\/11\\\/15\\\/alumnos-casares-instruyen-pastoreo\\\/#primaryimage\"},\"thumbnailUrl\":\"https:\\\/\\\/quesossierracrestellina.es\\\/blog\\\/wp-content\\\/uploads\\\/2020\\\/06\\\/2018-casares-programaqueserb.jpg\",\"keywords\":[\"Ayuntamiento de Casares\",\"Centros docentes\"],\"articleSection\":[\"Talleres\"],\"inLanguage\":\"es\"},{\"@type\":\"WebPage\",\"@id\":\"https:\\\/\\\/quesossierracrestellina.es\\\/blog\\\/2018\\\/11\\\/15\\\/alumnos-casares-instruyen-pastoreo\\\/\",\"url\":\"https:\\\/\\\/quesossierracrestellina.es\\\/blog\\\/2018\\\/11\\\/15\\\/alumnos-casares-instruyen-pastoreo\\\/\",\"name\":\"Alumnos de Casares se instruyen en el pastoreo y la elaboraci\u00f3n de quesos\",\"isPartOf\":{\"@id\":\"https:\\\/\\\/quesossierracrestellina.es\\\/blog\\\/#website\"},\"primaryImageOfPage\":{\"@id\":\"https:\\\/\\\/quesossierracrestellina.es\\\/blog\\\/2018\\\/11\\\/15\\\/alumnos-casares-instruyen-pastoreo\\\/#primaryimage\"},\"image\":{\"@id\":\"https:\\\/\\\/quesossierracrestellina.es\\\/blog\\\/2018\\\/11\\\/15\\\/alumnos-casares-instruyen-pastoreo\\\/#primaryimage\"},\"thumbnailUrl\":\"https:\\\/\\\/quesossierracrestellina.es\\\/blog\\\/wp-content\\\/uploads\\\/2020\\\/06\\\/2018-casares-programaqueserb.jpg\",\"datePublished\":\"2018-11-15T21:10:03+00:00\",\"dateModified\":\"2020-06-15T15:32:38+00:00\",\"description\":\"Escolares de Casares y Secadero se instruyen sobre labores tradicionales pasando una ma\u00f1ana con el reba\u00f1o y los pastores de Queser\u00eda Sierra Crestellina\",\"breadcrumb\":{\"@id\":\"https:\\\/\\\/quesossierracrestellina.es\\\/blog\\\/2018\\\/11\\\/15\\\/alumnos-casares-instruyen-pastoreo\\\/#breadcrumb\"},\"inLanguage\":\"es\",\"potentialAction\":[{\"@type\":\"ReadAction\",\"target\":[\"https:\\\/\\\/quesossierracrestellina.es\\\/blog\\\/2018\\\/11\\\/15\\\/alumnos-casares-instruyen-pastoreo\\\/\"]}]},{\"@type\":\"ImageObject\",\"inLanguage\":\"es\",\"@id\":\"https:\\\/\\\/quesossierracrestellina.es\\\/blog\\\/2018\\\/11\\\/15\\\/alumnos-casares-instruyen-pastoreo\\\/#primaryimage\",\"url\":\"https:\\\/\\\/quesossierracrestellina.es\\\/blog\\\/wp-content\\\/uploads\\\/2020\\\/06\\\/2018-casares-programaqueserb.jpg\",\"contentUrl\":\"https:\\\/\\\/quesossierracrestellina.es\\\/blog\\\/wp-content\\\/uploads\\\/2020\\\/06\\\/2018-casares-programaqueserb.jpg\",\"width\":1600,\"height\":1067,\"caption\":\"Programa Queser (Casares)\"},{\"@type\":\"BreadcrumbList\",\"@id\":\"https:\\\/\\\/quesossierracrestellina.es\\\/blog\\\/2018\\\/11\\\/15\\\/alumnos-casares-instruyen-pastoreo\\\/#breadcrumb\",\"itemListElement\":[{\"@type\":\"ListItem\",\"position\":1,\"name\":\"Portada\",\"item\":\"https:\\\/\\\/quesossierracrestellina.es\\\/blog\\\/\"},{\"@type\":\"ListItem\",\"position\":2,\"name\":\"Alumnos de Casares se instruyen en el pastoreo y la elaboraci\u00f3n de quesos\"}]},{\"@type\":\"WebSite\",\"@id\":\"https:\\\/\\\/quesossierracrestellina.es\\\/blog\\\/#website\",\"url\":\"https:\\\/\\\/quesossierracrestellina.es\\\/blog\\\/\",\"name\":\"Quesos Sierra Crestellina\",\"description\":\"Sencillos por naturaleza\",\"publisher\":{\"@id\":\"https:\\\/\\\/quesossierracrestellina.es\\\/blog\\\/#organization\"},\"potentialAction\":[{\"@type\":\"SearchAction\",\"target\":{\"@type\":\"EntryPoint\",\"urlTemplate\":\"https:\\\/\\\/quesossierracrestellina.es\\\/blog\\\/?s={search_term_string}\"},\"query-input\":{\"@type\":\"PropertyValueSpecification\",\"valueRequired\":true,\"valueName\":\"search_term_string\"}}],\"inLanguage\":\"es\"},{\"@type\":\"Organization\",\"@id\":\"https:\\\/\\\/quesossierracrestellina.es\\\/blog\\\/#organization\",\"name\":\"Quesos Sierra Crestellina\",\"url\":\"https:\\\/\\\/quesossierracrestellina.es\\\/blog\\\/\",\"logo\":{\"@type\":\"ImageObject\",\"inLanguage\":\"es\",\"@id\":\"https:\\\/\\\/quesossierracrestellina.es\\\/blog\\\/#\\\/schema\\\/logo\\\/image\\\/\",\"url\":\"https:\\\/\\\/quesossierracrestellina.es\\\/blog\\\/wp-content\\\/uploads\\\/2020\\\/05\\\/logo-crestellina.jpg\",\"contentUrl\":\"https:\\\/\\\/quesossierracrestellina.es\\\/blog\\\/wp-content\\\/uploads\\\/2020\\\/05\\\/logo-crestellina.jpg\",\"width\":800,\"height\":800,\"caption\":\"Quesos Sierra Crestellina\"},\"image\":{\"@id\":\"https:\\\/\\\/quesossierracrestellina.es\\\/blog\\\/#\\\/schema\\\/logo\\\/image\\\/\"},\"sameAs\":[\"https:\\\/\\\/www.facebook.com\\\/quesoscrestellina.quesossierracrestellina\",\"https:\\\/\\\/www.instagram.com\\\/queseriasierracrestellina\\\/\"]},{\"@type\":\"Person\",\"@id\":\"https:\\\/\\\/quesossierracrestellina.es\\\/blog\\\/#\\\/schema\\\/person\\\/1a1635cca8df433589af815239a1f94c\",\"name\":\"Quesos Sierra Crestellina\",\"image\":{\"@type\":\"ImageObject\",\"inLanguage\":\"es\",\"@id\":\"https:\\\/\\\/secure.gravatar.com\\\/avatar\\\/77dc2c8c07c777a6507b998eff202e7127f6688a33a22df7fc6e6ce7f6b9aea9?s=96&d=mm&r=g\",\"url\":\"https:\\\/\\\/secure.gravatar.com\\\/avatar\\\/77dc2c8c07c777a6507b998eff202e7127f6688a33a22df7fc6e6ce7f6b9aea9?s=96&d=mm&r=g\",\"contentUrl\":\"https:\\\/\\\/secure.gravatar.com\\\/avatar\\\/77dc2c8c07c777a6507b998eff202e7127f6688a33a22df7fc6e6ce7f6b9aea9?s=96&d=mm&r=g\",\"caption\":\"Quesos Sierra Crestellina\"},\"sameAs\":[\"https:\\\/\\\/quesossierracrestellina.es\\\/blog\"]}]}<\/script>\n<!-- \/ Yoast SEO plugin. -->","yoast_head_json":{"title":"Alumnos de Casares se instruyen en el pastoreo y la elaboraci\u00f3n de quesos","description":"Escolares de Casares y Secadero se instruyen sobre labores tradicionales pasando una ma\u00f1ana con el reba\u00f1o y los pastores de Queser\u00eda Sierra Crestellina","robots":{"index":"index","follow":"follow","max-snippet":"max-snippet:-1","max-image-preview":"max-image-preview:large","max-video-preview":"max-video-preview:-1"},"canonical":"https:\/\/quesossierracrestellina.es\/blog\/2018\/11\/15\/alumnos-casares-instruyen-pastoreo\/","og_locale":"es_ES","og_type":"article","og_title":"Alumnos de Casares se instruyen en el pastoreo y la elaboraci\u00f3n de quesos","og_description":"Escolares de Casares y Secadero se instruyen sobre labores tradicionales pasando una ma\u00f1ana con el reba\u00f1o y los pastores de Queser\u00eda Sierra Crestellina","og_url":"https:\/\/quesossierracrestellina.es\/blog\/2018\/11\/15\/alumnos-casares-instruyen-pastoreo\/","og_site_name":"Crestellina","article_publisher":"https:\/\/www.facebook.com\/quesoscrestellina.quesossierracrestellina","article_published_time":"2018-11-15T21:10:03+00:00","article_modified_time":"2020-06-15T15:32:38+00:00","og_image":[{"width":1600,"height":1067,"url":"https:\/\/quesossierracrestellina.es\/blog\/wp-content\/uploads\/2020\/06\/2018-casares-programaqueserb.jpg","type":"image\/jpeg"}],"author":"Quesos Sierra Crestellina","twitter_card":"summary_large_image","twitter_misc":{"Escrito por":"Quesos Sierra Crestellina","Tiempo de lectura":"3 minutos"},"schema":{"@context":"https:\/\/schema.org","@graph":[{"@type":"Article","@id":"https:\/\/quesossierracrestellina.es\/blog\/2018\/11\/15\/alumnos-casares-instruyen-pastoreo\/#article","isPartOf":{"@id":"https:\/\/quesossierracrestellina.es\/blog\/2018\/11\/15\/alumnos-casares-instruyen-pastoreo\/"},"author":{"name":"Quesos Sierra Crestellina","@id":"https:\/\/quesossierracrestellina.es\/blog\/#\/schema\/person\/1a1635cca8df433589af815239a1f94c"},"headline":"Alumnos de Casares se instruyen en el pastoreo y la elaboraci\u00f3n de quesos","datePublished":"2018-11-15T21:10:03+00:00","dateModified":"2020-06-15T15:32:38+00:00","mainEntityOfPage":{"@id":"https:\/\/quesossierracrestellina.es\/blog\/2018\/11\/15\/alumnos-casares-instruyen-pastoreo\/"},"wordCount":628,"publisher":{"@id":"https:\/\/quesossierracrestellina.es\/blog\/#organization"},"image":{"@id":"https:\/\/quesossierracrestellina.es\/blog\/2018\/11\/15\/alumnos-casares-instruyen-pastoreo\/#primaryimage"},"thumbnailUrl":"https:\/\/quesossierracrestellina.es\/blog\/wp-content\/uploads\/2020\/06\/2018-casares-programaqueserb.jpg","keywords":["Ayuntamiento de Casares","Centros docentes"],"articleSection":["Talleres"],"inLanguage":"es"},{"@type":"WebPage","@id":"https:\/\/quesossierracrestellina.es\/blog\/2018\/11\/15\/alumnos-casares-instruyen-pastoreo\/","url":"https:\/\/quesossierracrestellina.es\/blog\/2018\/11\/15\/alumnos-casares-instruyen-pastoreo\/","name":"Alumnos de Casares se instruyen en el pastoreo y la elaboraci\u00f3n de quesos","isPartOf":{"@id":"https:\/\/quesossierracrestellina.es\/blog\/#website"},"primaryImageOfPage":{"@id":"https:\/\/quesossierracrestellina.es\/blog\/2018\/11\/15\/alumnos-casares-instruyen-pastoreo\/#primaryimage"},"image":{"@id":"https:\/\/quesossierracrestellina.es\/blog\/2018\/11\/15\/alumnos-casares-instruyen-pastoreo\/#primaryimage"},"thumbnailUrl":"https:\/\/quesossierracrestellina.es\/blog\/wp-content\/uploads\/2020\/06\/2018-casares-programaqueserb.jpg","datePublished":"2018-11-15T21:10:03+00:00","dateModified":"2020-06-15T15:32:38+00:00","description":"Escolares de Casares y Secadero se instruyen sobre labores tradicionales pasando una ma\u00f1ana con el reba\u00f1o y los pastores de Queser\u00eda Sierra Crestellina","breadcrumb":{"@id":"https:\/\/quesossierracrestellina.es\/blog\/2018\/11\/15\/alumnos-casares-instruyen-pastoreo\/#breadcrumb"},"inLanguage":"es","potentialAction":[{"@type":"ReadAction","target":["https:\/\/quesossierracrestellina.es\/blog\/2018\/11\/15\/alumnos-casares-instruyen-pastoreo\/"]}]},{"@type":"ImageObject","inLanguage":"es","@id":"https:\/\/quesossierracrestellina.es\/blog\/2018\/11\/15\/alumnos-casares-instruyen-pastoreo\/#primaryimage","url":"https:\/\/quesossierracrestellina.es\/blog\/wp-content\/uploads\/2020\/06\/2018-casares-programaqueserb.jpg","contentUrl":"https:\/\/quesossierracrestellina.es\/blog\/wp-content\/uploads\/2020\/06\/2018-casares-programaqueserb.jpg","width":1600,"height":1067,"caption":"Programa Queser (Casares)"},{"@type":"BreadcrumbList","@id":"https:\/\/quesossierracrestellina.es\/blog\/2018\/11\/15\/alumnos-casares-instruyen-pastoreo\/#breadcrumb","itemListElement":[{"@type":"ListItem","position":1,"name":"Portada","item":"https:\/\/quesossierracrestellina.es\/blog\/"},{"@type":"ListItem","position":2,"name":"Alumnos de Casares se instruyen en el pastoreo y la elaboraci\u00f3n de quesos"}]},{"@type":"WebSite","@id":"https:\/\/quesossierracrestellina.es\/blog\/#website","url":"https:\/\/quesossierracrestellina.es\/blog\/","name":"Quesos Sierra Crestellina","description":"Sencillos por naturaleza","publisher":{"@id":"https:\/\/quesossierracrestellina.es\/blog\/#organization"},"potentialAction":[{"@type":"SearchAction","target":{"@type":"EntryPoint","urlTemplate":"https:\/\/quesossierracrestellina.es\/blog\/?s={search_term_string}"},"query-input":{"@type":"PropertyValueSpecification","valueRequired":true,"valueName":"search_term_string"}}],"inLanguage":"es"},{"@type":"Organization","@id":"https:\/\/quesossierracrestellina.es\/blog\/#organization","name":"Quesos Sierra Crestellina","url":"https:\/\/quesossierracrestellina.es\/blog\/","logo":{"@type":"ImageObject","inLanguage":"es","@id":"https:\/\/quesossierracrestellina.es\/blog\/#\/schema\/logo\/image\/","url":"https:\/\/quesossierracrestellina.es\/blog\/wp-content\/uploads\/2020\/05\/logo-crestellina.jpg","contentUrl":"https:\/\/quesossierracrestellina.es\/blog\/wp-content\/uploads\/2020\/05\/logo-crestellina.jpg","width":800,"height":800,"caption":"Quesos Sierra Crestellina"},"image":{"@id":"https:\/\/quesossierracrestellina.es\/blog\/#\/schema\/logo\/image\/"},"sameAs":["https:\/\/www.facebook.com\/quesoscrestellina.quesossierracrestellina","https:\/\/www.instagram.com\/queseriasierracrestellina\/"]},{"@type":"Person","@id":"https:\/\/quesossierracrestellina.es\/blog\/#\/schema\/person\/1a1635cca8df433589af815239a1f94c","name":"Quesos Sierra Crestellina","image":{"@type":"ImageObject","inLanguage":"es","@id":"https:\/\/secure.gravatar.com\/avatar\/77dc2c8c07c777a6507b998eff202e7127f6688a33a22df7fc6e6ce7f6b9aea9?s=96&d=mm&r=g","url":"https:\/\/secure.gravatar.com\/avatar\/77dc2c8c07c777a6507b998eff202e7127f6688a33a22df7fc6e6ce7f6b9aea9?s=96&d=mm&r=g","contentUrl":"https:\/\/secure.gravatar.com\/avatar\/77dc2c8c07c777a6507b998eff202e7127f6688a33a22df7fc6e6ce7f6b9aea9?s=96&d=mm&r=g","caption":"Quesos Sierra Crestellina"},"sameAs":["https:\/\/quesossierracrestellina.es\/blog"]}]}},"_links":{"self":[{"href":"https:\/\/quesossierracrestellina.es\/blog\/wp-json\/wp\/v2\/posts\/1031","targetHints":{"allow":["GET"]}}],"collection":[{"href":"https:\/\/quesossierracrestellina.es\/blog\/wp-json\/wp\/v2\/posts"}],"about":[{"href":"https:\/\/quesossierracrestellina.es\/blog\/wp-json\/wp\/v2\/types\/post"}],"author":[{"embeddable":true,"href":"https:\/\/quesossierracrestellina.es\/blog\/wp-json\/wp\/v2\/users\/1"}],"replies":[{"embeddable":true,"href":"https:\/\/quesossierracrestellina.es\/blog\/wp-json\/wp\/v2\/comments?post=1031"}],"version-history":[{"count":4,"href":"https:\/\/quesossierracrestellina.es\/blog\/wp-json\/wp\/v2\/posts\/1031\/revisions"}],"predecessor-version":[{"id":1173,"href":"https:\/\/quesossierracrestellina.es\/blog\/wp-json\/wp\/v2\/posts\/1031\/revisions\/1173"}],"wp:featuredmedia":[{"embeddable":true,"href":"https:\/\/quesossierracrestellina.es\/blog\/wp-json\/wp\/v2\/media\/1032"}],"wp:attachment":[{"href":"https:\/\/quesossierracrestellina.es\/blog\/wp-json\/wp\/v2\/media?parent=1031"}],"wp:term":[{"taxonomy":"category","embeddable":true,"href":"https:\/\/quesossierracrestellina.es\/blog\/wp-json\/wp\/v2\/categories?post=1031"},{"taxonomy":"post_tag","embeddable":true,"href":"https:\/\/quesossierracrestellina.es\/blog\/wp-json\/wp\/v2\/tags?post=1031"}],"curies":[{"name":"wp","href":"https:\/\/api.w.org\/{rel}","templated":true}]}}