{"id":1037,"date":"2018-04-03T21:50:35","date_gmt":"2018-04-03T21:50:35","guid":{"rendered":"https:\/\/quesossierracrestellina.es\/blog\/?p=1037"},"modified":"2020-06-15T15:28:25","modified_gmt":"2020-06-15T15:28:25","slug":"futuro-caprino-satisfacer-demandas-consumidores","status":"publish","type":"post","link":"https:\/\/quesossierracrestellina.es\/blog\/2018\/04\/03\/futuro-caprino-satisfacer-demandas-consumidores\/","title":{"rendered":"El futuro del caprino pasa por satisfacer las demandas de los consumidores"},"content":{"rendered":"<div class=\"fusion-fullwidth fullwidth-box fusion-builder-row-1 nonhundred-percent-fullwidth non-hundred-percent-height-scrolling\" style=\"--awb-border-radius-top-left:0px;--awb-border-radius-top-right:0px;--awb-border-radius-bottom-right:0px;--awb-border-radius-bottom-left:0px;--awb-flex-wrap:wrap;\" ><div class=\"fusion-builder-row fusion-row\"><div class=\"fusion-layout-column fusion_builder_column fusion-builder-column-0 fusion_builder_column_1_1 1_1 fusion-one-full fusion-column-first fusion-column-last\" style=\"--awb-bg-size:cover;\"><div class=\"fusion-column-wrapper fusion-column-has-shadow fusion-flex-column-wrapper-legacy\"><div class=\"fusion-text fusion-text-1\"><p><span class=\"fusion-dropcap dropcap dropcap-boxed\">P<\/span>ublicamos la <a href=\"https:\/\/www.oviespana.com\/informacion-de-ovino\/servicio-diario-de-noticias\/en-portada\/olga-gonzalez-casquet-el-futuro-del-caprino-pasa-por-satisfacer-las-demandas-de-los-consumidores\" target=\"_blank\" rel=\"noopener noreferrer\">entrevista que han realizado para la web OVIespa\u00f1a a Olga Gonz\u00e1lez Casquet<\/a>, secretaria ejecutiva de nuestra asociacion de criadores de raza caprina payoya.<\/p>\n<p>Espa\u00f1a tiene un gran potencial en sus razas aut\u00f3ctonas de caprino. Agrupaciones de ganaderos que buscan distinguirse y trabajar en aspectos relacionados con la calidad de sus producciones, para captar un mayor valor a\u00f1adido. El caso de la raza Payoya es relevante, con una docena de ganaderos que transforman parte de su producci\u00f3n en queso artesanal y buscan adaptarse a las demandas actuales de los consumidores.<\/p>\n<p>OVIESPA\u00d1A.- \u00bfCu\u00e1les son los datos finales de 2017 de censo de animales en la raza Payoya?<\/p>\n<p>OLGA GONZ\u00c1LEZ CASQUET.- El censo total de animales de raza caprina Payoya inscritos en el Libro Geneal\u00f3gico a fecha de 31de diciembre de 2017 es de 11.360 animales.<\/p>\n<p>OVIESPA\u00d1A.- \u00bfCu\u00e1l ha sido la evoluci\u00f3n en los \u00faltimos a\u00f1os?<\/p>\n<p>OLGA GONZ\u00c1LEZ CASQUET.- Lo m\u00e1s rese\u00f1able es que el censo ha aumentado en relaci\u00f3n al a\u00f1o 2016.<\/p>\n<p>OVIESPA\u00d1A.- \u00bfCu\u00e1les son los principales inconvenientes en el trabajo diario de una asociaci\u00f3n con la dimensi\u00f3n de la de Payoya?<\/p>\n<p>OLGA GONZ\u00c1LEZ CASQUET.- Los grandes inconvenientes derivan de la financiaci\u00f3n de los programas de conservaci\u00f3n y mejora de la raza Payoya gestionados por la asociaci\u00f3n a trav\u00e9s de subvenciones de la administraci\u00f3n p\u00fablica. As\u00ed, hay una gesti\u00f3n cada vez m\u00e1s complicada que precisa mucha dedicaci\u00f3n. Implica sistemas de control de la justificaci\u00f3n de las ayudas tambi\u00e9n farragoso que implica retraso a la hora de recibir los pagos por parte de las asociaciones. Por \u00faltimo, un gran aumento de las tareas de oficina en la gesti\u00f3n del Libro Geneal\u00f3gico, programa de mejora y trazabilidad del logotipo \u2018Raza Aut\u00f3ctona 100%\u2019.<\/p>\n<p>OVIESPA\u00d1A.- \u00bfCu\u00e1les son las herramientas para solucionar esos problemas?<\/p>\n<p>OLGA GONZ\u00c1LEZ CASQUET.- Mejora de los procesos de gesti\u00f3n administrativa, elaboraci\u00f3n de reglamentos de funcionamiento que estandaricen los procedimientos, sistemas de autocontrol que verifiquen el buen funcionamiento de los procesos y aporten informaci\u00f3n sobre deficiencias a mejorar, formaci\u00f3n e implementaci\u00f3n de herramientas tecnol\u00f3gicas que optimicen la gesti\u00f3n, seguir caminando en la puesta en com\u00fan con el resto de asociaciones de igual \u00e1mbito, tal como se vienen haciendo en el seno de Cabrandaluc\u00eda y Crepea-Feagas.<\/p>\n<p>OVIESPA\u00d1A.- \u00bfConsidera que se reciben suficientes apoyos desde la administraci\u00f3n?<\/p>\n<p>OLGA GONZ\u00c1LEZ CASQUET.- En la coyuntura econ\u00f3mica actual estamos satisfechos con los apoyos econ\u00f3micos a los programas de conservaci\u00f3n y mejora de las razas puras.<\/p>\n<p>OVIESPA\u00d1A.- \u00bfEn qu\u00e9 \u00e1mbitos ser\u00edan necesarias m\u00e1s ayudas?<\/p>\n<p>OLGA GONZ\u00c1LEZ CASQUET.- En la promoci\u00f3n de las razas aut\u00f3ctonas y sus productos.<\/p>\n<\/div><div class=\"fusion-sep-clear\"><\/div><div class=\"fusion-separator fusion-full-width-sep\" style=\"margin-left: auto;margin-right: auto;margin-top:45px;width:100%;\"><\/div><div class=\"fusion-sep-clear\"><\/div><div class=\"fusion-image-element fusion-image-align-center in-legacy-container\" style=\"text-align:center;--awb-caption-title-font-family:var(--h2_typography-font-family);--awb-caption-title-font-weight:var(--h2_typography-font-weight);--awb-caption-title-font-style:var(--h2_typography-font-style);--awb-caption-title-size:var(--h2_typography-font-size);--awb-caption-title-transform:var(--h2_typography-text-transform);--awb-caption-title-line-height:var(--h2_typography-line-height);--awb-caption-title-letter-spacing:var(--h2_typography-letter-spacing);\"><div class=\"imageframe-align-center\"><span class=\" fusion-imageframe imageframe-none imageframe-1 hover-type-none\"><img decoding=\"async\" width=\"962\" height=\"641\" alt=\"Olga Gonz\u00e1lez Casquet\" title=\"Olga Gonz\u00e1lez Casquet\" src=\"https:\/\/quesossierracrestellina.es\/blog\/wp-content\/uploads\/2020\/06\/olga_gonzalez_casquet.jpg\" class=\"img-responsive wp-image-1039\" srcset=\"https:\/\/quesossierracrestellina.es\/blog\/wp-content\/uploads\/2020\/06\/olga_gonzalez_casquet-200x133.jpg 200w, https:\/\/quesossierracrestellina.es\/blog\/wp-content\/uploads\/2020\/06\/olga_gonzalez_casquet-400x267.jpg 400w, https:\/\/quesossierracrestellina.es\/blog\/wp-content\/uploads\/2020\/06\/olga_gonzalez_casquet-600x400.jpg 600w, https:\/\/quesossierracrestellina.es\/blog\/wp-content\/uploads\/2020\/06\/olga_gonzalez_casquet-800x533.jpg 800w, https:\/\/quesossierracrestellina.es\/blog\/wp-content\/uploads\/2020\/06\/olga_gonzalez_casquet.jpg 962w\" sizes=\"(max-width: 800px) 100vw, 962px\" \/><\/span><\/div><\/div><div class=\"fusion-sep-clear\"><\/div><div class=\"fusion-separator fusion-full-width-sep\" style=\"margin-left: auto;margin-right: auto;margin-top:45px;width:100%;\"><\/div><div class=\"fusion-sep-clear\"><\/div><div class=\"fusion-text fusion-text-2\"><p>OVIESPA\u00d1A.- \u00bfConsidera que la comercializaci\u00f3n de productos de calidad es la mejor salida para las explotaciones de razas aut\u00f3ctonas?<\/p>\n<p>OLGA GONZ\u00c1LEZ CASQUET.- Consideramos que la diferenciaci\u00f3n de los productos de la raza Payoya implicar\u00e1 una valorizaci\u00f3n de los mismos que repercutir\u00e1 en la rentabilidad de las ganader\u00edas de esta raza, siendo una l\u00ednea de trabajo que queremos potenciar. Desde el a\u00f1o 2015, la asociaci\u00f3n gestiona la marca del logotipo \u2018Raza Aut\u00f3ctona 100% Payoya\u2019, para identificar los productos procedentes de esta raza, siendo doce queser\u00edas las que actualmente est\u00e1n autorizadas para el uso del logotipo, queser\u00edas de reconocido un prestigio nacional e internacional por la calidad de sus productos.<\/p>\n<p>OVIESPA\u00d1A.- \u00bfSe ha medido la diferencia de rentabilidad entre transformar la leche propia o venderla a las industrias?<\/p>\n<p>OLGA GONZ\u00c1LEZ CASQUET.- En el caso de transformar la leche propia, la posibilidad de que la actividad ganadera tenga mayor rentabilidad est\u00e1 fundamentalmente supeditada a una mayor valorizaci\u00f3n econ\u00f3mica de la leche por parte de la queser\u00eda, lo cual es factible si el proyecto de la queser\u00eda es exitoso. En principio si la gesti\u00f3n de las distintas actividades: ganadera, transformaci\u00f3n y comercial es buena, la rentabilidad de la leche es mayor en caso de queser\u00edas de granja.<\/p>\n<p>OVIESPA\u00d1A.- \u00bfEl prestigio que alcanzan los quesos producidos con leche de raza Payoya facilita el relevo generacional en las ganader\u00edas?<\/p>\n<p>OLGA GONZ\u00c1LEZ CASQUET.- El objetivo de la asociaci\u00f3n es que esta diferenciaci\u00f3n y valoraci\u00f3n de los productos de la raza Payoya abra puertas a un cambio que implique que las nuevas generaciones hijos e hijas de ganaderos se acerquen de nuevo a la ganader\u00eda.<\/p>\n<p>OVIESPA\u00d1A.- \u00bfTeme una desaparici\u00f3n progresiva de explotaciones de la raza en los pr\u00f3ximos a\u00f1os ante la ausencia del citado relevo generacional?<\/p>\n<p>OLGA GONZ\u00c1LEZ CASQUET.- S\u00ed, desde la asociaci\u00f3n estamos muy preocupados ante la falta de relevo generacional.<\/p>\n<p>OVIESPA\u00d1A.- \u00bfCu\u00e1l considera que es el futuro de las explotaciones de razas aut\u00f3ctonas?<\/p>\n<p>OLGA GONZ\u00c1LEZ CASQUET.- Una ganader\u00eda menos dependiente de insumos y menos vulnerable a los vaivenes del mercado globalizado de la leche, que satisfaga la demanda de una sociedad informada y concienciada con productos alimenticios sustentados en una \u00f3ptima gesti\u00f3n de los recursos naturales , en el bienestar de los animales y de las personas que los manejan.<\/p>\n<p>OVIESPA\u00d1A.- \u00bfQu\u00e9 modelo de explotaci\u00f3n se adaptar\u00e1 mejor a las circunstancias en los pr\u00f3ximos a\u00f1os?<\/p>\n<p>OLGA GONZ\u00c1LEZ CASQUET.- Creo que en un futuro cabr\u00e1n distintos modelos de ganader\u00edas que satisfagan a consumidores con distintas exigencias y necesidades, todas ellas requerir\u00e1n estar bien gestionadas, no s\u00f3lo en lo relativo a los animales y los productos, sino tambi\u00e9n cumplir con todas las exigencias administrativas, siendo este \u00faltimo punto el que considero de mayor dificultad.<\/p>\n<\/div><div class=\"fusion-clearfix\"><\/div><\/div><\/div><\/div><\/div>\n","protected":false},"excerpt":{"rendered":"","protected":false},"author":1,"featured_media":1038,"comment_status":"closed","ping_status":"open","sticky":false,"template":"","format":"standard","meta":{"footnotes":""},"categories":[35],"tags":[53],"class_list":["post-1037","post","type-post","status-publish","format-standard","has-post-thumbnail","hentry","category-opinion","tag-cabra-payoya"],"yoast_head":"<!-- This site is optimized with the Yoast SEO plugin v27.5 - https:\/\/yoast.com\/product\/yoast-seo-wordpress\/ -->\n<title>El futuro del caprino pasa por satisfacer las demandas de los consumidores<\/title>\n<meta name=\"description\" content=\"Publicamos la entrevista que han realizado para la web OVIespa\u00f1a a Olga Gonz\u00e1lez Casquet, secretaria ejecutiva de nuestra asociacion de criadores de raza caprina payoya.\" \/>\n<meta name=\"robots\" content=\"index, follow, max-snippet:-1, max-image-preview:large, max-video-preview:-1\" \/>\n<link rel=\"canonical\" href=\"https:\/\/quesossierracrestellina.es\/blog\/2018\/04\/03\/futuro-caprino-satisfacer-demandas-consumidores\/\" \/>\n<meta property=\"og:locale\" content=\"es_ES\" \/>\n<meta property=\"og:type\" content=\"article\" \/>\n<meta property=\"og:title\" content=\"El futuro del caprino pasa por satisfacer las demandas de los consumidores\" \/>\n<meta property=\"og:description\" content=\"Publicamos la entrevista que han realizado para la web OVIespa\u00f1a a Olga Gonz\u00e1lez Casquet, secretaria ejecutiva de nuestra asociacion de criadores de raza caprina payoya.\" \/>\n<meta property=\"og:url\" content=\"https:\/\/quesossierracrestellina.es\/blog\/2018\/04\/03\/futuro-caprino-satisfacer-demandas-consumidores\/\" \/>\n<meta property=\"og:site_name\" content=\"Crestellina\" \/>\n<meta property=\"article:publisher\" content=\"https:\/\/www.facebook.com\/quesoscrestellina.quesossierracrestellina\" \/>\n<meta property=\"article:published_time\" content=\"2018-04-03T21:50:35+00:00\" \/>\n<meta property=\"article:modified_time\" content=\"2020-06-15T15:28:25+00:00\" \/>\n<meta property=\"og:image\" content=\"https:\/\/quesossierracrestellina.es\/blog\/wp-content\/uploads\/2020\/06\/cabrapayoya-ogc-f4.jpg\" \/>\n\t<meta property=\"og:image:width\" content=\"855\" \/>\n\t<meta property=\"og:image:height\" content=\"570\" \/>\n\t<meta property=\"og:image:type\" content=\"image\/jpeg\" \/>\n<meta name=\"author\" content=\"Quesos Sierra Crestellina\" \/>\n<meta name=\"twitter:card\" content=\"summary_large_image\" \/>\n<meta name=\"twitter:label1\" content=\"Escrito por\" \/>\n\t<meta name=\"twitter:data1\" content=\"Quesos Sierra Crestellina\" \/>\n\t<meta name=\"twitter:label2\" content=\"Tiempo de lectura\" \/>\n\t<meta name=\"twitter:data2\" content=\"8 minutos\" \/>\n<script type=\"application\/ld+json\" class=\"yoast-schema-graph\">{\"@context\":\"https:\\\/\\\/schema.org\",\"@graph\":[{\"@type\":\"Article\",\"@id\":\"https:\\\/\\\/quesossierracrestellina.es\\\/blog\\\/2018\\\/04\\\/03\\\/futuro-caprino-satisfacer-demandas-consumidores\\\/#article\",\"isPartOf\":{\"@id\":\"https:\\\/\\\/quesossierracrestellina.es\\\/blog\\\/2018\\\/04\\\/03\\\/futuro-caprino-satisfacer-demandas-consumidores\\\/\"},\"author\":{\"name\":\"Quesos Sierra Crestellina\",\"@id\":\"https:\\\/\\\/quesossierracrestellina.es\\\/blog\\\/#\\\/schema\\\/person\\\/1a1635cca8df433589af815239a1f94c\"},\"headline\":\"El futuro del caprino pasa por satisfacer las demandas de los consumidores\",\"datePublished\":\"2018-04-03T21:50:35+00:00\",\"dateModified\":\"2020-06-15T15:28:25+00:00\",\"mainEntityOfPage\":{\"@id\":\"https:\\\/\\\/quesossierracrestellina.es\\\/blog\\\/2018\\\/04\\\/03\\\/futuro-caprino-satisfacer-demandas-consumidores\\\/\"},\"wordCount\":1604,\"publisher\":{\"@id\":\"https:\\\/\\\/quesossierracrestellina.es\\\/blog\\\/#organization\"},\"image\":{\"@id\":\"https:\\\/\\\/quesossierracrestellina.es\\\/blog\\\/2018\\\/04\\\/03\\\/futuro-caprino-satisfacer-demandas-consumidores\\\/#primaryimage\"},\"thumbnailUrl\":\"https:\\\/\\\/quesossierracrestellina.es\\\/blog\\\/wp-content\\\/uploads\\\/2020\\\/06\\\/cabrapayoya-ogc-f4.jpg\",\"keywords\":[\"Cabra payoya\"],\"articleSection\":[\"Opini\u00f3n\"],\"inLanguage\":\"es\"},{\"@type\":\"WebPage\",\"@id\":\"https:\\\/\\\/quesossierracrestellina.es\\\/blog\\\/2018\\\/04\\\/03\\\/futuro-caprino-satisfacer-demandas-consumidores\\\/\",\"url\":\"https:\\\/\\\/quesossierracrestellina.es\\\/blog\\\/2018\\\/04\\\/03\\\/futuro-caprino-satisfacer-demandas-consumidores\\\/\",\"name\":\"El futuro del caprino pasa por satisfacer las demandas de los consumidores\",\"isPartOf\":{\"@id\":\"https:\\\/\\\/quesossierracrestellina.es\\\/blog\\\/#website\"},\"primaryImageOfPage\":{\"@id\":\"https:\\\/\\\/quesossierracrestellina.es\\\/blog\\\/2018\\\/04\\\/03\\\/futuro-caprino-satisfacer-demandas-consumidores\\\/#primaryimage\"},\"image\":{\"@id\":\"https:\\\/\\\/quesossierracrestellina.es\\\/blog\\\/2018\\\/04\\\/03\\\/futuro-caprino-satisfacer-demandas-consumidores\\\/#primaryimage\"},\"thumbnailUrl\":\"https:\\\/\\\/quesossierracrestellina.es\\\/blog\\\/wp-content\\\/uploads\\\/2020\\\/06\\\/cabrapayoya-ogc-f4.jpg\",\"datePublished\":\"2018-04-03T21:50:35+00:00\",\"dateModified\":\"2020-06-15T15:28:25+00:00\",\"description\":\"Publicamos la entrevista que han realizado para la web OVIespa\u00f1a a Olga Gonz\u00e1lez Casquet, secretaria ejecutiva de nuestra asociacion de criadores de raza caprina payoya.\",\"breadcrumb\":{\"@id\":\"https:\\\/\\\/quesossierracrestellina.es\\\/blog\\\/2018\\\/04\\\/03\\\/futuro-caprino-satisfacer-demandas-consumidores\\\/#breadcrumb\"},\"inLanguage\":\"es\",\"potentialAction\":[{\"@type\":\"ReadAction\",\"target\":[\"https:\\\/\\\/quesossierracrestellina.es\\\/blog\\\/2018\\\/04\\\/03\\\/futuro-caprino-satisfacer-demandas-consumidores\\\/\"]}]},{\"@type\":\"ImageObject\",\"inLanguage\":\"es\",\"@id\":\"https:\\\/\\\/quesossierracrestellina.es\\\/blog\\\/2018\\\/04\\\/03\\\/futuro-caprino-satisfacer-demandas-consumidores\\\/#primaryimage\",\"url\":\"https:\\\/\\\/quesossierracrestellina.es\\\/blog\\\/wp-content\\\/uploads\\\/2020\\\/06\\\/cabrapayoya-ogc-f4.jpg\",\"contentUrl\":\"https:\\\/\\\/quesossierracrestellina.es\\\/blog\\\/wp-content\\\/uploads\\\/2020\\\/06\\\/cabrapayoya-ogc-f4.jpg\",\"width\":855,\"height\":570,\"caption\":\"Cabra payoya\"},{\"@type\":\"BreadcrumbList\",\"@id\":\"https:\\\/\\\/quesossierracrestellina.es\\\/blog\\\/2018\\\/04\\\/03\\\/futuro-caprino-satisfacer-demandas-consumidores\\\/#breadcrumb\",\"itemListElement\":[{\"@type\":\"ListItem\",\"position\":1,\"name\":\"Portada\",\"item\":\"https:\\\/\\\/quesossierracrestellina.es\\\/blog\\\/\"},{\"@type\":\"ListItem\",\"position\":2,\"name\":\"El futuro del caprino pasa por satisfacer las demandas de los consumidores\"}]},{\"@type\":\"WebSite\",\"@id\":\"https:\\\/\\\/quesossierracrestellina.es\\\/blog\\\/#website\",\"url\":\"https:\\\/\\\/quesossierracrestellina.es\\\/blog\\\/\",\"name\":\"Quesos Sierra Crestellina\",\"description\":\"Sencillos por naturaleza\",\"publisher\":{\"@id\":\"https:\\\/\\\/quesossierracrestellina.es\\\/blog\\\/#organization\"},\"potentialAction\":[{\"@type\":\"SearchAction\",\"target\":{\"@type\":\"EntryPoint\",\"urlTemplate\":\"https:\\\/\\\/quesossierracrestellina.es\\\/blog\\\/?s={search_term_string}\"},\"query-input\":{\"@type\":\"PropertyValueSpecification\",\"valueRequired\":true,\"valueName\":\"search_term_string\"}}],\"inLanguage\":\"es\"},{\"@type\":\"Organization\",\"@id\":\"https:\\\/\\\/quesossierracrestellina.es\\\/blog\\\/#organization\",\"name\":\"Quesos Sierra Crestellina\",\"url\":\"https:\\\/\\\/quesossierracrestellina.es\\\/blog\\\/\",\"logo\":{\"@type\":\"ImageObject\",\"inLanguage\":\"es\",\"@id\":\"https:\\\/\\\/quesossierracrestellina.es\\\/blog\\\/#\\\/schema\\\/logo\\\/image\\\/\",\"url\":\"https:\\\/\\\/quesossierracrestellina.es\\\/blog\\\/wp-content\\\/uploads\\\/2020\\\/05\\\/logo-crestellina.jpg\",\"contentUrl\":\"https:\\\/\\\/quesossierracrestellina.es\\\/blog\\\/wp-content\\\/uploads\\\/2020\\\/05\\\/logo-crestellina.jpg\",\"width\":800,\"height\":800,\"caption\":\"Quesos Sierra Crestellina\"},\"image\":{\"@id\":\"https:\\\/\\\/quesossierracrestellina.es\\\/blog\\\/#\\\/schema\\\/logo\\\/image\\\/\"},\"sameAs\":[\"https:\\\/\\\/www.facebook.com\\\/quesoscrestellina.quesossierracrestellina\",\"https:\\\/\\\/www.instagram.com\\\/queseriasierracrestellina\\\/\"]},{\"@type\":\"Person\",\"@id\":\"https:\\\/\\\/quesossierracrestellina.es\\\/blog\\\/#\\\/schema\\\/person\\\/1a1635cca8df433589af815239a1f94c\",\"name\":\"Quesos Sierra Crestellina\",\"image\":{\"@type\":\"ImageObject\",\"inLanguage\":\"es\",\"@id\":\"https:\\\/\\\/secure.gravatar.com\\\/avatar\\\/77dc2c8c07c777a6507b998eff202e7127f6688a33a22df7fc6e6ce7f6b9aea9?s=96&d=mm&r=g\",\"url\":\"https:\\\/\\\/secure.gravatar.com\\\/avatar\\\/77dc2c8c07c777a6507b998eff202e7127f6688a33a22df7fc6e6ce7f6b9aea9?s=96&d=mm&r=g\",\"contentUrl\":\"https:\\\/\\\/secure.gravatar.com\\\/avatar\\\/77dc2c8c07c777a6507b998eff202e7127f6688a33a22df7fc6e6ce7f6b9aea9?s=96&d=mm&r=g\",\"caption\":\"Quesos Sierra Crestellina\"},\"sameAs\":[\"https:\\\/\\\/quesossierracrestellina.es\\\/blog\"]}]}<\/script>\n<!-- \/ Yoast SEO plugin. -->","yoast_head_json":{"title":"El futuro del caprino pasa por satisfacer las demandas de los consumidores","description":"Publicamos la entrevista que han realizado para la web OVIespa\u00f1a a Olga Gonz\u00e1lez Casquet, secretaria ejecutiva de nuestra asociacion de criadores de raza caprina payoya.","robots":{"index":"index","follow":"follow","max-snippet":"max-snippet:-1","max-image-preview":"max-image-preview:large","max-video-preview":"max-video-preview:-1"},"canonical":"https:\/\/quesossierracrestellina.es\/blog\/2018\/04\/03\/futuro-caprino-satisfacer-demandas-consumidores\/","og_locale":"es_ES","og_type":"article","og_title":"El futuro del caprino pasa por satisfacer las demandas de los consumidores","og_description":"Publicamos la entrevista que han realizado para la web OVIespa\u00f1a a Olga Gonz\u00e1lez Casquet, secretaria ejecutiva de nuestra asociacion de criadores de raza caprina payoya.","og_url":"https:\/\/quesossierracrestellina.es\/blog\/2018\/04\/03\/futuro-caprino-satisfacer-demandas-consumidores\/","og_site_name":"Crestellina","article_publisher":"https:\/\/www.facebook.com\/quesoscrestellina.quesossierracrestellina","article_published_time":"2018-04-03T21:50:35+00:00","article_modified_time":"2020-06-15T15:28:25+00:00","og_image":[{"width":855,"height":570,"url":"https:\/\/quesossierracrestellina.es\/blog\/wp-content\/uploads\/2020\/06\/cabrapayoya-ogc-f4.jpg","type":"image\/jpeg"}],"author":"Quesos Sierra Crestellina","twitter_card":"summary_large_image","twitter_misc":{"Escrito por":"Quesos Sierra Crestellina","Tiempo de lectura":"8 minutos"},"schema":{"@context":"https:\/\/schema.org","@graph":[{"@type":"Article","@id":"https:\/\/quesossierracrestellina.es\/blog\/2018\/04\/03\/futuro-caprino-satisfacer-demandas-consumidores\/#article","isPartOf":{"@id":"https:\/\/quesossierracrestellina.es\/blog\/2018\/04\/03\/futuro-caprino-satisfacer-demandas-consumidores\/"},"author":{"name":"Quesos Sierra Crestellina","@id":"https:\/\/quesossierracrestellina.es\/blog\/#\/schema\/person\/1a1635cca8df433589af815239a1f94c"},"headline":"El futuro del caprino pasa por satisfacer las demandas de los consumidores","datePublished":"2018-04-03T21:50:35+00:00","dateModified":"2020-06-15T15:28:25+00:00","mainEntityOfPage":{"@id":"https:\/\/quesossierracrestellina.es\/blog\/2018\/04\/03\/futuro-caprino-satisfacer-demandas-consumidores\/"},"wordCount":1604,"publisher":{"@id":"https:\/\/quesossierracrestellina.es\/blog\/#organization"},"image":{"@id":"https:\/\/quesossierracrestellina.es\/blog\/2018\/04\/03\/futuro-caprino-satisfacer-demandas-consumidores\/#primaryimage"},"thumbnailUrl":"https:\/\/quesossierracrestellina.es\/blog\/wp-content\/uploads\/2020\/06\/cabrapayoya-ogc-f4.jpg","keywords":["Cabra payoya"],"articleSection":["Opini\u00f3n"],"inLanguage":"es"},{"@type":"WebPage","@id":"https:\/\/quesossierracrestellina.es\/blog\/2018\/04\/03\/futuro-caprino-satisfacer-demandas-consumidores\/","url":"https:\/\/quesossierracrestellina.es\/blog\/2018\/04\/03\/futuro-caprino-satisfacer-demandas-consumidores\/","name":"El futuro del caprino pasa por satisfacer las demandas de los consumidores","isPartOf":{"@id":"https:\/\/quesossierracrestellina.es\/blog\/#website"},"primaryImageOfPage":{"@id":"https:\/\/quesossierracrestellina.es\/blog\/2018\/04\/03\/futuro-caprino-satisfacer-demandas-consumidores\/#primaryimage"},"image":{"@id":"https:\/\/quesossierracrestellina.es\/blog\/2018\/04\/03\/futuro-caprino-satisfacer-demandas-consumidores\/#primaryimage"},"thumbnailUrl":"https:\/\/quesossierracrestellina.es\/blog\/wp-content\/uploads\/2020\/06\/cabrapayoya-ogc-f4.jpg","datePublished":"2018-04-03T21:50:35+00:00","dateModified":"2020-06-15T15:28:25+00:00","description":"Publicamos la entrevista que han realizado para la web OVIespa\u00f1a a Olga Gonz\u00e1lez Casquet, secretaria ejecutiva de nuestra asociacion de criadores de raza caprina payoya.","breadcrumb":{"@id":"https:\/\/quesossierracrestellina.es\/blog\/2018\/04\/03\/futuro-caprino-satisfacer-demandas-consumidores\/#breadcrumb"},"inLanguage":"es","potentialAction":[{"@type":"ReadAction","target":["https:\/\/quesossierracrestellina.es\/blog\/2018\/04\/03\/futuro-caprino-satisfacer-demandas-consumidores\/"]}]},{"@type":"ImageObject","inLanguage":"es","@id":"https:\/\/quesossierracrestellina.es\/blog\/2018\/04\/03\/futuro-caprino-satisfacer-demandas-consumidores\/#primaryimage","url":"https:\/\/quesossierracrestellina.es\/blog\/wp-content\/uploads\/2020\/06\/cabrapayoya-ogc-f4.jpg","contentUrl":"https:\/\/quesossierracrestellina.es\/blog\/wp-content\/uploads\/2020\/06\/cabrapayoya-ogc-f4.jpg","width":855,"height":570,"caption":"Cabra payoya"},{"@type":"BreadcrumbList","@id":"https:\/\/quesossierracrestellina.es\/blog\/2018\/04\/03\/futuro-caprino-satisfacer-demandas-consumidores\/#breadcrumb","itemListElement":[{"@type":"ListItem","position":1,"name":"Portada","item":"https:\/\/quesossierracrestellina.es\/blog\/"},{"@type":"ListItem","position":2,"name":"El futuro del caprino pasa por satisfacer las demandas de los consumidores"}]},{"@type":"WebSite","@id":"https:\/\/quesossierracrestellina.es\/blog\/#website","url":"https:\/\/quesossierracrestellina.es\/blog\/","name":"Quesos Sierra Crestellina","description":"Sencillos por naturaleza","publisher":{"@id":"https:\/\/quesossierracrestellina.es\/blog\/#organization"},"potentialAction":[{"@type":"SearchAction","target":{"@type":"EntryPoint","urlTemplate":"https:\/\/quesossierracrestellina.es\/blog\/?s={search_term_string}"},"query-input":{"@type":"PropertyValueSpecification","valueRequired":true,"valueName":"search_term_string"}}],"inLanguage":"es"},{"@type":"Organization","@id":"https:\/\/quesossierracrestellina.es\/blog\/#organization","name":"Quesos Sierra Crestellina","url":"https:\/\/quesossierracrestellina.es\/blog\/","logo":{"@type":"ImageObject","inLanguage":"es","@id":"https:\/\/quesossierracrestellina.es\/blog\/#\/schema\/logo\/image\/","url":"https:\/\/quesossierracrestellina.es\/blog\/wp-content\/uploads\/2020\/05\/logo-crestellina.jpg","contentUrl":"https:\/\/quesossierracrestellina.es\/blog\/wp-content\/uploads\/2020\/05\/logo-crestellina.jpg","width":800,"height":800,"caption":"Quesos Sierra Crestellina"},"image":{"@id":"https:\/\/quesossierracrestellina.es\/blog\/#\/schema\/logo\/image\/"},"sameAs":["https:\/\/www.facebook.com\/quesoscrestellina.quesossierracrestellina","https:\/\/www.instagram.com\/queseriasierracrestellina\/"]},{"@type":"Person","@id":"https:\/\/quesossierracrestellina.es\/blog\/#\/schema\/person\/1a1635cca8df433589af815239a1f94c","name":"Quesos Sierra Crestellina","image":{"@type":"ImageObject","inLanguage":"es","@id":"https:\/\/secure.gravatar.com\/avatar\/77dc2c8c07c777a6507b998eff202e7127f6688a33a22df7fc6e6ce7f6b9aea9?s=96&d=mm&r=g","url":"https:\/\/secure.gravatar.com\/avatar\/77dc2c8c07c777a6507b998eff202e7127f6688a33a22df7fc6e6ce7f6b9aea9?s=96&d=mm&r=g","contentUrl":"https:\/\/secure.gravatar.com\/avatar\/77dc2c8c07c777a6507b998eff202e7127f6688a33a22df7fc6e6ce7f6b9aea9?s=96&d=mm&r=g","caption":"Quesos Sierra Crestellina"},"sameAs":["https:\/\/quesossierracrestellina.es\/blog"]}]}},"_links":{"self":[{"href":"https:\/\/quesossierracrestellina.es\/blog\/wp-json\/wp\/v2\/posts\/1037","targetHints":{"allow":["GET"]}}],"collection":[{"href":"https:\/\/quesossierracrestellina.es\/blog\/wp-json\/wp\/v2\/posts"}],"about":[{"href":"https:\/\/quesossierracrestellina.es\/blog\/wp-json\/wp\/v2\/types\/post"}],"author":[{"embeddable":true,"href":"https:\/\/quesossierracrestellina.es\/blog\/wp-json\/wp\/v2\/users\/1"}],"replies":[{"embeddable":true,"href":"https:\/\/quesossierracrestellina.es\/blog\/wp-json\/wp\/v2\/comments?post=1037"}],"version-history":[{"count":4,"href":"https:\/\/quesossierracrestellina.es\/blog\/wp-json\/wp\/v2\/posts\/1037\/revisions"}],"predecessor-version":[{"id":1160,"href":"https:\/\/quesossierracrestellina.es\/blog\/wp-json\/wp\/v2\/posts\/1037\/revisions\/1160"}],"wp:featuredmedia":[{"embeddable":true,"href":"https:\/\/quesossierracrestellina.es\/blog\/wp-json\/wp\/v2\/media\/1038"}],"wp:attachment":[{"href":"https:\/\/quesossierracrestellina.es\/blog\/wp-json\/wp\/v2\/media?parent=1037"}],"wp:term":[{"taxonomy":"category","embeddable":true,"href":"https:\/\/quesossierracrestellina.es\/blog\/wp-json\/wp\/v2\/categories?post=1037"},{"taxonomy":"post_tag","embeddable":true,"href":"https:\/\/quesossierracrestellina.es\/blog\/wp-json\/wp\/v2\/tags?post=1037"}],"curies":[{"name":"wp","href":"https:\/\/api.w.org\/{rel}","templated":true}]}}