{"id":1046,"date":"2016-10-02T09:57:54","date_gmt":"2016-10-02T09:57:54","guid":{"rendered":"https:\/\/quesossierracrestellina.es\/blog\/?p=1046"},"modified":"2020-06-15T15:29:58","modified_gmt":"2020-06-15T15:29:58","slug":"tiro-con-honda-istan-homenajea-pepe-ocana","status":"publish","type":"post","link":"https:\/\/quesossierracrestellina.es\/blog\/2016\/10\/02\/tiro-con-honda-istan-homenajea-pepe-ocana\/","title":{"rendered":"El Tiro con Honda de Ist\u00e1n homenajea al casare\u00f1o Pepe Oca\u00f1a"},"content":{"rendered":"<div class=\"fusion-fullwidth fullwidth-box fusion-builder-row-1 nonhundred-percent-fullwidth non-hundred-percent-height-scrolling\" style=\"--awb-border-radius-top-left:0px;--awb-border-radius-top-right:0px;--awb-border-radius-bottom-right:0px;--awb-border-radius-bottom-left:0px;--awb-flex-wrap:wrap;\" ><div class=\"fusion-builder-row fusion-row\"><div class=\"fusion-layout-column fusion_builder_column fusion-builder-column-0 fusion_builder_column_1_1 1_1 fusion-one-full fusion-column-first fusion-column-last\" style=\"--awb-bg-size:cover;\"><div class=\"fusion-column-wrapper fusion-column-has-shadow fusion-flex-column-wrapper-legacy\"><div class=\"fusion-text fusion-text-1\"><p><span class=\"fusion-dropcap dropcap dropcap-boxed\">E<\/span>l concurso de tiro con honda de Ist\u00e1n que se celebra anualmente y en el que los casare\u00f1os hemos sido participantes habituales rindi\u00f3 este a\u00f1o un homenaje a Pepe Oca\u00f1a, ganador en pasadas ediciones, otorg\u00e1ndole un premio honor\u00edfico que entreg\u00f3 el ganador de este a\u00f1o en categor\u00eda de adultos, el panocho Pedro Merch\u00e1n, y recibi\u00f3 la familia Oca\u00f1a, que tambi\u00e9n participaron en esta edici\u00f3n.<\/p>\n<p>Los ganadores de esta edici\u00f3n han sido los siguientes:<\/p>\n<p>Categor\u00eda infantil:<br \/>\n1er. Premio: Adri\u00e1n Aguilar (Ist\u00e1n)<br \/>\n2\u00ba Premio: Carlos Dom\u00ednguez (Fuengirola)<br \/>\n3er. Premio: V\u00edctor Manuel Orozco (Marbella)<\/p>\n<p>Categor\u00eda adultos:<br \/>\n1er. Premio: Pedro Merch\u00e1n (Ist\u00e1n)<br \/>\n2\u00ba Premio: Antonio Calvo (Oj\u00e9n)<br \/>\n3er. Premio: Fernando V\u00edlchez Aguilar (Almer\u00eda)<\/p>\n<\/div><div class=\"fusion-sep-clear\"><\/div><div class=\"fusion-separator fusion-full-width-sep\" style=\"margin-left: auto;margin-right: auto;margin-top:45px;width:100%;\"><\/div><div class=\"fusion-sep-clear\"><\/div><div class=\"awb-gallery-wrapper awb-gallery-wrapper-1 button-span-no\" data-limit=\"10\" data-page=\"1\"><div style=\"margin:-5px;--awb-bordersize:0px;\" class=\"fusion-gallery fusion-gallery-container fusion-grid-3 fusion-columns-total-3 fusion-gallery-layout-grid fusion-gallery-1\"><div style=\"padding:5px;\" class=\"fusion-grid-column fusion-gallery-column fusion-gallery-column-3 hover-type-zoomin\"><div class=\"fusion-gallery-image\"><a href=\"https:\/\/quesossierracrestellina.es\/blog\/wp-content\/uploads\/2020\/06\/2016-istantiroconhonda-juanocania-03b.jpg\" rel=\"noreferrer\" data-rel=\"iLightbox[gallery_image_1]\" class=\"fusion-lightbox\" target=\"_self\"><img decoding=\"async\" src=\"https:\/\/quesossierracrestellina.es\/blog\/wp-content\/uploads\/2020\/06\/2016-istantiroconhonda-juanocania-03b.jpg\" width=\"1725\" height=\"1152\" alt=\"Tiro con honda (Ist\u00e1n, 2016)\" title=\"Tiro con honda (Ist\u00e1n, 2016)\" aria-label=\"Tiro con honda (Ist\u00e1n, 2016)\" class=\"img-responsive wp-image-1050\" srcset=\"https:\/\/quesossierracrestellina.es\/blog\/wp-content\/uploads\/2020\/06\/2016-istantiroconhonda-juanocania-03b-200x134.jpg 200w, https:\/\/quesossierracrestellina.es\/blog\/wp-content\/uploads\/2020\/06\/2016-istantiroconhonda-juanocania-03b-400x267.jpg 400w, https:\/\/quesossierracrestellina.es\/blog\/wp-content\/uploads\/2020\/06\/2016-istantiroconhonda-juanocania-03b-600x401.jpg 600w, https:\/\/quesossierracrestellina.es\/blog\/wp-content\/uploads\/2020\/06\/2016-istantiroconhonda-juanocania-03b-800x534.jpg 800w, https:\/\/quesossierracrestellina.es\/blog\/wp-content\/uploads\/2020\/06\/2016-istantiroconhonda-juanocania-03b-1200x801.jpg 1200w, https:\/\/quesossierracrestellina.es\/blog\/wp-content\/uploads\/2020\/06\/2016-istantiroconhonda-juanocania-03b.jpg 1725w\" sizes=\"(min-width: 2200px) 100vw, (min-width: 824px) 387px, (min-width: 732px) 580px, (min-width: 640px) 732px, \" \/><\/a><\/div><\/div><div style=\"padding:5px;\" class=\"fusion-grid-column fusion-gallery-column fusion-gallery-column-3 hover-type-zoomin\"><div class=\"fusion-gallery-image\"><a href=\"https:\/\/quesossierracrestellina.es\/blog\/wp-content\/uploads\/2020\/06\/2016-istantiroconhonda-juanocania-01b.jpg\" rel=\"noreferrer\" data-rel=\"iLightbox[gallery_image_1]\" class=\"fusion-lightbox\" target=\"_self\"><img decoding=\"async\" src=\"https:\/\/quesossierracrestellina.es\/blog\/wp-content\/uploads\/2020\/06\/2016-istantiroconhonda-juanocania-01b.jpg\" width=\"1725\" height=\"1152\" alt=\"Tiro con honda (Ist\u00e1n, 2016)\" title=\"Tiro con honda (Ist\u00e1n, 2016)\" aria-label=\"Tiro con honda (Ist\u00e1n, 2016)\" class=\"img-responsive wp-image-1048\" srcset=\"https:\/\/quesossierracrestellina.es\/blog\/wp-content\/uploads\/2020\/06\/2016-istantiroconhonda-juanocania-01b-200x134.jpg 200w, https:\/\/quesossierracrestellina.es\/blog\/wp-content\/uploads\/2020\/06\/2016-istantiroconhonda-juanocania-01b-400x267.jpg 400w, https:\/\/quesossierracrestellina.es\/blog\/wp-content\/uploads\/2020\/06\/2016-istantiroconhonda-juanocania-01b-600x401.jpg 600w, https:\/\/quesossierracrestellina.es\/blog\/wp-content\/uploads\/2020\/06\/2016-istantiroconhonda-juanocania-01b-800x534.jpg 800w, https:\/\/quesossierracrestellina.es\/blog\/wp-content\/uploads\/2020\/06\/2016-istantiroconhonda-juanocania-01b-1200x801.jpg 1200w, https:\/\/quesossierracrestellina.es\/blog\/wp-content\/uploads\/2020\/06\/2016-istantiroconhonda-juanocania-01b.jpg 1725w\" sizes=\"(min-width: 2200px) 100vw, (min-width: 824px) 387px, (min-width: 732px) 580px, (min-width: 640px) 732px, \" \/><\/a><\/div><\/div><div style=\"padding:5px;\" class=\"fusion-grid-column fusion-gallery-column fusion-gallery-column-3 hover-type-zoomin\"><div class=\"fusion-gallery-image\"><a href=\"https:\/\/quesossierracrestellina.es\/blog\/wp-content\/uploads\/2020\/06\/2016-istantiroconhonda-juanocania-02b.jpg\" rel=\"noreferrer\" data-rel=\"iLightbox[gallery_image_1]\" class=\"fusion-lightbox\" target=\"_self\"><img decoding=\"async\" src=\"https:\/\/quesossierracrestellina.es\/blog\/wp-content\/uploads\/2020\/06\/2016-istantiroconhonda-juanocania-02b.jpg\" width=\"1725\" height=\"1152\" alt=\"Tiro con honda (Ist\u00e1n, 2016)\" title=\"Tiro con honda (Ist\u00e1n, 2016)\" aria-label=\"Tiro con honda (Ist\u00e1n, 2016)\" class=\"img-responsive wp-image-1049\" srcset=\"https:\/\/quesossierracrestellina.es\/blog\/wp-content\/uploads\/2020\/06\/2016-istantiroconhonda-juanocania-02b-200x134.jpg 200w, https:\/\/quesossierracrestellina.es\/blog\/wp-content\/uploads\/2020\/06\/2016-istantiroconhonda-juanocania-02b-400x267.jpg 400w, https:\/\/quesossierracrestellina.es\/blog\/wp-content\/uploads\/2020\/06\/2016-istantiroconhonda-juanocania-02b-600x401.jpg 600w, https:\/\/quesossierracrestellina.es\/blog\/wp-content\/uploads\/2020\/06\/2016-istantiroconhonda-juanocania-02b-800x534.jpg 800w, https:\/\/quesossierracrestellina.es\/blog\/wp-content\/uploads\/2020\/06\/2016-istantiroconhonda-juanocania-02b-1200x801.jpg 1200w, https:\/\/quesossierracrestellina.es\/blog\/wp-content\/uploads\/2020\/06\/2016-istantiroconhonda-juanocania-02b.jpg 1725w\" sizes=\"(min-width: 2200px) 100vw, (min-width: 824px) 387px, (min-width: 732px) 580px, (min-width: 640px) 732px, \" \/><\/a><\/div><\/div><div class=\"clearfix\"><\/div><\/div><\/div><div class=\"fusion-clearfix\"><\/div><\/div><\/div><\/div><\/div>\n","protected":false},"excerpt":{"rendered":"","protected":false},"author":1,"featured_media":1047,"comment_status":"closed","ping_status":"open","sticky":false,"template":"","format":"standard","meta":{"footnotes":""},"categories":[39],"tags":[49],"class_list":["post-1046","post","type-post","status-publish","format-standard","has-post-thumbnail","hentry","category-ferias","tag-tiro-con-honda"],"yoast_head":"<!-- This site is optimized with the Yoast SEO plugin v27.5 - https:\/\/yoast.com\/product\/yoast-seo-wordpress\/ -->\n<title>El Tiro con Honda de Ist\u00e1n homenajea al casare\u00f1o Pepe Oca\u00f1a<\/title>\n<meta name=\"description\" content=\"El concurso de tiro con honda de Ist\u00e1n que se celebra anualmente y en el que los casare\u00f1os hemos sido participantes habituales rindi\u00f3 este a\u00f1o un homenaje a Pepe Oca\u00f1a, ganador en pasadas ediciones\" \/>\n<meta name=\"robots\" content=\"index, follow, max-snippet:-1, max-image-preview:large, max-video-preview:-1\" \/>\n<link rel=\"canonical\" href=\"https:\/\/quesossierracrestellina.es\/blog\/2016\/10\/02\/tiro-con-honda-istan-homenajea-pepe-ocana\/\" \/>\n<meta property=\"og:locale\" content=\"es_ES\" \/>\n<meta property=\"og:type\" content=\"article\" \/>\n<meta property=\"og:title\" content=\"El Tiro con Honda de Ist\u00e1n homenajea al casare\u00f1o Pepe Oca\u00f1a\" \/>\n<meta property=\"og:description\" content=\"El concurso de tiro con honda de Ist\u00e1n que se celebra anualmente y en el que los casare\u00f1os hemos sido participantes habituales rindi\u00f3 este a\u00f1o un homenaje a Pepe Oca\u00f1a, ganador en pasadas ediciones\" \/>\n<meta property=\"og:url\" content=\"https:\/\/quesossierracrestellina.es\/blog\/2016\/10\/02\/tiro-con-honda-istan-homenajea-pepe-ocana\/\" \/>\n<meta property=\"og:site_name\" content=\"Crestellina\" \/>\n<meta property=\"article:publisher\" content=\"https:\/\/www.facebook.com\/quesoscrestellina.quesossierracrestellina\" \/>\n<meta property=\"article:published_time\" content=\"2016-10-02T09:57:54+00:00\" \/>\n<meta property=\"article:modified_time\" content=\"2020-06-15T15:29:58+00:00\" \/>\n<meta property=\"og:image\" content=\"https:\/\/quesossierracrestellina.es\/blog\/wp-content\/uploads\/2020\/06\/2016-istantiroconhonda-juanocania-04.jpg\" \/>\n\t<meta property=\"og:image:width\" content=\"960\" \/>\n\t<meta property=\"og:image:height\" content=\"641\" \/>\n\t<meta property=\"og:image:type\" content=\"image\/jpeg\" \/>\n<meta name=\"author\" content=\"Quesos Sierra Crestellina\" \/>\n<meta name=\"twitter:card\" content=\"summary_large_image\" \/>\n<meta name=\"twitter:label1\" content=\"Escrito por\" \/>\n\t<meta name=\"twitter:data1\" content=\"Quesos Sierra Crestellina\" \/>\n\t<meta name=\"twitter:label2\" content=\"Tiempo de lectura\" \/>\n\t<meta name=\"twitter:data2\" content=\"3 minutos\" \/>\n<script type=\"application\/ld+json\" class=\"yoast-schema-graph\">{\"@context\":\"https:\\\/\\\/schema.org\",\"@graph\":[{\"@type\":\"Article\",\"@id\":\"https:\\\/\\\/quesossierracrestellina.es\\\/blog\\\/2016\\\/10\\\/02\\\/tiro-con-honda-istan-homenajea-pepe-ocana\\\/#article\",\"isPartOf\":{\"@id\":\"https:\\\/\\\/quesossierracrestellina.es\\\/blog\\\/2016\\\/10\\\/02\\\/tiro-con-honda-istan-homenajea-pepe-ocana\\\/\"},\"author\":{\"name\":\"Quesos Sierra Crestellina\",\"@id\":\"https:\\\/\\\/quesossierracrestellina.es\\\/blog\\\/#\\\/schema\\\/person\\\/1a1635cca8df433589af815239a1f94c\"},\"headline\":\"El Tiro con Honda de Ist\u00e1n homenajea al casare\u00f1o Pepe Oca\u00f1a\",\"datePublished\":\"2016-10-02T09:57:54+00:00\",\"dateModified\":\"2020-06-15T15:29:58+00:00\",\"mainEntityOfPage\":{\"@id\":\"https:\\\/\\\/quesossierracrestellina.es\\\/blog\\\/2016\\\/10\\\/02\\\/tiro-con-honda-istan-homenajea-pepe-ocana\\\/\"},\"wordCount\":664,\"publisher\":{\"@id\":\"https:\\\/\\\/quesossierracrestellina.es\\\/blog\\\/#organization\"},\"image\":{\"@id\":\"https:\\\/\\\/quesossierracrestellina.es\\\/blog\\\/2016\\\/10\\\/02\\\/tiro-con-honda-istan-homenajea-pepe-ocana\\\/#primaryimage\"},\"thumbnailUrl\":\"https:\\\/\\\/quesossierracrestellina.es\\\/blog\\\/wp-content\\\/uploads\\\/2020\\\/06\\\/2016-istantiroconhonda-juanocania-04.jpg\",\"keywords\":[\"Tiro con honda\"],\"articleSection\":[\"Ferias\"],\"inLanguage\":\"es\"},{\"@type\":\"WebPage\",\"@id\":\"https:\\\/\\\/quesossierracrestellina.es\\\/blog\\\/2016\\\/10\\\/02\\\/tiro-con-honda-istan-homenajea-pepe-ocana\\\/\",\"url\":\"https:\\\/\\\/quesossierracrestellina.es\\\/blog\\\/2016\\\/10\\\/02\\\/tiro-con-honda-istan-homenajea-pepe-ocana\\\/\",\"name\":\"El Tiro con Honda de Ist\u00e1n homenajea al casare\u00f1o Pepe Oca\u00f1a\",\"isPartOf\":{\"@id\":\"https:\\\/\\\/quesossierracrestellina.es\\\/blog\\\/#website\"},\"primaryImageOfPage\":{\"@id\":\"https:\\\/\\\/quesossierracrestellina.es\\\/blog\\\/2016\\\/10\\\/02\\\/tiro-con-honda-istan-homenajea-pepe-ocana\\\/#primaryimage\"},\"image\":{\"@id\":\"https:\\\/\\\/quesossierracrestellina.es\\\/blog\\\/2016\\\/10\\\/02\\\/tiro-con-honda-istan-homenajea-pepe-ocana\\\/#primaryimage\"},\"thumbnailUrl\":\"https:\\\/\\\/quesossierracrestellina.es\\\/blog\\\/wp-content\\\/uploads\\\/2020\\\/06\\\/2016-istantiroconhonda-juanocania-04.jpg\",\"datePublished\":\"2016-10-02T09:57:54+00:00\",\"dateModified\":\"2020-06-15T15:29:58+00:00\",\"description\":\"El concurso de tiro con honda de Ist\u00e1n que se celebra anualmente y en el que los casare\u00f1os hemos sido participantes habituales rindi\u00f3 este a\u00f1o un homenaje a Pepe Oca\u00f1a, ganador en pasadas ediciones\",\"breadcrumb\":{\"@id\":\"https:\\\/\\\/quesossierracrestellina.es\\\/blog\\\/2016\\\/10\\\/02\\\/tiro-con-honda-istan-homenajea-pepe-ocana\\\/#breadcrumb\"},\"inLanguage\":\"es\",\"potentialAction\":[{\"@type\":\"ReadAction\",\"target\":[\"https:\\\/\\\/quesossierracrestellina.es\\\/blog\\\/2016\\\/10\\\/02\\\/tiro-con-honda-istan-homenajea-pepe-ocana\\\/\"]}]},{\"@type\":\"ImageObject\",\"inLanguage\":\"es\",\"@id\":\"https:\\\/\\\/quesossierracrestellina.es\\\/blog\\\/2016\\\/10\\\/02\\\/tiro-con-honda-istan-homenajea-pepe-ocana\\\/#primaryimage\",\"url\":\"https:\\\/\\\/quesossierracrestellina.es\\\/blog\\\/wp-content\\\/uploads\\\/2020\\\/06\\\/2016-istantiroconhonda-juanocania-04.jpg\",\"contentUrl\":\"https:\\\/\\\/quesossierracrestellina.es\\\/blog\\\/wp-content\\\/uploads\\\/2020\\\/06\\\/2016-istantiroconhonda-juanocania-04.jpg\",\"width\":960,\"height\":641,\"caption\":\"Tiro con honda (Ist\u00e1n, 2016)\"},{\"@type\":\"BreadcrumbList\",\"@id\":\"https:\\\/\\\/quesossierracrestellina.es\\\/blog\\\/2016\\\/10\\\/02\\\/tiro-con-honda-istan-homenajea-pepe-ocana\\\/#breadcrumb\",\"itemListElement\":[{\"@type\":\"ListItem\",\"position\":1,\"name\":\"Portada\",\"item\":\"https:\\\/\\\/quesossierracrestellina.es\\\/blog\\\/\"},{\"@type\":\"ListItem\",\"position\":2,\"name\":\"El Tiro con Honda de Ist\u00e1n homenajea al casare\u00f1o Pepe Oca\u00f1a\"}]},{\"@type\":\"WebSite\",\"@id\":\"https:\\\/\\\/quesossierracrestellina.es\\\/blog\\\/#website\",\"url\":\"https:\\\/\\\/quesossierracrestellina.es\\\/blog\\\/\",\"name\":\"Quesos Sierra Crestellina\",\"description\":\"Sencillos por naturaleza\",\"publisher\":{\"@id\":\"https:\\\/\\\/quesossierracrestellina.es\\\/blog\\\/#organization\"},\"potentialAction\":[{\"@type\":\"SearchAction\",\"target\":{\"@type\":\"EntryPoint\",\"urlTemplate\":\"https:\\\/\\\/quesossierracrestellina.es\\\/blog\\\/?s={search_term_string}\"},\"query-input\":{\"@type\":\"PropertyValueSpecification\",\"valueRequired\":true,\"valueName\":\"search_term_string\"}}],\"inLanguage\":\"es\"},{\"@type\":\"Organization\",\"@id\":\"https:\\\/\\\/quesossierracrestellina.es\\\/blog\\\/#organization\",\"name\":\"Quesos Sierra Crestellina\",\"url\":\"https:\\\/\\\/quesossierracrestellina.es\\\/blog\\\/\",\"logo\":{\"@type\":\"ImageObject\",\"inLanguage\":\"es\",\"@id\":\"https:\\\/\\\/quesossierracrestellina.es\\\/blog\\\/#\\\/schema\\\/logo\\\/image\\\/\",\"url\":\"https:\\\/\\\/quesossierracrestellina.es\\\/blog\\\/wp-content\\\/uploads\\\/2020\\\/05\\\/logo-crestellina.jpg\",\"contentUrl\":\"https:\\\/\\\/quesossierracrestellina.es\\\/blog\\\/wp-content\\\/uploads\\\/2020\\\/05\\\/logo-crestellina.jpg\",\"width\":800,\"height\":800,\"caption\":\"Quesos Sierra Crestellina\"},\"image\":{\"@id\":\"https:\\\/\\\/quesossierracrestellina.es\\\/blog\\\/#\\\/schema\\\/logo\\\/image\\\/\"},\"sameAs\":[\"https:\\\/\\\/www.facebook.com\\\/quesoscrestellina.quesossierracrestellina\",\"https:\\\/\\\/www.instagram.com\\\/queseriasierracrestellina\\\/\"]},{\"@type\":\"Person\",\"@id\":\"https:\\\/\\\/quesossierracrestellina.es\\\/blog\\\/#\\\/schema\\\/person\\\/1a1635cca8df433589af815239a1f94c\",\"name\":\"Quesos Sierra Crestellina\",\"image\":{\"@type\":\"ImageObject\",\"inLanguage\":\"es\",\"@id\":\"https:\\\/\\\/secure.gravatar.com\\\/avatar\\\/77dc2c8c07c777a6507b998eff202e7127f6688a33a22df7fc6e6ce7f6b9aea9?s=96&d=mm&r=g\",\"url\":\"https:\\\/\\\/secure.gravatar.com\\\/avatar\\\/77dc2c8c07c777a6507b998eff202e7127f6688a33a22df7fc6e6ce7f6b9aea9?s=96&d=mm&r=g\",\"contentUrl\":\"https:\\\/\\\/secure.gravatar.com\\\/avatar\\\/77dc2c8c07c777a6507b998eff202e7127f6688a33a22df7fc6e6ce7f6b9aea9?s=96&d=mm&r=g\",\"caption\":\"Quesos Sierra Crestellina\"},\"sameAs\":[\"https:\\\/\\\/quesossierracrestellina.es\\\/blog\"]}]}<\/script>\n<!-- \/ Yoast SEO plugin. -->","yoast_head_json":{"title":"El Tiro con Honda de Ist\u00e1n homenajea al casare\u00f1o Pepe Oca\u00f1a","description":"El concurso de tiro con honda de Ist\u00e1n que se celebra anualmente y en el que los casare\u00f1os hemos sido participantes habituales rindi\u00f3 este a\u00f1o un homenaje a Pepe Oca\u00f1a, ganador en pasadas ediciones","robots":{"index":"index","follow":"follow","max-snippet":"max-snippet:-1","max-image-preview":"max-image-preview:large","max-video-preview":"max-video-preview:-1"},"canonical":"https:\/\/quesossierracrestellina.es\/blog\/2016\/10\/02\/tiro-con-honda-istan-homenajea-pepe-ocana\/","og_locale":"es_ES","og_type":"article","og_title":"El Tiro con Honda de Ist\u00e1n homenajea al casare\u00f1o Pepe Oca\u00f1a","og_description":"El concurso de tiro con honda de Ist\u00e1n que se celebra anualmente y en el que los casare\u00f1os hemos sido participantes habituales rindi\u00f3 este a\u00f1o un homenaje a Pepe Oca\u00f1a, ganador en pasadas ediciones","og_url":"https:\/\/quesossierracrestellina.es\/blog\/2016\/10\/02\/tiro-con-honda-istan-homenajea-pepe-ocana\/","og_site_name":"Crestellina","article_publisher":"https:\/\/www.facebook.com\/quesoscrestellina.quesossierracrestellina","article_published_time":"2016-10-02T09:57:54+00:00","article_modified_time":"2020-06-15T15:29:58+00:00","og_image":[{"width":960,"height":641,"url":"https:\/\/quesossierracrestellina.es\/blog\/wp-content\/uploads\/2020\/06\/2016-istantiroconhonda-juanocania-04.jpg","type":"image\/jpeg"}],"author":"Quesos Sierra Crestellina","twitter_card":"summary_large_image","twitter_misc":{"Escrito por":"Quesos Sierra Crestellina","Tiempo de lectura":"3 minutos"},"schema":{"@context":"https:\/\/schema.org","@graph":[{"@type":"Article","@id":"https:\/\/quesossierracrestellina.es\/blog\/2016\/10\/02\/tiro-con-honda-istan-homenajea-pepe-ocana\/#article","isPartOf":{"@id":"https:\/\/quesossierracrestellina.es\/blog\/2016\/10\/02\/tiro-con-honda-istan-homenajea-pepe-ocana\/"},"author":{"name":"Quesos Sierra Crestellina","@id":"https:\/\/quesossierracrestellina.es\/blog\/#\/schema\/person\/1a1635cca8df433589af815239a1f94c"},"headline":"El Tiro con Honda de Ist\u00e1n homenajea al casare\u00f1o Pepe Oca\u00f1a","datePublished":"2016-10-02T09:57:54+00:00","dateModified":"2020-06-15T15:29:58+00:00","mainEntityOfPage":{"@id":"https:\/\/quesossierracrestellina.es\/blog\/2016\/10\/02\/tiro-con-honda-istan-homenajea-pepe-ocana\/"},"wordCount":664,"publisher":{"@id":"https:\/\/quesossierracrestellina.es\/blog\/#organization"},"image":{"@id":"https:\/\/quesossierracrestellina.es\/blog\/2016\/10\/02\/tiro-con-honda-istan-homenajea-pepe-ocana\/#primaryimage"},"thumbnailUrl":"https:\/\/quesossierracrestellina.es\/blog\/wp-content\/uploads\/2020\/06\/2016-istantiroconhonda-juanocania-04.jpg","keywords":["Tiro con honda"],"articleSection":["Ferias"],"inLanguage":"es"},{"@type":"WebPage","@id":"https:\/\/quesossierracrestellina.es\/blog\/2016\/10\/02\/tiro-con-honda-istan-homenajea-pepe-ocana\/","url":"https:\/\/quesossierracrestellina.es\/blog\/2016\/10\/02\/tiro-con-honda-istan-homenajea-pepe-ocana\/","name":"El Tiro con Honda de Ist\u00e1n homenajea al casare\u00f1o Pepe Oca\u00f1a","isPartOf":{"@id":"https:\/\/quesossierracrestellina.es\/blog\/#website"},"primaryImageOfPage":{"@id":"https:\/\/quesossierracrestellina.es\/blog\/2016\/10\/02\/tiro-con-honda-istan-homenajea-pepe-ocana\/#primaryimage"},"image":{"@id":"https:\/\/quesossierracrestellina.es\/blog\/2016\/10\/02\/tiro-con-honda-istan-homenajea-pepe-ocana\/#primaryimage"},"thumbnailUrl":"https:\/\/quesossierracrestellina.es\/blog\/wp-content\/uploads\/2020\/06\/2016-istantiroconhonda-juanocania-04.jpg","datePublished":"2016-10-02T09:57:54+00:00","dateModified":"2020-06-15T15:29:58+00:00","description":"El concurso de tiro con honda de Ist\u00e1n que se celebra anualmente y en el que los casare\u00f1os hemos sido participantes habituales rindi\u00f3 este a\u00f1o un homenaje a Pepe Oca\u00f1a, ganador en pasadas ediciones","breadcrumb":{"@id":"https:\/\/quesossierracrestellina.es\/blog\/2016\/10\/02\/tiro-con-honda-istan-homenajea-pepe-ocana\/#breadcrumb"},"inLanguage":"es","potentialAction":[{"@type":"ReadAction","target":["https:\/\/quesossierracrestellina.es\/blog\/2016\/10\/02\/tiro-con-honda-istan-homenajea-pepe-ocana\/"]}]},{"@type":"ImageObject","inLanguage":"es","@id":"https:\/\/quesossierracrestellina.es\/blog\/2016\/10\/02\/tiro-con-honda-istan-homenajea-pepe-ocana\/#primaryimage","url":"https:\/\/quesossierracrestellina.es\/blog\/wp-content\/uploads\/2020\/06\/2016-istantiroconhonda-juanocania-04.jpg","contentUrl":"https:\/\/quesossierracrestellina.es\/blog\/wp-content\/uploads\/2020\/06\/2016-istantiroconhonda-juanocania-04.jpg","width":960,"height":641,"caption":"Tiro con honda (Ist\u00e1n, 2016)"},{"@type":"BreadcrumbList","@id":"https:\/\/quesossierracrestellina.es\/blog\/2016\/10\/02\/tiro-con-honda-istan-homenajea-pepe-ocana\/#breadcrumb","itemListElement":[{"@type":"ListItem","position":1,"name":"Portada","item":"https:\/\/quesossierracrestellina.es\/blog\/"},{"@type":"ListItem","position":2,"name":"El Tiro con Honda de Ist\u00e1n homenajea al casare\u00f1o Pepe Oca\u00f1a"}]},{"@type":"WebSite","@id":"https:\/\/quesossierracrestellina.es\/blog\/#website","url":"https:\/\/quesossierracrestellina.es\/blog\/","name":"Quesos Sierra Crestellina","description":"Sencillos por naturaleza","publisher":{"@id":"https:\/\/quesossierracrestellina.es\/blog\/#organization"},"potentialAction":[{"@type":"SearchAction","target":{"@type":"EntryPoint","urlTemplate":"https:\/\/quesossierracrestellina.es\/blog\/?s={search_term_string}"},"query-input":{"@type":"PropertyValueSpecification","valueRequired":true,"valueName":"search_term_string"}}],"inLanguage":"es"},{"@type":"Organization","@id":"https:\/\/quesossierracrestellina.es\/blog\/#organization","name":"Quesos Sierra Crestellina","url":"https:\/\/quesossierracrestellina.es\/blog\/","logo":{"@type":"ImageObject","inLanguage":"es","@id":"https:\/\/quesossierracrestellina.es\/blog\/#\/schema\/logo\/image\/","url":"https:\/\/quesossierracrestellina.es\/blog\/wp-content\/uploads\/2020\/05\/logo-crestellina.jpg","contentUrl":"https:\/\/quesossierracrestellina.es\/blog\/wp-content\/uploads\/2020\/05\/logo-crestellina.jpg","width":800,"height":800,"caption":"Quesos Sierra Crestellina"},"image":{"@id":"https:\/\/quesossierracrestellina.es\/blog\/#\/schema\/logo\/image\/"},"sameAs":["https:\/\/www.facebook.com\/quesoscrestellina.quesossierracrestellina","https:\/\/www.instagram.com\/queseriasierracrestellina\/"]},{"@type":"Person","@id":"https:\/\/quesossierracrestellina.es\/blog\/#\/schema\/person\/1a1635cca8df433589af815239a1f94c","name":"Quesos Sierra Crestellina","image":{"@type":"ImageObject","inLanguage":"es","@id":"https:\/\/secure.gravatar.com\/avatar\/77dc2c8c07c777a6507b998eff202e7127f6688a33a22df7fc6e6ce7f6b9aea9?s=96&d=mm&r=g","url":"https:\/\/secure.gravatar.com\/avatar\/77dc2c8c07c777a6507b998eff202e7127f6688a33a22df7fc6e6ce7f6b9aea9?s=96&d=mm&r=g","contentUrl":"https:\/\/secure.gravatar.com\/avatar\/77dc2c8c07c777a6507b998eff202e7127f6688a33a22df7fc6e6ce7f6b9aea9?s=96&d=mm&r=g","caption":"Quesos Sierra Crestellina"},"sameAs":["https:\/\/quesossierracrestellina.es\/blog"]}]}},"_links":{"self":[{"href":"https:\/\/quesossierracrestellina.es\/blog\/wp-json\/wp\/v2\/posts\/1046","targetHints":{"allow":["GET"]}}],"collection":[{"href":"https:\/\/quesossierracrestellina.es\/blog\/wp-json\/wp\/v2\/posts"}],"about":[{"href":"https:\/\/quesossierracrestellina.es\/blog\/wp-json\/wp\/v2\/types\/post"}],"author":[{"embeddable":true,"href":"https:\/\/quesossierracrestellina.es\/blog\/wp-json\/wp\/v2\/users\/1"}],"replies":[{"embeddable":true,"href":"https:\/\/quesossierracrestellina.es\/blog\/wp-json\/wp\/v2\/comments?post=1046"}],"version-history":[{"count":3,"href":"https:\/\/quesossierracrestellina.es\/blog\/wp-json\/wp\/v2\/posts\/1046\/revisions"}],"predecessor-version":[{"id":1164,"href":"https:\/\/quesossierracrestellina.es\/blog\/wp-json\/wp\/v2\/posts\/1046\/revisions\/1164"}],"wp:featuredmedia":[{"embeddable":true,"href":"https:\/\/quesossierracrestellina.es\/blog\/wp-json\/wp\/v2\/media\/1047"}],"wp:attachment":[{"href":"https:\/\/quesossierracrestellina.es\/blog\/wp-json\/wp\/v2\/media?parent=1046"}],"wp:term":[{"taxonomy":"category","embeddable":true,"href":"https:\/\/quesossierracrestellina.es\/blog\/wp-json\/wp\/v2\/categories?post=1046"},{"taxonomy":"post_tag","embeddable":true,"href":"https:\/\/quesossierracrestellina.es\/blog\/wp-json\/wp\/v2\/tags?post=1046"}],"curies":[{"name":"wp","href":"https:\/\/api.w.org\/{rel}","templated":true}]}}