{"id":1202,"date":"2013-12-28T16:54:20","date_gmt":"2013-12-28T16:54:20","guid":{"rendered":"https:\/\/quesossierracrestellina.es\/blog\/?p=1202"},"modified":"2020-06-17T08:32:32","modified_gmt":"2020-06-17T08:32:32","slug":"talleres-elaboracion-quesos-2013","status":"publish","type":"post","link":"https:\/\/quesossierracrestellina.es\/blog\/2013\/12\/28\/talleres-elaboracion-quesos-2013\/","title":{"rendered":"Talleres de elaboraci\u00f3n de quesos 2013"},"content":{"rendered":"<div class=\"fusion-fullwidth fullwidth-box fusion-builder-row-1 nonhundred-percent-fullwidth non-hundred-percent-height-scrolling\" style=\"--awb-border-radius-top-left:0px;--awb-border-radius-top-right:0px;--awb-border-radius-bottom-right:0px;--awb-border-radius-bottom-left:0px;--awb-flex-wrap:wrap;\" ><div class=\"fusion-builder-row fusion-row\"><div class=\"fusion-layout-column fusion_builder_column fusion-builder-column-0 fusion_builder_column_1_1 1_1 fusion-one-full fusion-column-first fusion-column-last\" style=\"--awb-bg-size:cover;\"><div class=\"fusion-column-wrapper fusion-column-has-shadow fusion-flex-column-wrapper-legacy\"><div class=\"fusion-text fusion-text-1\"><p><span class=\"fusion-dropcap dropcap dropcap-boxed\">E<\/span>n noviembre de 2012 comenzamos en colaboraci\u00f3n con nuestro amigo y veterinario Luis C\u00f3rdoba, con la realizaci\u00f3n de talleres y las visitas a nuestra granja, con el objetivo de dar a conocer la raza de cabra payoya, su modo de alimentaci\u00f3n en r\u00e9gimen extensivo y la elaboraci\u00f3n artesanal de queso en nuestras instalaciones.<\/p>\n<h3>Taller de elaboraci\u00f3n de queso<\/h3>\n<p>La visita a la granja y la realizaci\u00f3n del taller de elaboraci\u00f3n de queso es una actividad completa que abarca todo un proceso sostenible y artesano que finaliza en la degustaci\u00f3n de queso. Empezamos describiendo el entorno natural donde nos ubicamos, nuestra ganader\u00eda de cabra payoya y su pastoreo, explicando la importancia de su gesti\u00f3n en r\u00e9gimen extensivo, aliment\u00e1ndose de los pastos de la Sierra Crestellina. Continuamos visitando la granja para familiarizarnos con el proceso de orde\u00f1o de los animales. Despu\u00e9s describimos los tipos de productos que elaboramos a partir de la leche de cabra. A continuaci\u00f3n cada participante fabrica su propio queso fresco a partir de la leche reci\u00e9n orde\u00f1ada. La actividad finaliza con una degustaci\u00f3n de quesos, que tendr\u00e1n un gusto especial para los participantes despu\u00e9s de haber comprendido la relaci\u00f3n entre su sabor, el entorno donde se elabora y su proceso de producci\u00f3n.<\/p>\n<\/div><div class=\"fusion-sep-clear\"><\/div><div class=\"fusion-separator fusion-full-width-sep\" style=\"margin-left: auto;margin-right: auto;margin-top:25px;width:100%;\"><\/div><div class=\"fusion-sep-clear\"><\/div><div class=\"fusion-button-wrapper fusion-aligncenter\"><a class=\"fusion-button button-flat button-large button-default fusion-button-default button-1 fusion-button-default-span fusion-button-default-type\" target=\"_self\" href=\"https:\/\/quesossierracrestellina.es\/blog\/reservas\/\"><span class=\"fusion-button-text awb-button__text awb-button__text--default\">Vis\u00edtanos<\/span><\/a><\/div><div class=\"fusion-sep-clear\"><\/div><div class=\"fusion-separator fusion-full-width-sep\" style=\"margin-left: auto;margin-right: auto;margin-top:45px;width:100%;\"><\/div><div class=\"fusion-sep-clear\"><\/div><div class=\"awb-gallery-wrapper awb-gallery-wrapper-1 button-span-no\" data-limit=\"10\" data-page=\"1\"><div style=\"margin:-5px;--awb-bordersize:0px;\" class=\"fusion-gallery fusion-gallery-container fusion-grid-3 fusion-columns-total-7 fusion-gallery-layout-grid fusion-gallery-1\"><div style=\"padding:5px;\" class=\"fusion-grid-column fusion-gallery-column fusion-gallery-column-3 hover-type-none\"><div class=\"fusion-gallery-image\"><a href=\"https:\/\/quesossierracrestellina.es\/blog\/wp-content\/uploads\/2020\/06\/20131228-taller.jpg\" rel=\"noreferrer\" data-rel=\"iLightbox[gallery_image_1]\" class=\"fusion-lightbox\" target=\"_self\"><img decoding=\"async\" src=\"https:\/\/quesossierracrestellina.es\/blog\/wp-content\/uploads\/2020\/06\/20131228-taller.jpg\" width=\"1433\" height=\"2000\" alt=\"Taller de elaboraci\u00f3n de quesos (diciembre de 2013)\" title=\"Taller de elaboraci\u00f3n de quesos (diciembre de 2013)\" aria-label=\"Taller de elaboraci\u00f3n de quesos (diciembre de 2013)\" class=\"img-responsive wp-image-1138\" srcset=\"https:\/\/quesossierracrestellina.es\/blog\/wp-content\/uploads\/2020\/06\/20131228-taller-200x279.jpg 200w, https:\/\/quesossierracrestellina.es\/blog\/wp-content\/uploads\/2020\/06\/20131228-taller-400x558.jpg 400w, https:\/\/quesossierracrestellina.es\/blog\/wp-content\/uploads\/2020\/06\/20131228-taller-600x837.jpg 600w, https:\/\/quesossierracrestellina.es\/blog\/wp-content\/uploads\/2020\/06\/20131228-taller-800x1117.jpg 800w, https:\/\/quesossierracrestellina.es\/blog\/wp-content\/uploads\/2020\/06\/20131228-taller-1200x1675.jpg 1200w, https:\/\/quesossierracrestellina.es\/blog\/wp-content\/uploads\/2020\/06\/20131228-taller.jpg 1433w\" sizes=\"(min-width: 2200px) 100vw, (min-width: 824px) 387px, (min-width: 732px) 580px, (min-width: 640px) 732px, \" \/><\/a><\/div><\/div><div style=\"padding:5px;\" class=\"fusion-grid-column fusion-gallery-column fusion-gallery-column-3 hover-type-none\"><div class=\"fusion-gallery-image\"><a href=\"https:\/\/quesossierracrestellina.es\/blog\/wp-content\/uploads\/2013\/12\/20131130-taller.jpg\" rel=\"noreferrer\" data-rel=\"iLightbox[gallery_image_1]\" class=\"fusion-lightbox\" target=\"_self\"><img decoding=\"async\" src=\"https:\/\/quesossierracrestellina.es\/blog\/wp-content\/uploads\/2013\/12\/20131130-taller.jpg\" width=\"990\" height=\"1400\" alt=\"Taller de elaboraci\u00f3n de quesos (noviembre de 2013)\" title=\"Taller de elaboraci\u00f3n de quesos (noviembre de 2013)\" aria-label=\"Taller de elaboraci\u00f3n de quesos (noviembre de 2013)\" class=\"img-responsive wp-image-1267\" srcset=\"https:\/\/quesossierracrestellina.es\/blog\/wp-content\/uploads\/2013\/12\/20131130-taller-200x283.jpg 200w, https:\/\/quesossierracrestellina.es\/blog\/wp-content\/uploads\/2013\/12\/20131130-taller-400x566.jpg 400w, https:\/\/quesossierracrestellina.es\/blog\/wp-content\/uploads\/2013\/12\/20131130-taller-600x848.jpg 600w, https:\/\/quesossierracrestellina.es\/blog\/wp-content\/uploads\/2013\/12\/20131130-taller-800x1131.jpg 800w, https:\/\/quesossierracrestellina.es\/blog\/wp-content\/uploads\/2013\/12\/20131130-taller.jpg 990w\" sizes=\"(min-width: 2200px) 100vw, (min-width: 824px) 387px, (min-width: 732px) 580px, (min-width: 640px) 732px, \" \/><\/a><\/div><\/div><div style=\"padding:5px;\" class=\"fusion-grid-column fusion-gallery-column fusion-gallery-column-3 hover-type-none\"><div class=\"fusion-gallery-image\"><a href=\"https:\/\/quesossierracrestellina.es\/blog\/wp-content\/uploads\/2020\/06\/20130713-tiroconhonda.jpg\" rel=\"noreferrer\" data-rel=\"iLightbox[gallery_image_1]\" class=\"fusion-lightbox\" target=\"_self\"><img decoding=\"async\" src=\"https:\/\/quesossierracrestellina.es\/blog\/wp-content\/uploads\/2020\/06\/20130713-tiroconhonda.jpg\" width=\"1441\" height=\"2000\" alt=\"Taller de tiro con honda, Casares (julio de 2013\" title=\"Taller de tiro con honda, Casares (julio de 2013)\" aria-label=\"Taller de tiro con honda, Casares (julio de 2013)\" class=\"img-responsive wp-image-1137\" srcset=\"https:\/\/quesossierracrestellina.es\/blog\/wp-content\/uploads\/2020\/06\/20130713-tiroconhonda-200x278.jpg 200w, https:\/\/quesossierracrestellina.es\/blog\/wp-content\/uploads\/2020\/06\/20130713-tiroconhonda-400x555.jpg 400w, https:\/\/quesossierracrestellina.es\/blog\/wp-content\/uploads\/2020\/06\/20130713-tiroconhonda-600x833.jpg 600w, https:\/\/quesossierracrestellina.es\/blog\/wp-content\/uploads\/2020\/06\/20130713-tiroconhonda-800x1110.jpg 800w, https:\/\/quesossierracrestellina.es\/blog\/wp-content\/uploads\/2020\/06\/20130713-tiroconhonda-1200x1666.jpg 1200w, https:\/\/quesossierracrestellina.es\/blog\/wp-content\/uploads\/2020\/06\/20130713-tiroconhonda.jpg 1441w\" sizes=\"(min-width: 2200px) 100vw, (min-width: 824px) 387px, (min-width: 732px) 580px, (min-width: 640px) 732px, \" \/><\/a><\/div><\/div><div class=\"clearfix\"><\/div><div style=\"padding:5px;\" class=\"fusion-grid-column fusion-gallery-column fusion-gallery-column-3 hover-type-none\"><div class=\"fusion-gallery-image\"><a href=\"https:\/\/quesossierracrestellina.es\/blog\/wp-content\/uploads\/2020\/06\/20130713-taller.jpg\" rel=\"noreferrer\" data-rel=\"iLightbox[gallery_image_1]\" class=\"fusion-lightbox\" target=\"_self\"><img decoding=\"async\" src=\"https:\/\/quesossierracrestellina.es\/blog\/wp-content\/uploads\/2020\/06\/20130713-taller.jpg\" width=\"1414\" height=\"2000\" alt=\"Taller de elaboraci\u00f3n de quesos (julio de 2013\" title=\"Taller de elaboraci\u00f3n de quesos (julio de 2013\" aria-label=\"Taller de elaboraci\u00f3n de quesos (julio de 2013\" class=\"img-responsive wp-image-1136\" srcset=\"https:\/\/quesossierracrestellina.es\/blog\/wp-content\/uploads\/2020\/06\/20130713-taller-200x283.jpg 200w, https:\/\/quesossierracrestellina.es\/blog\/wp-content\/uploads\/2020\/06\/20130713-taller-400x566.jpg 400w, https:\/\/quesossierracrestellina.es\/blog\/wp-content\/uploads\/2020\/06\/20130713-taller-600x849.jpg 600w, https:\/\/quesossierracrestellina.es\/blog\/wp-content\/uploads\/2020\/06\/20130713-taller-800x1132.jpg 800w, https:\/\/quesossierracrestellina.es\/blog\/wp-content\/uploads\/2020\/06\/20130713-taller-1200x1697.jpg 1200w, https:\/\/quesossierracrestellina.es\/blog\/wp-content\/uploads\/2020\/06\/20130713-taller.jpg 1414w\" sizes=\"(min-width: 2200px) 100vw, (min-width: 824px) 387px, (min-width: 732px) 580px, (min-width: 640px) 732px, \" \/><\/a><\/div><\/div><div style=\"padding:5px;\" class=\"fusion-grid-column fusion-gallery-column fusion-gallery-column-3 hover-type-none\"><div class=\"fusion-gallery-image\"><a href=\"https:\/\/quesossierracrestellina.es\/blog\/wp-content\/uploads\/2020\/06\/20130518-taller.jpg\" rel=\"noreferrer\" data-rel=\"iLightbox[gallery_image_1]\" class=\"fusion-lightbox\" target=\"_self\"><img decoding=\"async\" src=\"https:\/\/quesossierracrestellina.es\/blog\/wp-content\/uploads\/2020\/06\/20130518-taller.jpg\" width=\"1414\" height=\"2000\" alt=\"Taller de elaboraci\u00f3n de quesos (mayo de 2013\" title=\"Taller de elaboraci\u00f3n de quesos (mayo de 2013\" aria-label=\"Taller de elaboraci\u00f3n de quesos (mayo de 2013\" class=\"img-responsive wp-image-1135\" srcset=\"https:\/\/quesossierracrestellina.es\/blog\/wp-content\/uploads\/2020\/06\/20130518-taller-200x283.jpg 200w, https:\/\/quesossierracrestellina.es\/blog\/wp-content\/uploads\/2020\/06\/20130518-taller-400x566.jpg 400w, https:\/\/quesossierracrestellina.es\/blog\/wp-content\/uploads\/2020\/06\/20130518-taller-600x849.jpg 600w, https:\/\/quesossierracrestellina.es\/blog\/wp-content\/uploads\/2020\/06\/20130518-taller-800x1132.jpg 800w, https:\/\/quesossierracrestellina.es\/blog\/wp-content\/uploads\/2020\/06\/20130518-taller-1200x1697.jpg 1200w, https:\/\/quesossierracrestellina.es\/blog\/wp-content\/uploads\/2020\/06\/20130518-taller.jpg 1414w\" sizes=\"(min-width: 2200px) 100vw, (min-width: 824px) 387px, (min-width: 732px) 580px, (min-width: 640px) 732px, \" \/><\/a><\/div><\/div><div style=\"padding:5px;\" class=\"fusion-grid-column fusion-gallery-column fusion-gallery-column-3 hover-type-none\"><div class=\"fusion-gallery-image\"><a href=\"https:\/\/quesossierracrestellina.es\/blog\/wp-content\/uploads\/2020\/06\/20130413-taller.jpg\" rel=\"noreferrer\" data-rel=\"iLightbox[gallery_image_1]\" class=\"fusion-lightbox\" target=\"_self\"><img decoding=\"async\" src=\"https:\/\/quesossierracrestellina.es\/blog\/wp-content\/uploads\/2020\/06\/20130413-taller.jpg\" width=\"1414\" height=\"2000\" alt=\"Taller de elaboraci\u00f3n de quesos (Abril de 2013\" title=\"Taller de elaboraci\u00f3n de quesos (Abril de 2013\" aria-label=\"Taller de elaboraci\u00f3n de quesos (Abril de 2013\" class=\"img-responsive wp-image-1134\" srcset=\"https:\/\/quesossierracrestellina.es\/blog\/wp-content\/uploads\/2020\/06\/20130413-taller-200x283.jpg 200w, https:\/\/quesossierracrestellina.es\/blog\/wp-content\/uploads\/2020\/06\/20130413-taller-400x566.jpg 400w, https:\/\/quesossierracrestellina.es\/blog\/wp-content\/uploads\/2020\/06\/20130413-taller-600x849.jpg 600w, https:\/\/quesossierracrestellina.es\/blog\/wp-content\/uploads\/2020\/06\/20130413-taller-800x1132.jpg 800w, https:\/\/quesossierracrestellina.es\/blog\/wp-content\/uploads\/2020\/06\/20130413-taller-1200x1697.jpg 1200w, https:\/\/quesossierracrestellina.es\/blog\/wp-content\/uploads\/2020\/06\/20130413-taller.jpg 1414w\" sizes=\"(min-width: 2200px) 100vw, (min-width: 824px) 387px, (min-width: 732px) 580px, (min-width: 640px) 732px, \" \/><\/a><\/div><\/div><div class=\"clearfix\"><\/div><div style=\"padding:5px;\" class=\"fusion-grid-column fusion-gallery-column fusion-gallery-column-3 hover-type-none\"><div class=\"fusion-gallery-image\"><a href=\"https:\/\/quesossierracrestellina.es\/blog\/wp-content\/uploads\/2013\/12\/20130201-taller.jpg\" rel=\"noreferrer\" data-rel=\"iLightbox[gallery_image_1]\" class=\"fusion-lightbox\" target=\"_self\"><img decoding=\"async\" src=\"https:\/\/quesossierracrestellina.es\/blog\/wp-content\/uploads\/2013\/12\/20130201-taller.jpg\" width=\"1414\" height=\"2000\" alt=\"Taller de elaboraci\u00f3n de quesos (febrero de 2013\" title=\"Taller de elaboraci\u00f3n de quesos (febrero de 2013\" aria-label=\"Taller de elaboraci\u00f3n de quesos (febrero de 2013\" class=\"img-responsive wp-image-1217\" srcset=\"https:\/\/quesossierracrestellina.es\/blog\/wp-content\/uploads\/2013\/12\/20130201-taller-200x283.jpg 200w, https:\/\/quesossierracrestellina.es\/blog\/wp-content\/uploads\/2013\/12\/20130201-taller-400x566.jpg 400w, https:\/\/quesossierracrestellina.es\/blog\/wp-content\/uploads\/2013\/12\/20130201-taller-600x849.jpg 600w, https:\/\/quesossierracrestellina.es\/blog\/wp-content\/uploads\/2013\/12\/20130201-taller-800x1132.jpg 800w, https:\/\/quesossierracrestellina.es\/blog\/wp-content\/uploads\/2013\/12\/20130201-taller-1200x1697.jpg 1200w, https:\/\/quesossierracrestellina.es\/blog\/wp-content\/uploads\/2013\/12\/20130201-taller.jpg 1414w\" sizes=\"(min-width: 2200px) 100vw, (min-width: 824px) 387px, (min-width: 732px) 580px, (min-width: 640px) 732px, \" \/><\/a><\/div><\/div><\/div><\/div><div class=\"fusion-clearfix\"><\/div><\/div><\/div><\/div><\/div>\n","protected":false},"excerpt":{"rendered":"","protected":false},"author":1,"featured_media":1234,"comment_status":"closed","ping_status":"open","sticky":false,"template":"","format":"gallery","meta":{"footnotes":""},"categories":[37],"tags":[62],"class_list":["post-1202","post","type-post","status-publish","format-gallery","has-post-thumbnail","hentry","category-talleres","tag-carteles","post_format-post-format-gallery"],"yoast_head":"<!-- This site is optimized with the Yoast SEO plugin v27.5 - https:\/\/yoast.com\/product\/yoast-seo-wordpress\/ -->\n<title>Talleres de elaboraci\u00f3n de quesos 2013 - Crestellina<\/title>\n<meta name=\"description\" content=\"En 2012 comenzamos con los talleres y visitas a nuestra granja, para dar a conocer la raza de cabra payoya y la elaboraci\u00f3n artesanal de queso\" \/>\n<meta name=\"robots\" content=\"index, follow, max-snippet:-1, max-image-preview:large, max-video-preview:-1\" \/>\n<link rel=\"canonical\" href=\"https:\/\/quesossierracrestellina.es\/blog\/2013\/12\/28\/talleres-elaboracion-quesos-2013\/\" \/>\n<meta property=\"og:locale\" content=\"es_ES\" \/>\n<meta property=\"og:type\" content=\"article\" \/>\n<meta property=\"og:title\" content=\"Talleres de elaboraci\u00f3n de quesos 2013 - Crestellina\" \/>\n<meta property=\"og:description\" content=\"En 2012 comenzamos con los talleres y visitas a nuestra granja, para dar a conocer la raza de cabra payoya y la elaboraci\u00f3n artesanal de queso\" \/>\n<meta property=\"og:url\" content=\"https:\/\/quesossierracrestellina.es\/blog\/2013\/12\/28\/talleres-elaboracion-quesos-2013\/\" \/>\n<meta property=\"og:site_name\" content=\"Crestellina\" \/>\n<meta property=\"article:publisher\" content=\"https:\/\/www.facebook.com\/quesoscrestellina.quesossierracrestellina\" \/>\n<meta property=\"article:published_time\" content=\"2013-12-28T16:54:20+00:00\" \/>\n<meta property=\"article:modified_time\" content=\"2020-06-17T08:32:32+00:00\" \/>\n<meta property=\"og:image\" content=\"https:\/\/quesossierracrestellina.es\/blog\/wp-content\/uploads\/2013\/12\/taller20120222-IMG_2637.jpg\" \/>\n\t<meta property=\"og:image:width\" content=\"1400\" \/>\n\t<meta property=\"og:image:height\" content=\"933\" \/>\n\t<meta property=\"og:image:type\" content=\"image\/jpeg\" \/>\n<meta name=\"author\" content=\"Quesos Sierra Crestellina\" \/>\n<meta name=\"twitter:card\" content=\"summary_large_image\" \/>\n<meta name=\"twitter:label1\" content=\"Escrito por\" \/>\n\t<meta name=\"twitter:data1\" content=\"Quesos Sierra Crestellina\" \/>\n\t<meta name=\"twitter:label2\" content=\"Tiempo de lectura\" \/>\n\t<meta name=\"twitter:data2\" content=\"5 minutos\" \/>\n<script type=\"application\/ld+json\" class=\"yoast-schema-graph\">{\"@context\":\"https:\\\/\\\/schema.org\",\"@graph\":[{\"@type\":\"Article\",\"@id\":\"https:\\\/\\\/quesossierracrestellina.es\\\/blog\\\/2013\\\/12\\\/28\\\/talleres-elaboracion-quesos-2013\\\/#article\",\"isPartOf\":{\"@id\":\"https:\\\/\\\/quesossierracrestellina.es\\\/blog\\\/2013\\\/12\\\/28\\\/talleres-elaboracion-quesos-2013\\\/\"},\"author\":{\"name\":\"Quesos Sierra Crestellina\",\"@id\":\"https:\\\/\\\/quesossierracrestellina.es\\\/blog\\\/#\\\/schema\\\/person\\\/1a1635cca8df433589af815239a1f94c\"},\"headline\":\"Talleres de elaboraci\u00f3n de quesos 2013\",\"datePublished\":\"2013-12-28T16:54:20+00:00\",\"dateModified\":\"2020-06-17T08:32:32+00:00\",\"mainEntityOfPage\":{\"@id\":\"https:\\\/\\\/quesossierracrestellina.es\\\/blog\\\/2013\\\/12\\\/28\\\/talleres-elaboracion-quesos-2013\\\/\"},\"wordCount\":941,\"publisher\":{\"@id\":\"https:\\\/\\\/quesossierracrestellina.es\\\/blog\\\/#organization\"},\"image\":{\"@id\":\"https:\\\/\\\/quesossierracrestellina.es\\\/blog\\\/2013\\\/12\\\/28\\\/talleres-elaboracion-quesos-2013\\\/#primaryimage\"},\"thumbnailUrl\":\"https:\\\/\\\/quesossierracrestellina.es\\\/blog\\\/wp-content\\\/uploads\\\/2013\\\/12\\\/taller20120222-IMG_2637.jpg\",\"keywords\":[\"Carteles\"],\"articleSection\":[\"Talleres\"],\"inLanguage\":\"es\"},{\"@type\":\"WebPage\",\"@id\":\"https:\\\/\\\/quesossierracrestellina.es\\\/blog\\\/2013\\\/12\\\/28\\\/talleres-elaboracion-quesos-2013\\\/\",\"url\":\"https:\\\/\\\/quesossierracrestellina.es\\\/blog\\\/2013\\\/12\\\/28\\\/talleres-elaboracion-quesos-2013\\\/\",\"name\":\"Talleres de elaboraci\u00f3n de quesos 2013 - Crestellina\",\"isPartOf\":{\"@id\":\"https:\\\/\\\/quesossierracrestellina.es\\\/blog\\\/#website\"},\"primaryImageOfPage\":{\"@id\":\"https:\\\/\\\/quesossierracrestellina.es\\\/blog\\\/2013\\\/12\\\/28\\\/talleres-elaboracion-quesos-2013\\\/#primaryimage\"},\"image\":{\"@id\":\"https:\\\/\\\/quesossierracrestellina.es\\\/blog\\\/2013\\\/12\\\/28\\\/talleres-elaboracion-quesos-2013\\\/#primaryimage\"},\"thumbnailUrl\":\"https:\\\/\\\/quesossierracrestellina.es\\\/blog\\\/wp-content\\\/uploads\\\/2013\\\/12\\\/taller20120222-IMG_2637.jpg\",\"datePublished\":\"2013-12-28T16:54:20+00:00\",\"dateModified\":\"2020-06-17T08:32:32+00:00\",\"description\":\"En 2012 comenzamos con los talleres y visitas a nuestra granja, para dar a conocer la raza de cabra payoya y la elaboraci\u00f3n artesanal de queso\",\"breadcrumb\":{\"@id\":\"https:\\\/\\\/quesossierracrestellina.es\\\/blog\\\/2013\\\/12\\\/28\\\/talleres-elaboracion-quesos-2013\\\/#breadcrumb\"},\"inLanguage\":\"es\",\"potentialAction\":[{\"@type\":\"ReadAction\",\"target\":[\"https:\\\/\\\/quesossierracrestellina.es\\\/blog\\\/2013\\\/12\\\/28\\\/talleres-elaboracion-quesos-2013\\\/\"]}]},{\"@type\":\"ImageObject\",\"inLanguage\":\"es\",\"@id\":\"https:\\\/\\\/quesossierracrestellina.es\\\/blog\\\/2013\\\/12\\\/28\\\/talleres-elaboracion-quesos-2013\\\/#primaryimage\",\"url\":\"https:\\\/\\\/quesossierracrestellina.es\\\/blog\\\/wp-content\\\/uploads\\\/2013\\\/12\\\/taller20120222-IMG_2637.jpg\",\"contentUrl\":\"https:\\\/\\\/quesossierracrestellina.es\\\/blog\\\/wp-content\\\/uploads\\\/2013\\\/12\\\/taller20120222-IMG_2637.jpg\",\"width\":1400,\"height\":933,\"caption\":\"Taller de elaboraci\u00f3n de quesos (diciembre de 2012)\"},{\"@type\":\"BreadcrumbList\",\"@id\":\"https:\\\/\\\/quesossierracrestellina.es\\\/blog\\\/2013\\\/12\\\/28\\\/talleres-elaboracion-quesos-2013\\\/#breadcrumb\",\"itemListElement\":[{\"@type\":\"ListItem\",\"position\":1,\"name\":\"Portada\",\"item\":\"https:\\\/\\\/quesossierracrestellina.es\\\/blog\\\/\"},{\"@type\":\"ListItem\",\"position\":2,\"name\":\"Talleres de elaboraci\u00f3n de quesos 2013\"}]},{\"@type\":\"WebSite\",\"@id\":\"https:\\\/\\\/quesossierracrestellina.es\\\/blog\\\/#website\",\"url\":\"https:\\\/\\\/quesossierracrestellina.es\\\/blog\\\/\",\"name\":\"Quesos Sierra Crestellina\",\"description\":\"Sencillos por naturaleza\",\"publisher\":{\"@id\":\"https:\\\/\\\/quesossierracrestellina.es\\\/blog\\\/#organization\"},\"potentialAction\":[{\"@type\":\"SearchAction\",\"target\":{\"@type\":\"EntryPoint\",\"urlTemplate\":\"https:\\\/\\\/quesossierracrestellina.es\\\/blog\\\/?s={search_term_string}\"},\"query-input\":{\"@type\":\"PropertyValueSpecification\",\"valueRequired\":true,\"valueName\":\"search_term_string\"}}],\"inLanguage\":\"es\"},{\"@type\":\"Organization\",\"@id\":\"https:\\\/\\\/quesossierracrestellina.es\\\/blog\\\/#organization\",\"name\":\"Quesos Sierra Crestellina\",\"url\":\"https:\\\/\\\/quesossierracrestellina.es\\\/blog\\\/\",\"logo\":{\"@type\":\"ImageObject\",\"inLanguage\":\"es\",\"@id\":\"https:\\\/\\\/quesossierracrestellina.es\\\/blog\\\/#\\\/schema\\\/logo\\\/image\\\/\",\"url\":\"https:\\\/\\\/quesossierracrestellina.es\\\/blog\\\/wp-content\\\/uploads\\\/2020\\\/05\\\/logo-crestellina.jpg\",\"contentUrl\":\"https:\\\/\\\/quesossierracrestellina.es\\\/blog\\\/wp-content\\\/uploads\\\/2020\\\/05\\\/logo-crestellina.jpg\",\"width\":800,\"height\":800,\"caption\":\"Quesos Sierra Crestellina\"},\"image\":{\"@id\":\"https:\\\/\\\/quesossierracrestellina.es\\\/blog\\\/#\\\/schema\\\/logo\\\/image\\\/\"},\"sameAs\":[\"https:\\\/\\\/www.facebook.com\\\/quesoscrestellina.quesossierracrestellina\",\"https:\\\/\\\/www.instagram.com\\\/queseriasierracrestellina\\\/\"]},{\"@type\":\"Person\",\"@id\":\"https:\\\/\\\/quesossierracrestellina.es\\\/blog\\\/#\\\/schema\\\/person\\\/1a1635cca8df433589af815239a1f94c\",\"name\":\"Quesos Sierra Crestellina\",\"image\":{\"@type\":\"ImageObject\",\"inLanguage\":\"es\",\"@id\":\"https:\\\/\\\/secure.gravatar.com\\\/avatar\\\/77dc2c8c07c777a6507b998eff202e7127f6688a33a22df7fc6e6ce7f6b9aea9?s=96&d=mm&r=g\",\"url\":\"https:\\\/\\\/secure.gravatar.com\\\/avatar\\\/77dc2c8c07c777a6507b998eff202e7127f6688a33a22df7fc6e6ce7f6b9aea9?s=96&d=mm&r=g\",\"contentUrl\":\"https:\\\/\\\/secure.gravatar.com\\\/avatar\\\/77dc2c8c07c777a6507b998eff202e7127f6688a33a22df7fc6e6ce7f6b9aea9?s=96&d=mm&r=g\",\"caption\":\"Quesos Sierra Crestellina\"},\"sameAs\":[\"https:\\\/\\\/quesossierracrestellina.es\\\/blog\"]}]}<\/script>\n<!-- \/ Yoast SEO plugin. -->","yoast_head_json":{"title":"Talleres de elaboraci\u00f3n de quesos 2013 - Crestellina","description":"En 2012 comenzamos con los talleres y visitas a nuestra granja, para dar a conocer la raza de cabra payoya y la elaboraci\u00f3n artesanal de queso","robots":{"index":"index","follow":"follow","max-snippet":"max-snippet:-1","max-image-preview":"max-image-preview:large","max-video-preview":"max-video-preview:-1"},"canonical":"https:\/\/quesossierracrestellina.es\/blog\/2013\/12\/28\/talleres-elaboracion-quesos-2013\/","og_locale":"es_ES","og_type":"article","og_title":"Talleres de elaboraci\u00f3n de quesos 2013 - Crestellina","og_description":"En 2012 comenzamos con los talleres y visitas a nuestra granja, para dar a conocer la raza de cabra payoya y la elaboraci\u00f3n artesanal de queso","og_url":"https:\/\/quesossierracrestellina.es\/blog\/2013\/12\/28\/talleres-elaboracion-quesos-2013\/","og_site_name":"Crestellina","article_publisher":"https:\/\/www.facebook.com\/quesoscrestellina.quesossierracrestellina","article_published_time":"2013-12-28T16:54:20+00:00","article_modified_time":"2020-06-17T08:32:32+00:00","og_image":[{"width":1400,"height":933,"url":"https:\/\/quesossierracrestellina.es\/blog\/wp-content\/uploads\/2013\/12\/taller20120222-IMG_2637.jpg","type":"image\/jpeg"}],"author":"Quesos Sierra Crestellina","twitter_card":"summary_large_image","twitter_misc":{"Escrito por":"Quesos Sierra Crestellina","Tiempo de lectura":"5 minutos"},"schema":{"@context":"https:\/\/schema.org","@graph":[{"@type":"Article","@id":"https:\/\/quesossierracrestellina.es\/blog\/2013\/12\/28\/talleres-elaboracion-quesos-2013\/#article","isPartOf":{"@id":"https:\/\/quesossierracrestellina.es\/blog\/2013\/12\/28\/talleres-elaboracion-quesos-2013\/"},"author":{"name":"Quesos Sierra Crestellina","@id":"https:\/\/quesossierracrestellina.es\/blog\/#\/schema\/person\/1a1635cca8df433589af815239a1f94c"},"headline":"Talleres de elaboraci\u00f3n de quesos 2013","datePublished":"2013-12-28T16:54:20+00:00","dateModified":"2020-06-17T08:32:32+00:00","mainEntityOfPage":{"@id":"https:\/\/quesossierracrestellina.es\/blog\/2013\/12\/28\/talleres-elaboracion-quesos-2013\/"},"wordCount":941,"publisher":{"@id":"https:\/\/quesossierracrestellina.es\/blog\/#organization"},"image":{"@id":"https:\/\/quesossierracrestellina.es\/blog\/2013\/12\/28\/talleres-elaboracion-quesos-2013\/#primaryimage"},"thumbnailUrl":"https:\/\/quesossierracrestellina.es\/blog\/wp-content\/uploads\/2013\/12\/taller20120222-IMG_2637.jpg","keywords":["Carteles"],"articleSection":["Talleres"],"inLanguage":"es"},{"@type":"WebPage","@id":"https:\/\/quesossierracrestellina.es\/blog\/2013\/12\/28\/talleres-elaboracion-quesos-2013\/","url":"https:\/\/quesossierracrestellina.es\/blog\/2013\/12\/28\/talleres-elaboracion-quesos-2013\/","name":"Talleres de elaboraci\u00f3n de quesos 2013 - Crestellina","isPartOf":{"@id":"https:\/\/quesossierracrestellina.es\/blog\/#website"},"primaryImageOfPage":{"@id":"https:\/\/quesossierracrestellina.es\/blog\/2013\/12\/28\/talleres-elaboracion-quesos-2013\/#primaryimage"},"image":{"@id":"https:\/\/quesossierracrestellina.es\/blog\/2013\/12\/28\/talleres-elaboracion-quesos-2013\/#primaryimage"},"thumbnailUrl":"https:\/\/quesossierracrestellina.es\/blog\/wp-content\/uploads\/2013\/12\/taller20120222-IMG_2637.jpg","datePublished":"2013-12-28T16:54:20+00:00","dateModified":"2020-06-17T08:32:32+00:00","description":"En 2012 comenzamos con los talleres y visitas a nuestra granja, para dar a conocer la raza de cabra payoya y la elaboraci\u00f3n artesanal de queso","breadcrumb":{"@id":"https:\/\/quesossierracrestellina.es\/blog\/2013\/12\/28\/talleres-elaboracion-quesos-2013\/#breadcrumb"},"inLanguage":"es","potentialAction":[{"@type":"ReadAction","target":["https:\/\/quesossierracrestellina.es\/blog\/2013\/12\/28\/talleres-elaboracion-quesos-2013\/"]}]},{"@type":"ImageObject","inLanguage":"es","@id":"https:\/\/quesossierracrestellina.es\/blog\/2013\/12\/28\/talleres-elaboracion-quesos-2013\/#primaryimage","url":"https:\/\/quesossierracrestellina.es\/blog\/wp-content\/uploads\/2013\/12\/taller20120222-IMG_2637.jpg","contentUrl":"https:\/\/quesossierracrestellina.es\/blog\/wp-content\/uploads\/2013\/12\/taller20120222-IMG_2637.jpg","width":1400,"height":933,"caption":"Taller de elaboraci\u00f3n de quesos (diciembre de 2012)"},{"@type":"BreadcrumbList","@id":"https:\/\/quesossierracrestellina.es\/blog\/2013\/12\/28\/talleres-elaboracion-quesos-2013\/#breadcrumb","itemListElement":[{"@type":"ListItem","position":1,"name":"Portada","item":"https:\/\/quesossierracrestellina.es\/blog\/"},{"@type":"ListItem","position":2,"name":"Talleres de elaboraci\u00f3n de quesos 2013"}]},{"@type":"WebSite","@id":"https:\/\/quesossierracrestellina.es\/blog\/#website","url":"https:\/\/quesossierracrestellina.es\/blog\/","name":"Quesos Sierra Crestellina","description":"Sencillos por naturaleza","publisher":{"@id":"https:\/\/quesossierracrestellina.es\/blog\/#organization"},"potentialAction":[{"@type":"SearchAction","target":{"@type":"EntryPoint","urlTemplate":"https:\/\/quesossierracrestellina.es\/blog\/?s={search_term_string}"},"query-input":{"@type":"PropertyValueSpecification","valueRequired":true,"valueName":"search_term_string"}}],"inLanguage":"es"},{"@type":"Organization","@id":"https:\/\/quesossierracrestellina.es\/blog\/#organization","name":"Quesos Sierra Crestellina","url":"https:\/\/quesossierracrestellina.es\/blog\/","logo":{"@type":"ImageObject","inLanguage":"es","@id":"https:\/\/quesossierracrestellina.es\/blog\/#\/schema\/logo\/image\/","url":"https:\/\/quesossierracrestellina.es\/blog\/wp-content\/uploads\/2020\/05\/logo-crestellina.jpg","contentUrl":"https:\/\/quesossierracrestellina.es\/blog\/wp-content\/uploads\/2020\/05\/logo-crestellina.jpg","width":800,"height":800,"caption":"Quesos Sierra Crestellina"},"image":{"@id":"https:\/\/quesossierracrestellina.es\/blog\/#\/schema\/logo\/image\/"},"sameAs":["https:\/\/www.facebook.com\/quesoscrestellina.quesossierracrestellina","https:\/\/www.instagram.com\/queseriasierracrestellina\/"]},{"@type":"Person","@id":"https:\/\/quesossierracrestellina.es\/blog\/#\/schema\/person\/1a1635cca8df433589af815239a1f94c","name":"Quesos Sierra Crestellina","image":{"@type":"ImageObject","inLanguage":"es","@id":"https:\/\/secure.gravatar.com\/avatar\/77dc2c8c07c777a6507b998eff202e7127f6688a33a22df7fc6e6ce7f6b9aea9?s=96&d=mm&r=g","url":"https:\/\/secure.gravatar.com\/avatar\/77dc2c8c07c777a6507b998eff202e7127f6688a33a22df7fc6e6ce7f6b9aea9?s=96&d=mm&r=g","contentUrl":"https:\/\/secure.gravatar.com\/avatar\/77dc2c8c07c777a6507b998eff202e7127f6688a33a22df7fc6e6ce7f6b9aea9?s=96&d=mm&r=g","caption":"Quesos Sierra Crestellina"},"sameAs":["https:\/\/quesossierracrestellina.es\/blog"]}]}},"_links":{"self":[{"href":"https:\/\/quesossierracrestellina.es\/blog\/wp-json\/wp\/v2\/posts\/1202","targetHints":{"allow":["GET"]}}],"collection":[{"href":"https:\/\/quesossierracrestellina.es\/blog\/wp-json\/wp\/v2\/posts"}],"about":[{"href":"https:\/\/quesossierracrestellina.es\/blog\/wp-json\/wp\/v2\/types\/post"}],"author":[{"embeddable":true,"href":"https:\/\/quesossierracrestellina.es\/blog\/wp-json\/wp\/v2\/users\/1"}],"replies":[{"embeddable":true,"href":"https:\/\/quesossierracrestellina.es\/blog\/wp-json\/wp\/v2\/comments?post=1202"}],"version-history":[{"count":3,"href":"https:\/\/quesossierracrestellina.es\/blog\/wp-json\/wp\/v2\/posts\/1202\/revisions"}],"predecessor-version":[{"id":1268,"href":"https:\/\/quesossierracrestellina.es\/blog\/wp-json\/wp\/v2\/posts\/1202\/revisions\/1268"}],"wp:featuredmedia":[{"embeddable":true,"href":"https:\/\/quesossierracrestellina.es\/blog\/wp-json\/wp\/v2\/media\/1234"}],"wp:attachment":[{"href":"https:\/\/quesossierracrestellina.es\/blog\/wp-json\/wp\/v2\/media?parent=1202"}],"wp:term":[{"taxonomy":"category","embeddable":true,"href":"https:\/\/quesossierracrestellina.es\/blog\/wp-json\/wp\/v2\/categories?post=1202"},{"taxonomy":"post_tag","embeddable":true,"href":"https:\/\/quesossierracrestellina.es\/blog\/wp-json\/wp\/v2\/tags?post=1202"}],"curies":[{"name":"wp","href":"https:\/\/api.w.org\/{rel}","templated":true}]}}