{"id":1340,"date":"2020-07-21T17:55:11","date_gmt":"2020-07-21T17:55:11","guid":{"rendered":"https:\/\/quesossierracrestellina.es\/blog\/?p=1340"},"modified":"2022-02-09T15:49:50","modified_gmt":"2022-02-09T15:49:50","slug":"envio-gratuito-a-estepona-sanpedro-y-marbella","status":"publish","type":"post","link":"https:\/\/quesossierracrestellina.es\/blog\/2020\/07\/21\/envio-gratuito-a-estepona-sanpedro-y-marbella\/","title":{"rendered":"Env\u00edo gratuito a Estepona, San Pedro y Marbella"},"content":{"rendered":"<p><div class=\"fusion-fullwidth fullwidth-box fusion-builder-row-1 nonhundred-percent-fullwidth non-hundred-percent-height-scrolling\" style=\"--awb-border-radius-top-left:0px;--awb-border-radius-top-right:0px;--awb-border-radius-bottom-right:0px;--awb-border-radius-bottom-left:0px;--awb-flex-wrap:wrap;\" ><div class=\"fusion-builder-row fusion-row\"><div class=\"fusion-layout-column fusion_builder_column fusion-builder-column-0 fusion_builder_column_1_1 1_1 fusion-one-full fusion-column-first fusion-column-last\" style=\"--awb-bg-size:cover;\"><div class=\"fusion-column-wrapper fusion-column-has-shadow fusion-flex-column-wrapper-legacy\"><div class=\"fusion-text fusion-text-1\"><p><span class=\"fusion-dropcap dropcap dropcap-boxed\">A<\/span>unque Quesos Sierra Crestellina realiza sus env\u00edos a toda la Pen\u00ednsula en colaboraci\u00f3n con <a href=\"https:\/\/quesossierracrestellina.es\/content\/1-envios-y-devoluciones\">dos empresas de mensajer\u00eda<\/a>, para facilitar el comercio de proximidad llevamos los pedidos sin coste alguno en concepto de gastos de env\u00edo, a las localidades de Estepona, San Pedro de Alc\u00e1ntara y Marbella. En estos municipios hemos llegado a acuerdos con empresas locales para establecer sus establecimientos como puntos de recogida de pedidos de nuestra queser\u00eda. De esta forma, el cliente puede hacer un pedido a trav\u00e9s de nuestra <a href=\"https:\/\/quesossierracrestellina.es\">web de comercio electr\u00f3nico<\/a> y seleccionar env\u00edo gratis a cualquiera de los sitios habilitados como puntos de recogida. Realizamos todos los jueves el reparto semanal en estos lugares de los pedidos realizados antes del martes de la misma semana (inclusive).<\/p>\n<\/div><div class=\"fusion-clearfix\"><\/div><\/div><\/div><\/div><\/div><div class=\"fusion-fullwidth fullwidth-box fusion-builder-row-2 nonhundred-percent-fullwidth non-hundred-percent-height-scrolling\" style=\"--awb-border-radius-top-left:0px;--awb-border-radius-top-right:0px;--awb-border-radius-bottom-right:0px;--awb-border-radius-bottom-left:0px;--awb-flex-wrap:wrap;\" ><div class=\"fusion-builder-row fusion-row\"><div class=\"fusion-layout-column fusion_builder_column fusion-builder-column-1 fusion_builder_column_1_1 1_1 fusion-one-full fusion-column-first fusion-column-last\" style=\"--awb-bg-size:cover;\"><div class=\"fusion-column-wrapper fusion-column-has-shadow fusion-flex-column-wrapper-legacy\"><div class=\"fusion-text fusion-text-2\"><h3>Estepona: Herborister\u00eda Las Violetas<\/h3>\n<\/div><div class=\"fusion-image-element in-legacy-container\" style=\"--awb-caption-title-font-family:var(--h2_typography-font-family);--awb-caption-title-font-weight:var(--h2_typography-font-weight);--awb-caption-title-font-style:var(--h2_typography-font-style);--awb-caption-title-size:var(--h2_typography-font-size);--awb-caption-title-transform:var(--h2_typography-text-transform);--awb-caption-title-line-height:var(--h2_typography-line-height);--awb-caption-title-letter-spacing:var(--h2_typography-letter-spacing);\"><span class=\" fusion-imageframe imageframe-none imageframe-1 hover-type-none\"><img decoding=\"async\" width=\"1400\" height=\"932\" alt=\"Herborister\u00eda Las Violetas (Estepona)\" title=\"Herborister\u00eda Las Violetas (Estepona)\" src=\"https:\/\/quesossierracrestellina.es\/blog\/wp-content\/uploads\/2020\/07\/herboristerialasvioletas-map.jpg\" class=\"img-responsive wp-image-1346\" srcset=\"https:\/\/quesossierracrestellina.es\/blog\/wp-content\/uploads\/2020\/07\/herboristerialasvioletas-map-200x133.jpg 200w, https:\/\/quesossierracrestellina.es\/blog\/wp-content\/uploads\/2020\/07\/herboristerialasvioletas-map-400x266.jpg 400w, https:\/\/quesossierracrestellina.es\/blog\/wp-content\/uploads\/2020\/07\/herboristerialasvioletas-map-600x399.jpg 600w, https:\/\/quesossierracrestellina.es\/blog\/wp-content\/uploads\/2020\/07\/herboristerialasvioletas-map-800x533.jpg 800w, https:\/\/quesossierracrestellina.es\/blog\/wp-content\/uploads\/2020\/07\/herboristerialasvioletas-map-1200x799.jpg 1200w, https:\/\/quesossierracrestellina.es\/blog\/wp-content\/uploads\/2020\/07\/herboristerialasvioletas-map.jpg 1400w\" sizes=\"(max-width: 800px) 100vw, 1200px\" \/><\/span><\/div><div class=\"fusion-sep-clear\"><\/div><div class=\"fusion-separator fusion-full-width-sep\" style=\"margin-left: auto;margin-right: auto;margin-top:15px;width:100%;\"><\/div><div class=\"fusion-sep-clear\"><\/div><div class=\"fusion-text fusion-text-3\"><p>Cada jueves puede recoger en Estepona los pedidos que nos realice, en <strong>Herborister\u00eda Las Violetas<\/strong>, un establecimiento situado en la avenida Juan Carlos I de la vecina localidad malague\u00f1a.<\/p>\n<p>Adem\u00e1s de los productos que puede pedir en <a href=\"https:\/\/www.quesossierracrestellina.es\">nuestra tienda<\/a>, puede encontrar en este establecimiento fruta, verdura, carne y pescado fresco con distintivo ecol\u00f3gico, suplementos para deportistas, suplementos vitam\u00ednicos y minerales, productos de cosm\u00e9tica natural e higiene personal. Herborister\u00eda Las Violetas cuenta con el asesoramiento en fitoterapia y alimentaci\u00f3n del profesor naturista-dietista Dr. Hauschka.<\/p>\n<\/div><ul style=\"--awb-line-height:23.8px;--awb-icon-width:23.8px;--awb-icon-height:23.8px;--awb-icon-margin:9.8px;--awb-content-margin:33.6px;--awb-circlecolor:#ff9800;--awb-circle-yes-font-size:12.32px;\" class=\"fusion-checklist fusion-checklist-1 fusion-checklist-default type-icons\"><li class=\"fusion-li-item\" style=\"\"><span class=\"icon-wrapper circle-yes\"><i class=\"fusion-li-icon fa-map-marker-alt fas\" aria-hidden=\"true\"><\/i><\/span><div class=\"fusion-li-item-content\"><strong>Direcci\u00f3n:<\/strong> Avda.Juan Carlos I, bloque 11, local 3 (Estepona, M\u00e1laga)<\/div><\/li><li class=\"fusion-li-item\" style=\"\"><span class=\"icon-wrapper circle-yes\"><i class=\"fusion-li-icon fa-phone-square-alt fas\" aria-hidden=\"true\"><\/i><\/span><div class=\"fusion-li-item-content\">\n<p><strong>Tel\u00e9fono:<\/strong> 952 808 722<\/p>\n<\/div><\/li><li class=\"fusion-li-item\" style=\"\"><span class=\"icon-wrapper circle-yes\"><i class=\"fusion-li-icon fa-blender-phone fas\" aria-hidden=\"true\"><\/i><\/span><div class=\"fusion-li-item-content\">\n<p><strong>Whatsapp:<\/strong> 605 845 865<\/p>\n<\/div><\/li><li class=\"fusion-li-item\" style=\"\"><span class=\"icon-wrapper circle-yes\"><i class=\"fusion-li-icon fa-hashtag fas\" aria-hidden=\"true\"><\/i><\/span><div class=\"fusion-li-item-content\">\n<p><strong>Twitter:<\/strong> <a href=\"https:\/\/twitter.com\/herblasvioletas\" target=\"_blank\" rel=\"noopener noreferrer\">@herblasvioletas<\/a><\/p>\n<\/div><\/li><li class=\"fusion-li-item\" style=\"\"><span class=\"icon-wrapper circle-yes\"><i class=\"fusion-li-icon fa-envelope fas\" aria-hidden=\"true\"><\/i><\/span><div class=\"fusion-li-item-content\">\n<p><strong>Email:<\/strong> herboristerialasvioletas@gmail.com<\/p>\n<\/div><\/li><li class=\"fusion-li-item\" style=\"\"><span class=\"icon-wrapper circle-yes\"><i class=\"fusion-li-icon fa-clock fas\" aria-hidden=\"true\"><\/i><\/span><div class=\"fusion-li-item-content\"><strong>Horario:<\/strong> L-V 10:00\u201314:00 \/ 17:00\u201319:00 &#8211; S\u00e1bados: 10:00\u201314:00<\/div><\/li><\/ul><div class=\"fusion-sep-clear\"><\/div><div class=\"fusion-separator\" style=\"margin-left: auto;margin-right: auto;margin-top:25px;margin-bottom:25px;width:100%;max-width:50%;\"><div class=\"fusion-separator-border sep-single sep-solid\" style=\"--awb-height:20px;--awb-amount:20px;--awb-sep-color:#ff9800;border-color:#ff9800;border-top-width:1px;\"><\/div><\/div><div class=\"fusion-sep-clear\"><\/div><div class=\"fusion-clearfix\"><\/div><\/div><\/div><\/div><\/div><div class=\"fusion-fullwidth fullwidth-box fusion-builder-row-3 nonhundred-percent-fullwidth non-hundred-percent-height-scrolling\" style=\"--awb-border-radius-top-left:0px;--awb-border-radius-top-right:0px;--awb-border-radius-bottom-right:0px;--awb-border-radius-bottom-left:0px;--awb-flex-wrap:wrap;\" ><div class=\"fusion-builder-row fusion-row\"><div class=\"fusion-layout-column fusion_builder_column fusion-builder-column-2 fusion_builder_column_1_1 1_1 fusion-one-full fusion-column-first fusion-column-last\" style=\"--awb-bg-size:cover;\"><div class=\"fusion-column-wrapper fusion-column-has-shadow fusion-flex-column-wrapper-legacy\"><div class=\"fusion-text fusion-text-4\"><h3>Marbella: La Despensa de Manuela<\/h3>\n<\/div><div class=\"fusion-image-element in-legacy-container\" style=\"--awb-caption-title-font-family:var(--h2_typography-font-family);--awb-caption-title-font-weight:var(--h2_typography-font-weight);--awb-caption-title-font-style:var(--h2_typography-font-style);--awb-caption-title-size:var(--h2_typography-font-size);--awb-caption-title-transform:var(--h2_typography-text-transform);--awb-caption-title-line-height:var(--h2_typography-line-height);--awb-caption-title-letter-spacing:var(--h2_typography-letter-spacing);\"><span class=\" fusion-imageframe imageframe-none imageframe-2 hover-type-none\"><img decoding=\"async\" width=\"1400\" height=\"932\" alt=\"La Despensa de Manuela (Marbella)\" title=\"La Despensa de Manuela (Marbella)\" src=\"https:\/\/quesossierracrestellina.es\/blog\/wp-content\/uploads\/2020\/07\/despensademanuela-map.jpg\" class=\"img-responsive wp-image-1348\" srcset=\"https:\/\/quesossierracrestellina.es\/blog\/wp-content\/uploads\/2020\/07\/despensademanuela-map-200x133.jpg 200w, https:\/\/quesossierracrestellina.es\/blog\/wp-content\/uploads\/2020\/07\/despensademanuela-map-400x266.jpg 400w, https:\/\/quesossierracrestellina.es\/blog\/wp-content\/uploads\/2020\/07\/despensademanuela-map-600x399.jpg 600w, https:\/\/quesossierracrestellina.es\/blog\/wp-content\/uploads\/2020\/07\/despensademanuela-map-800x533.jpg 800w, https:\/\/quesossierracrestellina.es\/blog\/wp-content\/uploads\/2020\/07\/despensademanuela-map-1200x799.jpg 1200w, https:\/\/quesossierracrestellina.es\/blog\/wp-content\/uploads\/2020\/07\/despensademanuela-map.jpg 1400w\" sizes=\"(max-width: 800px) 100vw, 1200px\" \/><\/span><\/div><div class=\"fusion-sep-clear\"><\/div><div class=\"fusion-separator fusion-full-width-sep\" style=\"margin-left: auto;margin-right: auto;margin-top:15px;width:100%;\"><\/div><div class=\"fusion-sep-clear\"><\/div><div class=\"fusion-text fusion-text-5\"><p>Cada jueves puede recoger en Marbella los pedidos que nos realice, en <strong>La Despensa de Manuela<\/strong>, un establecimiento situado en la calle Torrevig\u00eda de la localidad costasole\u00f1a.<\/p>\n<p>Adem\u00e1s de los productos que puede pedir en <strong>nuestra tienda<\/strong>, puede encontrar en este establecimiento gran cantidad de productos de primera calidad a granel, <span class=\"oi732d6d ik7dh3pa d2edcug0 qv66sw1b c1et5uql a8c37x1j muag1w35 ew0dbk1b jq4qci2q a3bd9o3v knj5qynh oo9gr5id hzawbc8m\" dir=\"auto\"><span class=\"oi732d6d ik7dh3pa d2edcug0 qv66sw1b c1et5uql jq4qci2q a3bd9o3v knj5qynh oo9gr5id\">especias, legumbres, pan artesano, t\u00e9 e infusiones y productos ecol\u00f3gicos.<\/span><\/span><\/p>\n<\/div><div class=\"fusion-image-element in-legacy-container\" style=\"--awb-caption-title-font-family:var(--h2_typography-font-family);--awb-caption-title-font-weight:var(--h2_typography-font-weight);--awb-caption-title-font-style:var(--h2_typography-font-style);--awb-caption-title-size:var(--h2_typography-font-size);--awb-caption-title-transform:var(--h2_typography-text-transform);--awb-caption-title-line-height:var(--h2_typography-line-height);--awb-caption-title-letter-spacing:var(--h2_typography-letter-spacing);\"><span class=\" fusion-imageframe imageframe-none imageframe-3 hover-type-none\"><img decoding=\"async\" width=\"960\" height=\"720\" alt=\"La Despensa de Manuela (Marbella)\" title=\"La Despensa de Manuela (Marbella)\" src=\"https:\/\/quesossierracrestellina.es\/blog\/wp-content\/uploads\/2020\/07\/la-despensa-de-manuela.jpg\" class=\"img-responsive wp-image-1356\" srcset=\"https:\/\/quesossierracrestellina.es\/blog\/wp-content\/uploads\/2020\/07\/la-despensa-de-manuela-200x150.jpg 200w, https:\/\/quesossierracrestellina.es\/blog\/wp-content\/uploads\/2020\/07\/la-despensa-de-manuela-400x300.jpg 400w, https:\/\/quesossierracrestellina.es\/blog\/wp-content\/uploads\/2020\/07\/la-despensa-de-manuela-600x450.jpg 600w, https:\/\/quesossierracrestellina.es\/blog\/wp-content\/uploads\/2020\/07\/la-despensa-de-manuela-800x600.jpg 800w, https:\/\/quesossierracrestellina.es\/blog\/wp-content\/uploads\/2020\/07\/la-despensa-de-manuela.jpg 960w\" sizes=\"(max-width: 800px) 100vw, 960px\" \/><\/span><\/div><div class=\"fusion-sep-clear\"><\/div><div class=\"fusion-separator fusion-full-width-sep\" style=\"margin-left: auto;margin-right: auto;margin-top:15px;width:100%;\"><\/div><div class=\"fusion-sep-clear\"><\/div><ul style=\"--awb-line-height:23.8px;--awb-icon-width:23.8px;--awb-icon-height:23.8px;--awb-icon-margin:9.8px;--awb-content-margin:33.6px;--awb-circlecolor:#ff9800;--awb-circle-yes-font-size:12.32px;\" class=\"fusion-checklist fusion-checklist-2 fusion-checklist-default type-icons\"><li class=\"fusion-li-item\" style=\"\"><span class=\"icon-wrapper circle-yes\"><i class=\"fusion-li-icon fa-map-marker-alt fas\" aria-hidden=\"true\"><\/i><\/span><div class=\"fusion-li-item-content\">\n<p><strong>Direcci\u00f3n:<\/strong> Calle Torrevig\u00eda, 9 (Marbella, M\u00e1laga)<\/p>\n<\/div><\/li><li class=\"fusion-li-item\" style=\"\"><span class=\"icon-wrapper circle-yes\"><i class=\"fusion-li-icon fa-phone-square-alt fas\" aria-hidden=\"true\"><\/i><\/span><div class=\"fusion-li-item-content\">\n<p><strong>Tel\u00e9fono:<\/strong> 951 434 463<\/p>\n<\/div><\/li><li class=\"fusion-li-item\" style=\"\"><span class=\"icon-wrapper circle-yes\"><i class=\"fusion-li-icon fa-blender-phone fas\" aria-hidden=\"true\"><\/i><\/span><div class=\"fusion-li-item-content\"><strong>Whatsapp:<\/strong> 625 326 325<\/div><\/li><li class=\"fusion-li-item\" style=\"\"><span class=\"icon-wrapper circle-yes\"><i class=\"fusion-li-icon fa-hashtag fas\" aria-hidden=\"true\"><\/i><\/span><div class=\"fusion-li-item-content\"><strong>Instagram:<\/strong> <a href=\"https:\/\/www.instagram.com\/ladespensademanuela\" target=\"_blank\" rel=\"noopener noreferrer\">@ladespensademanuela<\/a><\/div><\/li><li class=\"fusion-li-item\" style=\"\"><span class=\"icon-wrapper circle-yes\"><i class=\"fusion-li-icon fa-envelope fas\" aria-hidden=\"true\"><\/i><\/span><div class=\"fusion-li-item-content\"><strong>Email:<\/strong> ladespensademanuela2013@gmail.com<\/div><\/li><li class=\"fusion-li-item\" style=\"\"><span class=\"icon-wrapper circle-yes\"><i class=\"fusion-li-icon fa-clock fas\" aria-hidden=\"true\"><\/i><\/span><div class=\"fusion-li-item-content\">\n<p><strong>Horario:<\/strong> L-S 9:00\u201314:00<\/p>\n<\/div><\/li><\/ul><div class=\"fusion-sep-clear\"><\/div><div class=\"fusion-separator\" style=\"margin-left: auto;margin-right: auto;margin-top:25px;margin-bottom:25px;width:100%;max-width:50%;\"><div class=\"fusion-separator-border sep-single sep-solid\" style=\"--awb-height:20px;--awb-amount:20px;--awb-sep-color:#ff9800;border-color:#ff9800;border-top-width:1px;\"><\/div><\/div><div class=\"fusion-sep-clear\"><\/div><div class=\"fusion-clearfix\"><\/div><\/div><\/div><\/div><\/div><div class=\"fusion-fullwidth fullwidth-box fusion-builder-row-4 nonhundred-percent-fullwidth non-hundred-percent-height-scrolling\" style=\"--awb-border-radius-top-left:0px;--awb-border-radius-top-right:0px;--awb-border-radius-bottom-right:0px;--awb-border-radius-bottom-left:0px;--awb-flex-wrap:wrap;\" ><div class=\"fusion-builder-row fusion-row\"><div class=\"fusion-layout-column fusion_builder_column fusion-builder-column-3 fusion_builder_column_1_1 1_1 fusion-one-full fusion-column-first fusion-column-last\" style=\"--awb-bg-size:cover;\"><div class=\"fusion-column-wrapper fusion-column-has-shadow fusion-flex-column-wrapper-legacy\"><div class=\"fusion-text fusion-text-6\"><h3>San Pedro de Alc\u00e1ntara: Carnicer\u00eda Rodr\u00edguez<\/h3>\n<\/div><div class=\"fusion-image-element in-legacy-container\" style=\"--awb-caption-title-font-family:var(--h2_typography-font-family);--awb-caption-title-font-weight:var(--h2_typography-font-weight);--awb-caption-title-font-style:var(--h2_typography-font-style);--awb-caption-title-size:var(--h2_typography-font-size);--awb-caption-title-transform:var(--h2_typography-text-transform);--awb-caption-title-line-height:var(--h2_typography-line-height);--awb-caption-title-letter-spacing:var(--h2_typography-letter-spacing);\"><span class=\" fusion-imageframe imageframe-none imageframe-4 hover-type-none\"><img decoding=\"async\" width=\"1400\" height=\"933\" alt=\"Carnicer\u00eda Rodr\u00edguez (San Pedro de Alc\u00e1ntara)\" title=\"Carnicer\u00eda Rodr\u00edguez (San Pedro de Alc\u00e1ntara)\" src=\"https:\/\/quesossierracrestellina.es\/blog\/wp-content\/uploads\/2020\/07\/carniceriarodriguez-map.jpg\" class=\"img-responsive wp-image-1350\" srcset=\"https:\/\/quesossierracrestellina.es\/blog\/wp-content\/uploads\/2020\/07\/carniceriarodriguez-map-200x133.jpg 200w, https:\/\/quesossierracrestellina.es\/blog\/wp-content\/uploads\/2020\/07\/carniceriarodriguez-map-400x267.jpg 400w, https:\/\/quesossierracrestellina.es\/blog\/wp-content\/uploads\/2020\/07\/carniceriarodriguez-map-600x400.jpg 600w, https:\/\/quesossierracrestellina.es\/blog\/wp-content\/uploads\/2020\/07\/carniceriarodriguez-map-800x533.jpg 800w, https:\/\/quesossierracrestellina.es\/blog\/wp-content\/uploads\/2020\/07\/carniceriarodriguez-map-1200x800.jpg 1200w, https:\/\/quesossierracrestellina.es\/blog\/wp-content\/uploads\/2020\/07\/carniceriarodriguez-map.jpg 1400w\" sizes=\"(max-width: 800px) 100vw, 1200px\" \/><\/span><\/div><div class=\"fusion-sep-clear\"><\/div><div class=\"fusion-separator fusion-full-width-sep\" style=\"margin-left: auto;margin-right: auto;margin-top:15px;width:100%;\"><\/div><div class=\"fusion-sep-clear\"><\/div><div class=\"fusion-text fusion-text-7\"><p>Cada jueves puede recoger en San Pedro de Alc\u00e1ntara los pedidos que nos realice, en <strong>Carnicer\u00eda Rodr\u00edguez<\/strong>, un establecimiento situado en la calle Tolox de la localidad.<\/p>\n<p>Adem\u00e1s de los productos que puede pedir en <strong>nuestra tienda<\/strong>, puede encontrar en este establecimiento <span class=\"oi732d6d ik7dh3pa d2edcug0 qv66sw1b c1et5uql a8c37x1j muag1w35 ew0dbk1b jq4qci2q a3bd9o3v knj5qynh oo9gr5id hzawbc8m\" dir=\"auto\"><span class=\"oi732d6d ik7dh3pa d2edcug0 qv66sw1b c1et5uql jq4qci2q a3bd9o3v knj5qynh oo9gr5id\">una gran variedad de carnes de cerdo, cerdo ib\u00e9rico, ternera, pollo y cordero, adem\u00e1s de otros productos frescos y derivados de elaboraci\u00f3n propia.<\/span><\/span><\/p>\n<\/div><ul style=\"--awb-line-height:23.8px;--awb-icon-width:23.8px;--awb-icon-height:23.8px;--awb-icon-margin:9.8px;--awb-content-margin:33.6px;--awb-circlecolor:#ff9800;--awb-circle-yes-font-size:12.32px;\" class=\"fusion-checklist fusion-checklist-3 fusion-checklist-default type-icons\"><li class=\"fusion-li-item\" style=\"\"><span class=\"icon-wrapper circle-yes\"><i class=\"fusion-li-icon fa-map-marker-alt fas\" aria-hidden=\"true\"><\/i><\/span><div class=\"fusion-li-item-content\">\n<p><strong>Direcci\u00f3n:<\/strong> Calle Tolox (San Pedro de Alc\u00e1ntara, M\u00e1laga)<\/p>\n<\/div><\/li><li class=\"fusion-li-item\" style=\"\"><span class=\"icon-wrapper circle-yes\"><i class=\"fusion-li-icon fa-phone-square-alt fas\" aria-hidden=\"true\"><\/i><\/span><div class=\"fusion-li-item-content\"><strong>Tel\u00e9fono:<\/strong> 650 040 689<\/div><\/li><li class=\"fusion-li-item\" style=\"\"><span class=\"icon-wrapper circle-yes\"><i class=\"fusion-li-icon fa-clock fas\" aria-hidden=\"true\"><\/i><\/span><div class=\"fusion-li-item-content\">\n<p><strong>Horario:<\/strong> L-S 9:00-15:00<\/p>\n<\/div><\/li><\/ul><div class=\"fusion-sep-clear\"><\/div><div class=\"fusion-separator\" style=\"margin-left: auto;margin-right: auto;margin-top:25px;margin-bottom:25px;width:100%;max-width:50%;\"><div class=\"fusion-separator-border sep-single sep-solid\" style=\"--awb-height:20px;--awb-amount:20px;--awb-sep-color:#ff9800;border-color:#ff9800;border-top-width:1px;\"><\/div><\/div><div class=\"fusion-sep-clear\"><\/div><div class=\"fusion-clearfix\"><\/div><\/div><\/div><\/div><\/div><\/p>\n","protected":false},"excerpt":{"rendered":"","protected":false},"author":1,"featured_media":1341,"comment_status":"closed","ping_status":"open","sticky":false,"template":"","format":"standard","meta":{"footnotes":""},"categories":[7],"tags":[69,66],"class_list":["post-1340","post","type-post","status-publish","format-standard","has-post-thumbnail","hentry","category-general","tag-empresa","tag-tienda"],"yoast_head":"<!-- This site is optimized with the Yoast SEO plugin v27.5 - https:\/\/yoast.com\/product\/yoast-seo-wordpress\/ -->\n<title>Env\u00edo gratuito a Estepona, San Pedro y Marbella<\/title>\n<meta name=\"description\" content=\"Quesos Sierra Crestellina lleva los pedidos sin gastos de transporte a las localidades de Estepona, San Pedro de Alc\u00e1ntara y Marbella\" \/>\n<meta name=\"robots\" content=\"index, follow, max-snippet:-1, max-image-preview:large, max-video-preview:-1\" \/>\n<link rel=\"canonical\" href=\"https:\/\/quesossierracrestellina.es\/blog\/2020\/07\/21\/envio-gratuito-a-estepona-sanpedro-y-marbella\/\" \/>\n<meta property=\"og:locale\" content=\"es_ES\" \/>\n<meta property=\"og:type\" content=\"article\" \/>\n<meta property=\"og:title\" content=\"Env\u00edo gratuito a Estepona, San Pedro y Marbella\" \/>\n<meta property=\"og:description\" content=\"Quesos Sierra Crestellina lleva los pedidos sin gastos de transporte a las localidades de Estepona, San Pedro de Alc\u00e1ntara y Marbella\" \/>\n<meta property=\"og:url\" content=\"https:\/\/quesossierracrestellina.es\/blog\/2020\/07\/21\/envio-gratuito-a-estepona-sanpedro-y-marbella\/\" \/>\n<meta property=\"og:site_name\" content=\"Crestellina\" \/>\n<meta property=\"article:publisher\" content=\"https:\/\/www.facebook.com\/quesoscrestellina.quesossierracrestellina\" \/>\n<meta property=\"article:published_time\" content=\"2020-07-21T17:55:11+00:00\" \/>\n<meta property=\"article:modified_time\" content=\"2022-02-09T15:49:50+00:00\" \/>\n<meta property=\"og:image\" content=\"https:\/\/quesossierracrestellina.es\/blog\/wp-content\/uploads\/2020\/07\/queseria-foto4.jpg\" \/>\n\t<meta property=\"og:image:width\" content=\"1400\" \/>\n\t<meta property=\"og:image:height\" content=\"933\" \/>\n\t<meta property=\"og:image:type\" content=\"image\/jpeg\" \/>\n<meta name=\"author\" content=\"Quesos Sierra Crestellina\" \/>\n<meta name=\"twitter:card\" content=\"summary_large_image\" \/>\n<meta name=\"twitter:label1\" content=\"Escrito por\" \/>\n\t<meta name=\"twitter:data1\" content=\"Quesos Sierra Crestellina\" \/>\n\t<meta name=\"twitter:label2\" content=\"Tiempo de lectura\" \/>\n\t<meta name=\"twitter:data2\" content=\"15 minutos\" \/>\n<script type=\"application\/ld+json\" class=\"yoast-schema-graph\">{\"@context\":\"https:\\\/\\\/schema.org\",\"@graph\":[{\"@type\":\"Article\",\"@id\":\"https:\\\/\\\/quesossierracrestellina.es\\\/blog\\\/2020\\\/07\\\/21\\\/envio-gratuito-a-estepona-sanpedro-y-marbella\\\/#article\",\"isPartOf\":{\"@id\":\"https:\\\/\\\/quesossierracrestellina.es\\\/blog\\\/2020\\\/07\\\/21\\\/envio-gratuito-a-estepona-sanpedro-y-marbella\\\/\"},\"author\":{\"name\":\"Quesos Sierra Crestellina\",\"@id\":\"https:\\\/\\\/quesossierracrestellina.es\\\/blog\\\/#\\\/schema\\\/person\\\/1a1635cca8df433589af815239a1f94c\"},\"headline\":\"Env\u00edo gratuito a Estepona, San Pedro y Marbella\",\"datePublished\":\"2020-07-21T17:55:11+00:00\",\"dateModified\":\"2022-02-09T15:49:50+00:00\",\"mainEntityOfPage\":{\"@id\":\"https:\\\/\\\/quesossierracrestellina.es\\\/blog\\\/2020\\\/07\\\/21\\\/envio-gratuito-a-estepona-sanpedro-y-marbella\\\/\"},\"wordCount\":2959,\"publisher\":{\"@id\":\"https:\\\/\\\/quesossierracrestellina.es\\\/blog\\\/#organization\"},\"image\":{\"@id\":\"https:\\\/\\\/quesossierracrestellina.es\\\/blog\\\/2020\\\/07\\\/21\\\/envio-gratuito-a-estepona-sanpedro-y-marbella\\\/#primaryimage\"},\"thumbnailUrl\":\"https:\\\/\\\/quesossierracrestellina.es\\\/blog\\\/wp-content\\\/uploads\\\/2020\\\/07\\\/queseria-foto4.jpg\",\"keywords\":[\"Empresa\",\"Tienda\"],\"articleSection\":[\"General\"],\"inLanguage\":\"es\"},{\"@type\":\"WebPage\",\"@id\":\"https:\\\/\\\/quesossierracrestellina.es\\\/blog\\\/2020\\\/07\\\/21\\\/envio-gratuito-a-estepona-sanpedro-y-marbella\\\/\",\"url\":\"https:\\\/\\\/quesossierracrestellina.es\\\/blog\\\/2020\\\/07\\\/21\\\/envio-gratuito-a-estepona-sanpedro-y-marbella\\\/\",\"name\":\"Env\u00edo gratuito a Estepona, San Pedro y Marbella\",\"isPartOf\":{\"@id\":\"https:\\\/\\\/quesossierracrestellina.es\\\/blog\\\/#website\"},\"primaryImageOfPage\":{\"@id\":\"https:\\\/\\\/quesossierracrestellina.es\\\/blog\\\/2020\\\/07\\\/21\\\/envio-gratuito-a-estepona-sanpedro-y-marbella\\\/#primaryimage\"},\"image\":{\"@id\":\"https:\\\/\\\/quesossierracrestellina.es\\\/blog\\\/2020\\\/07\\\/21\\\/envio-gratuito-a-estepona-sanpedro-y-marbella\\\/#primaryimage\"},\"thumbnailUrl\":\"https:\\\/\\\/quesossierracrestellina.es\\\/blog\\\/wp-content\\\/uploads\\\/2020\\\/07\\\/queseria-foto4.jpg\",\"datePublished\":\"2020-07-21T17:55:11+00:00\",\"dateModified\":\"2022-02-09T15:49:50+00:00\",\"description\":\"Quesos Sierra Crestellina lleva los pedidos sin gastos de transporte a las localidades de Estepona, San Pedro de Alc\u00e1ntara y Marbella\",\"breadcrumb\":{\"@id\":\"https:\\\/\\\/quesossierracrestellina.es\\\/blog\\\/2020\\\/07\\\/21\\\/envio-gratuito-a-estepona-sanpedro-y-marbella\\\/#breadcrumb\"},\"inLanguage\":\"es\",\"potentialAction\":[{\"@type\":\"ReadAction\",\"target\":[\"https:\\\/\\\/quesossierracrestellina.es\\\/blog\\\/2020\\\/07\\\/21\\\/envio-gratuito-a-estepona-sanpedro-y-marbella\\\/\"]}]},{\"@type\":\"ImageObject\",\"inLanguage\":\"es\",\"@id\":\"https:\\\/\\\/quesossierracrestellina.es\\\/blog\\\/2020\\\/07\\\/21\\\/envio-gratuito-a-estepona-sanpedro-y-marbella\\\/#primaryimage\",\"url\":\"https:\\\/\\\/quesossierracrestellina.es\\\/blog\\\/wp-content\\\/uploads\\\/2020\\\/07\\\/queseria-foto4.jpg\",\"contentUrl\":\"https:\\\/\\\/quesossierracrestellina.es\\\/blog\\\/wp-content\\\/uploads\\\/2020\\\/07\\\/queseria-foto4.jpg\",\"width\":1400,\"height\":933,\"caption\":\"Quesos Sierra Crestellina\"},{\"@type\":\"BreadcrumbList\",\"@id\":\"https:\\\/\\\/quesossierracrestellina.es\\\/blog\\\/2020\\\/07\\\/21\\\/envio-gratuito-a-estepona-sanpedro-y-marbella\\\/#breadcrumb\",\"itemListElement\":[{\"@type\":\"ListItem\",\"position\":1,\"name\":\"Portada\",\"item\":\"https:\\\/\\\/quesossierracrestellina.es\\\/blog\\\/\"},{\"@type\":\"ListItem\",\"position\":2,\"name\":\"Env\u00edo gratuito a Estepona, San Pedro y Marbella\"}]},{\"@type\":\"WebSite\",\"@id\":\"https:\\\/\\\/quesossierracrestellina.es\\\/blog\\\/#website\",\"url\":\"https:\\\/\\\/quesossierracrestellina.es\\\/blog\\\/\",\"name\":\"Quesos Sierra Crestellina\",\"description\":\"Sencillos por naturaleza\",\"publisher\":{\"@id\":\"https:\\\/\\\/quesossierracrestellina.es\\\/blog\\\/#organization\"},\"potentialAction\":[{\"@type\":\"SearchAction\",\"target\":{\"@type\":\"EntryPoint\",\"urlTemplate\":\"https:\\\/\\\/quesossierracrestellina.es\\\/blog\\\/?s={search_term_string}\"},\"query-input\":{\"@type\":\"PropertyValueSpecification\",\"valueRequired\":true,\"valueName\":\"search_term_string\"}}],\"inLanguage\":\"es\"},{\"@type\":\"Organization\",\"@id\":\"https:\\\/\\\/quesossierracrestellina.es\\\/blog\\\/#organization\",\"name\":\"Quesos Sierra Crestellina\",\"url\":\"https:\\\/\\\/quesossierracrestellina.es\\\/blog\\\/\",\"logo\":{\"@type\":\"ImageObject\",\"inLanguage\":\"es\",\"@id\":\"https:\\\/\\\/quesossierracrestellina.es\\\/blog\\\/#\\\/schema\\\/logo\\\/image\\\/\",\"url\":\"https:\\\/\\\/quesossierracrestellina.es\\\/blog\\\/wp-content\\\/uploads\\\/2020\\\/05\\\/logo-crestellina.jpg\",\"contentUrl\":\"https:\\\/\\\/quesossierracrestellina.es\\\/blog\\\/wp-content\\\/uploads\\\/2020\\\/05\\\/logo-crestellina.jpg\",\"width\":800,\"height\":800,\"caption\":\"Quesos Sierra Crestellina\"},\"image\":{\"@id\":\"https:\\\/\\\/quesossierracrestellina.es\\\/blog\\\/#\\\/schema\\\/logo\\\/image\\\/\"},\"sameAs\":[\"https:\\\/\\\/www.facebook.com\\\/quesoscrestellina.quesossierracrestellina\",\"https:\\\/\\\/www.instagram.com\\\/queseriasierracrestellina\\\/\"]},{\"@type\":\"Person\",\"@id\":\"https:\\\/\\\/quesossierracrestellina.es\\\/blog\\\/#\\\/schema\\\/person\\\/1a1635cca8df433589af815239a1f94c\",\"name\":\"Quesos Sierra Crestellina\",\"image\":{\"@type\":\"ImageObject\",\"inLanguage\":\"es\",\"@id\":\"https:\\\/\\\/secure.gravatar.com\\\/avatar\\\/77dc2c8c07c777a6507b998eff202e7127f6688a33a22df7fc6e6ce7f6b9aea9?s=96&d=mm&r=g\",\"url\":\"https:\\\/\\\/secure.gravatar.com\\\/avatar\\\/77dc2c8c07c777a6507b998eff202e7127f6688a33a22df7fc6e6ce7f6b9aea9?s=96&d=mm&r=g\",\"contentUrl\":\"https:\\\/\\\/secure.gravatar.com\\\/avatar\\\/77dc2c8c07c777a6507b998eff202e7127f6688a33a22df7fc6e6ce7f6b9aea9?s=96&d=mm&r=g\",\"caption\":\"Quesos Sierra Crestellina\"},\"sameAs\":[\"https:\\\/\\\/quesossierracrestellina.es\\\/blog\"]}]}<\/script>\n<!-- \/ Yoast SEO plugin. -->","yoast_head_json":{"title":"Env\u00edo gratuito a Estepona, San Pedro y Marbella","description":"Quesos Sierra Crestellina lleva los pedidos sin gastos de transporte a las localidades de Estepona, San Pedro de Alc\u00e1ntara y Marbella","robots":{"index":"index","follow":"follow","max-snippet":"max-snippet:-1","max-image-preview":"max-image-preview:large","max-video-preview":"max-video-preview:-1"},"canonical":"https:\/\/quesossierracrestellina.es\/blog\/2020\/07\/21\/envio-gratuito-a-estepona-sanpedro-y-marbella\/","og_locale":"es_ES","og_type":"article","og_title":"Env\u00edo gratuito a Estepona, San Pedro y Marbella","og_description":"Quesos Sierra Crestellina lleva los pedidos sin gastos de transporte a las localidades de Estepona, San Pedro de Alc\u00e1ntara y Marbella","og_url":"https:\/\/quesossierracrestellina.es\/blog\/2020\/07\/21\/envio-gratuito-a-estepona-sanpedro-y-marbella\/","og_site_name":"Crestellina","article_publisher":"https:\/\/www.facebook.com\/quesoscrestellina.quesossierracrestellina","article_published_time":"2020-07-21T17:55:11+00:00","article_modified_time":"2022-02-09T15:49:50+00:00","og_image":[{"width":1400,"height":933,"url":"https:\/\/quesossierracrestellina.es\/blog\/wp-content\/uploads\/2020\/07\/queseria-foto4.jpg","type":"image\/jpeg"}],"author":"Quesos Sierra Crestellina","twitter_card":"summary_large_image","twitter_misc":{"Escrito por":"Quesos Sierra Crestellina","Tiempo de lectura":"15 minutos"},"schema":{"@context":"https:\/\/schema.org","@graph":[{"@type":"Article","@id":"https:\/\/quesossierracrestellina.es\/blog\/2020\/07\/21\/envio-gratuito-a-estepona-sanpedro-y-marbella\/#article","isPartOf":{"@id":"https:\/\/quesossierracrestellina.es\/blog\/2020\/07\/21\/envio-gratuito-a-estepona-sanpedro-y-marbella\/"},"author":{"name":"Quesos Sierra Crestellina","@id":"https:\/\/quesossierracrestellina.es\/blog\/#\/schema\/person\/1a1635cca8df433589af815239a1f94c"},"headline":"Env\u00edo gratuito a Estepona, San Pedro y Marbella","datePublished":"2020-07-21T17:55:11+00:00","dateModified":"2022-02-09T15:49:50+00:00","mainEntityOfPage":{"@id":"https:\/\/quesossierracrestellina.es\/blog\/2020\/07\/21\/envio-gratuito-a-estepona-sanpedro-y-marbella\/"},"wordCount":2959,"publisher":{"@id":"https:\/\/quesossierracrestellina.es\/blog\/#organization"},"image":{"@id":"https:\/\/quesossierracrestellina.es\/blog\/2020\/07\/21\/envio-gratuito-a-estepona-sanpedro-y-marbella\/#primaryimage"},"thumbnailUrl":"https:\/\/quesossierracrestellina.es\/blog\/wp-content\/uploads\/2020\/07\/queseria-foto4.jpg","keywords":["Empresa","Tienda"],"articleSection":["General"],"inLanguage":"es"},{"@type":"WebPage","@id":"https:\/\/quesossierracrestellina.es\/blog\/2020\/07\/21\/envio-gratuito-a-estepona-sanpedro-y-marbella\/","url":"https:\/\/quesossierracrestellina.es\/blog\/2020\/07\/21\/envio-gratuito-a-estepona-sanpedro-y-marbella\/","name":"Env\u00edo gratuito a Estepona, San Pedro y Marbella","isPartOf":{"@id":"https:\/\/quesossierracrestellina.es\/blog\/#website"},"primaryImageOfPage":{"@id":"https:\/\/quesossierracrestellina.es\/blog\/2020\/07\/21\/envio-gratuito-a-estepona-sanpedro-y-marbella\/#primaryimage"},"image":{"@id":"https:\/\/quesossierracrestellina.es\/blog\/2020\/07\/21\/envio-gratuito-a-estepona-sanpedro-y-marbella\/#primaryimage"},"thumbnailUrl":"https:\/\/quesossierracrestellina.es\/blog\/wp-content\/uploads\/2020\/07\/queseria-foto4.jpg","datePublished":"2020-07-21T17:55:11+00:00","dateModified":"2022-02-09T15:49:50+00:00","description":"Quesos Sierra Crestellina lleva los pedidos sin gastos de transporte a las localidades de Estepona, San Pedro de Alc\u00e1ntara y Marbella","breadcrumb":{"@id":"https:\/\/quesossierracrestellina.es\/blog\/2020\/07\/21\/envio-gratuito-a-estepona-sanpedro-y-marbella\/#breadcrumb"},"inLanguage":"es","potentialAction":[{"@type":"ReadAction","target":["https:\/\/quesossierracrestellina.es\/blog\/2020\/07\/21\/envio-gratuito-a-estepona-sanpedro-y-marbella\/"]}]},{"@type":"ImageObject","inLanguage":"es","@id":"https:\/\/quesossierracrestellina.es\/blog\/2020\/07\/21\/envio-gratuito-a-estepona-sanpedro-y-marbella\/#primaryimage","url":"https:\/\/quesossierracrestellina.es\/blog\/wp-content\/uploads\/2020\/07\/queseria-foto4.jpg","contentUrl":"https:\/\/quesossierracrestellina.es\/blog\/wp-content\/uploads\/2020\/07\/queseria-foto4.jpg","width":1400,"height":933,"caption":"Quesos Sierra Crestellina"},{"@type":"BreadcrumbList","@id":"https:\/\/quesossierracrestellina.es\/blog\/2020\/07\/21\/envio-gratuito-a-estepona-sanpedro-y-marbella\/#breadcrumb","itemListElement":[{"@type":"ListItem","position":1,"name":"Portada","item":"https:\/\/quesossierracrestellina.es\/blog\/"},{"@type":"ListItem","position":2,"name":"Env\u00edo gratuito a Estepona, San Pedro y Marbella"}]},{"@type":"WebSite","@id":"https:\/\/quesossierracrestellina.es\/blog\/#website","url":"https:\/\/quesossierracrestellina.es\/blog\/","name":"Quesos Sierra Crestellina","description":"Sencillos por naturaleza","publisher":{"@id":"https:\/\/quesossierracrestellina.es\/blog\/#organization"},"potentialAction":[{"@type":"SearchAction","target":{"@type":"EntryPoint","urlTemplate":"https:\/\/quesossierracrestellina.es\/blog\/?s={search_term_string}"},"query-input":{"@type":"PropertyValueSpecification","valueRequired":true,"valueName":"search_term_string"}}],"inLanguage":"es"},{"@type":"Organization","@id":"https:\/\/quesossierracrestellina.es\/blog\/#organization","name":"Quesos Sierra Crestellina","url":"https:\/\/quesossierracrestellina.es\/blog\/","logo":{"@type":"ImageObject","inLanguage":"es","@id":"https:\/\/quesossierracrestellina.es\/blog\/#\/schema\/logo\/image\/","url":"https:\/\/quesossierracrestellina.es\/blog\/wp-content\/uploads\/2020\/05\/logo-crestellina.jpg","contentUrl":"https:\/\/quesossierracrestellina.es\/blog\/wp-content\/uploads\/2020\/05\/logo-crestellina.jpg","width":800,"height":800,"caption":"Quesos Sierra Crestellina"},"image":{"@id":"https:\/\/quesossierracrestellina.es\/blog\/#\/schema\/logo\/image\/"},"sameAs":["https:\/\/www.facebook.com\/quesoscrestellina.quesossierracrestellina","https:\/\/www.instagram.com\/queseriasierracrestellina\/"]},{"@type":"Person","@id":"https:\/\/quesossierracrestellina.es\/blog\/#\/schema\/person\/1a1635cca8df433589af815239a1f94c","name":"Quesos Sierra Crestellina","image":{"@type":"ImageObject","inLanguage":"es","@id":"https:\/\/secure.gravatar.com\/avatar\/77dc2c8c07c777a6507b998eff202e7127f6688a33a22df7fc6e6ce7f6b9aea9?s=96&d=mm&r=g","url":"https:\/\/secure.gravatar.com\/avatar\/77dc2c8c07c777a6507b998eff202e7127f6688a33a22df7fc6e6ce7f6b9aea9?s=96&d=mm&r=g","contentUrl":"https:\/\/secure.gravatar.com\/avatar\/77dc2c8c07c777a6507b998eff202e7127f6688a33a22df7fc6e6ce7f6b9aea9?s=96&d=mm&r=g","caption":"Quesos Sierra Crestellina"},"sameAs":["https:\/\/quesossierracrestellina.es\/blog"]}]}},"_links":{"self":[{"href":"https:\/\/quesossierracrestellina.es\/blog\/wp-json\/wp\/v2\/posts\/1340","targetHints":{"allow":["GET"]}}],"collection":[{"href":"https:\/\/quesossierracrestellina.es\/blog\/wp-json\/wp\/v2\/posts"}],"about":[{"href":"https:\/\/quesossierracrestellina.es\/blog\/wp-json\/wp\/v2\/types\/post"}],"author":[{"embeddable":true,"href":"https:\/\/quesossierracrestellina.es\/blog\/wp-json\/wp\/v2\/users\/1"}],"replies":[{"embeddable":true,"href":"https:\/\/quesossierracrestellina.es\/blog\/wp-json\/wp\/v2\/comments?post=1340"}],"version-history":[{"count":12,"href":"https:\/\/quesossierracrestellina.es\/blog\/wp-json\/wp\/v2\/posts\/1340\/revisions"}],"predecessor-version":[{"id":1358,"href":"https:\/\/quesossierracrestellina.es\/blog\/wp-json\/wp\/v2\/posts\/1340\/revisions\/1358"}],"wp:featuredmedia":[{"embeddable":true,"href":"https:\/\/quesossierracrestellina.es\/blog\/wp-json\/wp\/v2\/media\/1341"}],"wp:attachment":[{"href":"https:\/\/quesossierracrestellina.es\/blog\/wp-json\/wp\/v2\/media?parent=1340"}],"wp:term":[{"taxonomy":"category","embeddable":true,"href":"https:\/\/quesossierracrestellina.es\/blog\/wp-json\/wp\/v2\/categories?post=1340"},{"taxonomy":"post_tag","embeddable":true,"href":"https:\/\/quesossierracrestellina.es\/blog\/wp-json\/wp\/v2\/tags?post=1340"}],"curies":[{"name":"wp","href":"https:\/\/api.w.org\/{rel}","templated":true}]}}