{"id":1361,"date":"2020-08-17T07:06:59","date_gmt":"2020-08-17T07:06:59","guid":{"rendered":"https:\/\/quesossierracrestellina.es\/blog\/?p=1361"},"modified":"2020-08-17T07:17:34","modified_gmt":"2020-08-17T07:17:34","slug":"reportaje-en-diario-sur","status":"publish","type":"post","link":"https:\/\/quesossierracrestellina.es\/blog\/2020\/08\/17\/reportaje-en-diario-sur\/","title":{"rendered":"Quesos Sierra Crestellina: una apuesta por la tradici\u00f3n y la sostenibilidad"},"content":{"rendered":"<div class=\"fusion-fullwidth fullwidth-box fusion-builder-row-1 nonhundred-percent-fullwidth non-hundred-percent-height-scrolling\" style=\"--awb-border-radius-top-left:0px;--awb-border-radius-top-right:0px;--awb-border-radius-bottom-right:0px;--awb-border-radius-bottom-left:0px;--awb-flex-wrap:wrap;\" ><div class=\"fusion-builder-row fusion-row\"><div class=\"fusion-layout-column fusion_builder_column fusion-builder-column-0 fusion_builder_column_1_1 1_1 fusion-one-full fusion-column-first fusion-column-last\" style=\"--awb-bg-size:cover;\"><div class=\"fusion-column-wrapper fusion-column-has-shadow fusion-flex-column-wrapper-legacy\"><div class=\"fusion-text fusion-text-1\"><p>Publicamos el reportaje que ha realizado Javier Almellones para <a href=\"https:\/\/www.diariosur.es\/sociedad\/juan-ocana-quesero-20200815221254-nt.html\" target=\"_blank\" rel=\"noopener noreferrer\">Diario Sur<\/a>, que ha salido publicado el domingo 16 de agosto.<\/p>\n<\/div><div class=\"fusion-text fusion-text-2\"><h2>Juan Oca\u00f1a, el quesero que rechaz\u00f3 la modernidad y abraz\u00f3 la tradici\u00f3n<\/h2>\n<\/div><div class=\"fusion-text fusion-text-3\"><p>Este a\u00f1o, a\u00fan sin acabar, es seguramente de los peores que ha vivido Juan Oca\u00f1a. En febrero falleci\u00f3 su padre, despu\u00e9s lleg\u00f3 el confinamiento y ahora le asalta una crisis de fe en el campo.<\/p>\n<p>Desde hace tiempo lleva las riendas del negocio familiar, la Queser\u00eda Sierra Crestellina, en Casares. Junto a su hermana representa la cuarta generaci\u00f3n de una saga de ganaderos transformadores. Fue con la tercera, con la de sus progenitores, en el a\u00f1o 1997 cuando dieron el salto a hacer quesos propios con leche de cabra payoya. O serrana, como siempre se ha conocido a esta raza caprina en este pueblo, el mismo donde naci\u00f3 hace m\u00e1s de un siglo a Blas Infante.<\/p>\n<p>A los pies de la escarpada Sierra Crestellina, hoy paraje natural, que sobrevuelan los buitres leonados habitualmente, tiene la sede el negocio familiar. Ah\u00ed Juan aprendi\u00f3 de alguna forma el oficio que le ocupa hoy. En pleno campo, en contacto con las cabras. O como a \u00e9l le gusta decir \u00aben la universidad rural\u00bb.<\/p>\n<div id=\"SMIntext-effective-1597647694037\" class=\"SMIntext-effective SMIntext-effective-e52ac84e-3e81-4494-ad14-0b83849b2f3d desktop\"><\/div>\n<div id=\"SMIntext-clearfix-1597647694037\" class=\"SMIntext-clearfix SMIntext-clearfix-e52ac84e-3e81-4494-ad14-0b83849b2f3d desktop\"><\/div>\n<div id=\"hybs-mslot-3477-2\" class=\"hybs-mslot\"><\/div>\n<p>Pese a ello, tras su paso por el instituto, Juan sucumbi\u00f3 ante la tentaci\u00f3n de una vida diferente, alejada de sus or\u00edgenes. \u00abCuando estudiaba, ve\u00eda a mis compa\u00f1eros de clase con motos de ac\u00e1 para all\u00e1\u00bb, recuerda. Y eso el hijo de un ganadero no se lo pod\u00eda permitir. No por falta de recursos econ\u00f3micos sino por escasez de tiempo.<\/p>\n<div id=\"hybs-mslot-3477-1\" class=\"hybs-mslot\"><\/div>\n<p>Aquel joven Juan quiso probar suerte en el mundo del pan. Primero en su pueblo y despu\u00e9s en una importante empresa del sector en Estepona, pero aquella experiencia no termin\u00f3 de cuajar.<\/p>\n<p>En el a\u00f1o 2000, las circunstancias le llevaron al negocio familiar. Incluso inici\u00f3 una formaci\u00f3n espec\u00edfica de su sector, que era obligada para acceder a unas ayudas econ\u00f3micas que se invertir\u00edan en infraestructuras para la empresa. \u00abRecuerdo que todo aquello estaba orientada a mejorar y rentabilizar la producci\u00f3n, a sacar m\u00e1s rendimiento\u00bb, comenta.<\/p>\n<\/div><div class=\"fusion-clearfix\"><\/div><\/div><\/div><div class=\"fusion-layout-column fusion_builder_column fusion-builder-column-1 fusion_builder_column_1_1 1_1 fusion-one-full fusion-column-first fusion-column-last\" style=\"--awb-padding-top:25px;--awb-padding-right:25px;--awb-padding-bottom:25px;--awb-padding-left:25px;--awb-bg-color:#e0e0e0;--awb-bg-color-hover:#e0e0e0;--awb-bg-size:cover;--awb-margin-top:15px;--awb-margin-bottom:15px;\"><div class=\"fusion-column-wrapper fusion-column-has-shadow fusion-flex-column-wrapper-legacy\"><div class=\"fusion-text fusion-text-4\"><h3>Un producto tradicional y con calidad<\/h3>\n<p>La <a href=\"https:\/\/quesossierracrestellina.es\/blog\/2019\/01\/27\/raza-caprina-payoya\/\">cabra payoya<\/a> se suele identificar mucho con la sierra gaditana. De hecho, es el gentilicio del pueblo de Villaluenga del Rosario, en el parque natural de Grazalema. Pero, esta raza caprina tambi\u00e9n es importante en la provincia de M\u00e1laga, aunque, tradicionalmente se haya conocido con distinto nombre.<\/p>\n<p>La Queser\u00eda Sierra Crestellina forma parte de la Asociaci\u00f3n de Criadores de la Raza Caprina Payoya, que lleva a\u00f1os trabajando por la mejora gen\u00e9tica de \u00e9sta. \u00abNo queremos que produzca m\u00e1s leche sino que con menos leche produzca m\u00e1s quesos\u00bb, explica Juan Oca\u00f1a.<\/p>\n<p>La payoya hoy no se podr\u00eda entender sin su pastoreo, con una alimentaci\u00f3n natural que proporciona, a la postre, un producto saludable para los consumidores. Adem\u00e1s, Juan recuerda que m\u00e1s all\u00e1 de una buena materia prima, hay otro valor importante de \u00e9stas y otras razas en extensivo, como su importancia para el medio ambiente. Sin ir m\u00e1s lejos, evita incendios y siembra semillas con sus excrementos.<\/p>\n<\/div><div class=\"fusion-clearfix\"><\/div><\/div><\/div><div class=\"fusion-layout-column fusion_builder_column fusion-builder-column-2 fusion_builder_column_1_1 1_1 fusion-one-full fusion-column-first fusion-column-last\" style=\"--awb-bg-size:cover;\"><div class=\"fusion-column-wrapper fusion-column-has-shadow fusion-flex-column-wrapper-legacy\"><div class=\"fusion-text fusion-text-5\"><p>Pero, poco a poco, Juan, que rehuye incluso del t\u00e9rmino &#8216;explotaci\u00f3n&#8217; para referirse a su ganader\u00eda, se dio cuenta de que \u00e9se no era ni mucho menos el camino a seguir. Frente a la modernizaci\u00f3n y la rentabilidad, \u00e9l apost\u00f3 por la tradici\u00f3n. \u00abHab\u00eda que diferenciarse por hacer lo que siempre se ha hecho, por la \u00e9tica y por la calidad de lo que se hace\u00bb, a\u00f1ade.<\/p>\n<p>Para este joven quesero y cabrero era impensable no salir a pastorear o someter a sus animales a un estr\u00e9s productivo.<\/p>\n<p>\u00abTen\u00edamos claro que necesit\u00e1bamos cabras sanas para producir leche, quesos y carne de chivo de calidad\u00bb, concluye.<\/p>\n<p>En ese cometido se entreg\u00f3 en cuerpo y alma Juan, que no se considera gerente de esta empresa familiar sino responsable de todo lo que se hace all\u00ed. Para bien o para mal.<\/p>\n<p>No hay proceso que se le escape de su control. Desde el pastoreo a la comercializaci\u00f3n. Quiz\u00e1s, como dice \u00e9l, necesita delegar, pero no encuentra quien lo releve. Confiesa que hasta hace dos a\u00f1os ni siquiera se hab\u00eda puesto un sueldo mensual.<\/p>\n<p>En los \u00faltimos a\u00f1os invertido tiempo en dise\u00f1ar talleres de elaboraci\u00f3n de queso artesano para atraer a los m\u00e1s peque\u00f1os con sus familias. Aunque el confinamiento ha pausado esa iniciativa, tiene en mente seguir con esas experiencias gracias a la colaboraci\u00f3n que le presta su amigo veterinario Luis C\u00f3rdoba.<\/p>\n<p>Los talleres no son rentables a corto plazo, pero si a largo. Juan quiere conseguir que las nuevas generaciones valoren lo artesano y la calidad. Todo el esfuerzo que realiza cada d\u00eda, sin horarios, se compensa con la satisfacci\u00f3n que le dan los m\u00e1s peque\u00f1os. No pierde la esperanza de que, por muchos contratiempos que encuentre, los ni\u00f1os se vayan a casa con una lecci\u00f3n bien aprendida.<\/p>\n<p>Hay otra faceta de Juan que va pareja a su vida en el campo. Aunque sea como afici\u00f3n, porque ya no sale tanto como quisiera a pastorear, el tiro con honda es una de sus pasiones. De hecho, ha concursado en distintos cert\u00e1menes dentro y fuera de la provincia, en los que ha sido premiado por su punter\u00eda. \u00abNo recuerdo a nadie en concreto que me ense\u00f1ara a usarla, creo que simplemente, como muchas cosas en el campo, lo vas aprendiendo de ver a tus mayores hacerlo\u00bb, explica.<\/p>\n<p>\u00c9l, sin embargo, s\u00ed que ha formado a ni\u00f1os en colegios de su pueblo y la aldea del Secadero. De hecho, confiesa que le gusta transmitir los conocimientos y la experiencia que \u00e9l ha adquirido en los \u00faltimos a\u00f1os, a pesar de su relativa juventud. De hecho, es uno de los tutores de la Escuela de Pastores, en la que confiesa que ha encontrado de todo, desde alumnos muy receptivos a otros que no tienen ninguna motivaci\u00f3n para vivir de una profesi\u00f3n tan digna como ancestral.<\/p>\n<\/div><div class=\"fusion-clearfix\"><\/div><\/div><\/div><\/div><\/div>\n","protected":false},"excerpt":{"rendered":"","protected":false},"author":1,"featured_media":1362,"comment_status":"closed","ping_status":"open","sticky":false,"template":"","format":"standard","meta":{"footnotes":""},"categories":[42],"tags":[53,67,47,49],"class_list":["post-1361","post","type-post","status-publish","format-standard","has-post-thumbnail","hentry","category-reportajes","tag-cabra-payoya","tag-diario-sur","tag-ganaderia","tag-tiro-con-honda"],"yoast_head":"<!-- This site is optimized with the Yoast SEO plugin v27.5 - https:\/\/yoast.com\/product\/yoast-seo-wordpress\/ -->\n<title>Quesos Sierra Crestellina: una apuesta por la tradici\u00f3n y la sostenibilidad<\/title>\n<meta name=\"description\" content=\"Juan Oca\u00f1a, el quesero que rechaz\u00f3 la modernidad y abraz\u00f3 la tradici\u00f3n. Reportaje en Diario Sur\" \/>\n<meta name=\"robots\" content=\"index, follow, max-snippet:-1, max-image-preview:large, max-video-preview:-1\" \/>\n<link rel=\"canonical\" href=\"https:\/\/quesossierracrestellina.es\/blog\/2020\/08\/17\/reportaje-en-diario-sur\/\" \/>\n<meta property=\"og:locale\" content=\"es_ES\" \/>\n<meta property=\"og:type\" content=\"article\" \/>\n<meta property=\"og:title\" content=\"Quesos Sierra Crestellina: una apuesta por la tradici\u00f3n y la sostenibilidad\" \/>\n<meta property=\"og:description\" content=\"Juan Oca\u00f1a, el quesero que rechaz\u00f3 la modernidad y abraz\u00f3 la tradici\u00f3n. Reportaje en Diario Sur\" \/>\n<meta property=\"og:url\" content=\"https:\/\/quesossierracrestellina.es\/blog\/2020\/08\/17\/reportaje-en-diario-sur\/\" \/>\n<meta property=\"og:site_name\" content=\"Crestellina\" \/>\n<meta property=\"article:publisher\" content=\"https:\/\/www.facebook.com\/quesoscrestellina.quesossierracrestellina\" \/>\n<meta property=\"article:published_time\" content=\"2020-08-17T07:06:59+00:00\" \/>\n<meta property=\"article:modified_time\" content=\"2020-08-17T07:17:34+00:00\" \/>\n<meta property=\"og:image\" content=\"https:\/\/quesossierracrestellina.es\/blog\/wp-content\/uploads\/2020\/08\/juan-hondo-contraste.jpg\" \/>\n\t<meta property=\"og:image:width\" content=\"1600\" \/>\n\t<meta property=\"og:image:height\" content=\"1066\" \/>\n\t<meta property=\"og:image:type\" content=\"image\/jpeg\" \/>\n<meta name=\"author\" content=\"Quesos Sierra Crestellina\" \/>\n<meta name=\"twitter:card\" content=\"summary_large_image\" \/>\n<meta name=\"twitter:label1\" content=\"Escrito por\" \/>\n\t<meta name=\"twitter:data1\" content=\"Quesos Sierra Crestellina\" \/>\n\t<meta name=\"twitter:label2\" content=\"Tiempo de lectura\" \/>\n\t<meta name=\"twitter:data2\" content=\"10 minutos\" \/>\n<script type=\"application\/ld+json\" class=\"yoast-schema-graph\">{\"@context\":\"https:\\\/\\\/schema.org\",\"@graph\":[{\"@type\":\"Article\",\"@id\":\"https:\\\/\\\/quesossierracrestellina.es\\\/blog\\\/2020\\\/08\\\/17\\\/reportaje-en-diario-sur\\\/#article\",\"isPartOf\":{\"@id\":\"https:\\\/\\\/quesossierracrestellina.es\\\/blog\\\/2020\\\/08\\\/17\\\/reportaje-en-diario-sur\\\/\"},\"author\":{\"name\":\"Quesos Sierra Crestellina\",\"@id\":\"https:\\\/\\\/quesossierracrestellina.es\\\/blog\\\/#\\\/schema\\\/person\\\/1a1635cca8df433589af815239a1f94c\"},\"headline\":\"Quesos Sierra Crestellina: una apuesta por la tradici\u00f3n y la sostenibilidad\",\"datePublished\":\"2020-08-17T07:06:59+00:00\",\"dateModified\":\"2020-08-17T07:17:34+00:00\",\"mainEntityOfPage\":{\"@id\":\"https:\\\/\\\/quesossierracrestellina.es\\\/blog\\\/2020\\\/08\\\/17\\\/reportaje-en-diario-sur\\\/\"},\"wordCount\":1934,\"publisher\":{\"@id\":\"https:\\\/\\\/quesossierracrestellina.es\\\/blog\\\/#organization\"},\"image\":{\"@id\":\"https:\\\/\\\/quesossierracrestellina.es\\\/blog\\\/2020\\\/08\\\/17\\\/reportaje-en-diario-sur\\\/#primaryimage\"},\"thumbnailUrl\":\"https:\\\/\\\/quesossierracrestellina.es\\\/blog\\\/wp-content\\\/uploads\\\/2020\\\/08\\\/juan-hondo-contraste.jpg\",\"keywords\":[\"Cabra payoya\",\"Diario Sur\",\"Ganader\u00eda\",\"Tiro con honda\"],\"articleSection\":[\"Reportajes\"],\"inLanguage\":\"es\"},{\"@type\":\"WebPage\",\"@id\":\"https:\\\/\\\/quesossierracrestellina.es\\\/blog\\\/2020\\\/08\\\/17\\\/reportaje-en-diario-sur\\\/\",\"url\":\"https:\\\/\\\/quesossierracrestellina.es\\\/blog\\\/2020\\\/08\\\/17\\\/reportaje-en-diario-sur\\\/\",\"name\":\"Quesos Sierra Crestellina: una apuesta por la tradici\u00f3n y la sostenibilidad\",\"isPartOf\":{\"@id\":\"https:\\\/\\\/quesossierracrestellina.es\\\/blog\\\/#website\"},\"primaryImageOfPage\":{\"@id\":\"https:\\\/\\\/quesossierracrestellina.es\\\/blog\\\/2020\\\/08\\\/17\\\/reportaje-en-diario-sur\\\/#primaryimage\"},\"image\":{\"@id\":\"https:\\\/\\\/quesossierracrestellina.es\\\/blog\\\/2020\\\/08\\\/17\\\/reportaje-en-diario-sur\\\/#primaryimage\"},\"thumbnailUrl\":\"https:\\\/\\\/quesossierracrestellina.es\\\/blog\\\/wp-content\\\/uploads\\\/2020\\\/08\\\/juan-hondo-contraste.jpg\",\"datePublished\":\"2020-08-17T07:06:59+00:00\",\"dateModified\":\"2020-08-17T07:17:34+00:00\",\"description\":\"Juan Oca\u00f1a, el quesero que rechaz\u00f3 la modernidad y abraz\u00f3 la tradici\u00f3n. Reportaje en Diario Sur\",\"breadcrumb\":{\"@id\":\"https:\\\/\\\/quesossierracrestellina.es\\\/blog\\\/2020\\\/08\\\/17\\\/reportaje-en-diario-sur\\\/#breadcrumb\"},\"inLanguage\":\"es\",\"potentialAction\":[{\"@type\":\"ReadAction\",\"target\":[\"https:\\\/\\\/quesossierracrestellina.es\\\/blog\\\/2020\\\/08\\\/17\\\/reportaje-en-diario-sur\\\/\"]}]},{\"@type\":\"ImageObject\",\"inLanguage\":\"es\",\"@id\":\"https:\\\/\\\/quesossierracrestellina.es\\\/blog\\\/2020\\\/08\\\/17\\\/reportaje-en-diario-sur\\\/#primaryimage\",\"url\":\"https:\\\/\\\/quesossierracrestellina.es\\\/blog\\\/wp-content\\\/uploads\\\/2020\\\/08\\\/juan-hondo-contraste.jpg\",\"contentUrl\":\"https:\\\/\\\/quesossierracrestellina.es\\\/blog\\\/wp-content\\\/uploads\\\/2020\\\/08\\\/juan-hondo-contraste.jpg\",\"width\":1600,\"height\":1066},{\"@type\":\"BreadcrumbList\",\"@id\":\"https:\\\/\\\/quesossierracrestellina.es\\\/blog\\\/2020\\\/08\\\/17\\\/reportaje-en-diario-sur\\\/#breadcrumb\",\"itemListElement\":[{\"@type\":\"ListItem\",\"position\":1,\"name\":\"Portada\",\"item\":\"https:\\\/\\\/quesossierracrestellina.es\\\/blog\\\/\"},{\"@type\":\"ListItem\",\"position\":2,\"name\":\"Quesos Sierra Crestellina: una apuesta por la tradici\u00f3n y la sostenibilidad\"}]},{\"@type\":\"WebSite\",\"@id\":\"https:\\\/\\\/quesossierracrestellina.es\\\/blog\\\/#website\",\"url\":\"https:\\\/\\\/quesossierracrestellina.es\\\/blog\\\/\",\"name\":\"Quesos Sierra Crestellina\",\"description\":\"Sencillos por naturaleza\",\"publisher\":{\"@id\":\"https:\\\/\\\/quesossierracrestellina.es\\\/blog\\\/#organization\"},\"potentialAction\":[{\"@type\":\"SearchAction\",\"target\":{\"@type\":\"EntryPoint\",\"urlTemplate\":\"https:\\\/\\\/quesossierracrestellina.es\\\/blog\\\/?s={search_term_string}\"},\"query-input\":{\"@type\":\"PropertyValueSpecification\",\"valueRequired\":true,\"valueName\":\"search_term_string\"}}],\"inLanguage\":\"es\"},{\"@type\":\"Organization\",\"@id\":\"https:\\\/\\\/quesossierracrestellina.es\\\/blog\\\/#organization\",\"name\":\"Quesos Sierra Crestellina\",\"url\":\"https:\\\/\\\/quesossierracrestellina.es\\\/blog\\\/\",\"logo\":{\"@type\":\"ImageObject\",\"inLanguage\":\"es\",\"@id\":\"https:\\\/\\\/quesossierracrestellina.es\\\/blog\\\/#\\\/schema\\\/logo\\\/image\\\/\",\"url\":\"https:\\\/\\\/quesossierracrestellina.es\\\/blog\\\/wp-content\\\/uploads\\\/2020\\\/05\\\/logo-crestellina.jpg\",\"contentUrl\":\"https:\\\/\\\/quesossierracrestellina.es\\\/blog\\\/wp-content\\\/uploads\\\/2020\\\/05\\\/logo-crestellina.jpg\",\"width\":800,\"height\":800,\"caption\":\"Quesos Sierra Crestellina\"},\"image\":{\"@id\":\"https:\\\/\\\/quesossierracrestellina.es\\\/blog\\\/#\\\/schema\\\/logo\\\/image\\\/\"},\"sameAs\":[\"https:\\\/\\\/www.facebook.com\\\/quesoscrestellina.quesossierracrestellina\",\"https:\\\/\\\/www.instagram.com\\\/queseriasierracrestellina\\\/\"]},{\"@type\":\"Person\",\"@id\":\"https:\\\/\\\/quesossierracrestellina.es\\\/blog\\\/#\\\/schema\\\/person\\\/1a1635cca8df433589af815239a1f94c\",\"name\":\"Quesos Sierra Crestellina\",\"image\":{\"@type\":\"ImageObject\",\"inLanguage\":\"es\",\"@id\":\"https:\\\/\\\/secure.gravatar.com\\\/avatar\\\/77dc2c8c07c777a6507b998eff202e7127f6688a33a22df7fc6e6ce7f6b9aea9?s=96&d=mm&r=g\",\"url\":\"https:\\\/\\\/secure.gravatar.com\\\/avatar\\\/77dc2c8c07c777a6507b998eff202e7127f6688a33a22df7fc6e6ce7f6b9aea9?s=96&d=mm&r=g\",\"contentUrl\":\"https:\\\/\\\/secure.gravatar.com\\\/avatar\\\/77dc2c8c07c777a6507b998eff202e7127f6688a33a22df7fc6e6ce7f6b9aea9?s=96&d=mm&r=g\",\"caption\":\"Quesos Sierra Crestellina\"},\"sameAs\":[\"https:\\\/\\\/quesossierracrestellina.es\\\/blog\"]}]}<\/script>\n<!-- \/ Yoast SEO plugin. -->","yoast_head_json":{"title":"Quesos Sierra Crestellina: una apuesta por la tradici\u00f3n y la sostenibilidad","description":"Juan Oca\u00f1a, el quesero que rechaz\u00f3 la modernidad y abraz\u00f3 la tradici\u00f3n. Reportaje en Diario Sur","robots":{"index":"index","follow":"follow","max-snippet":"max-snippet:-1","max-image-preview":"max-image-preview:large","max-video-preview":"max-video-preview:-1"},"canonical":"https:\/\/quesossierracrestellina.es\/blog\/2020\/08\/17\/reportaje-en-diario-sur\/","og_locale":"es_ES","og_type":"article","og_title":"Quesos Sierra Crestellina: una apuesta por la tradici\u00f3n y la sostenibilidad","og_description":"Juan Oca\u00f1a, el quesero que rechaz\u00f3 la modernidad y abraz\u00f3 la tradici\u00f3n. Reportaje en Diario Sur","og_url":"https:\/\/quesossierracrestellina.es\/blog\/2020\/08\/17\/reportaje-en-diario-sur\/","og_site_name":"Crestellina","article_publisher":"https:\/\/www.facebook.com\/quesoscrestellina.quesossierracrestellina","article_published_time":"2020-08-17T07:06:59+00:00","article_modified_time":"2020-08-17T07:17:34+00:00","og_image":[{"width":1600,"height":1066,"url":"https:\/\/quesossierracrestellina.es\/blog\/wp-content\/uploads\/2020\/08\/juan-hondo-contraste.jpg","type":"image\/jpeg"}],"author":"Quesos Sierra Crestellina","twitter_card":"summary_large_image","twitter_misc":{"Escrito por":"Quesos Sierra Crestellina","Tiempo de lectura":"10 minutos"},"schema":{"@context":"https:\/\/schema.org","@graph":[{"@type":"Article","@id":"https:\/\/quesossierracrestellina.es\/blog\/2020\/08\/17\/reportaje-en-diario-sur\/#article","isPartOf":{"@id":"https:\/\/quesossierracrestellina.es\/blog\/2020\/08\/17\/reportaje-en-diario-sur\/"},"author":{"name":"Quesos Sierra Crestellina","@id":"https:\/\/quesossierracrestellina.es\/blog\/#\/schema\/person\/1a1635cca8df433589af815239a1f94c"},"headline":"Quesos Sierra Crestellina: una apuesta por la tradici\u00f3n y la sostenibilidad","datePublished":"2020-08-17T07:06:59+00:00","dateModified":"2020-08-17T07:17:34+00:00","mainEntityOfPage":{"@id":"https:\/\/quesossierracrestellina.es\/blog\/2020\/08\/17\/reportaje-en-diario-sur\/"},"wordCount":1934,"publisher":{"@id":"https:\/\/quesossierracrestellina.es\/blog\/#organization"},"image":{"@id":"https:\/\/quesossierracrestellina.es\/blog\/2020\/08\/17\/reportaje-en-diario-sur\/#primaryimage"},"thumbnailUrl":"https:\/\/quesossierracrestellina.es\/blog\/wp-content\/uploads\/2020\/08\/juan-hondo-contraste.jpg","keywords":["Cabra payoya","Diario Sur","Ganader\u00eda","Tiro con honda"],"articleSection":["Reportajes"],"inLanguage":"es"},{"@type":"WebPage","@id":"https:\/\/quesossierracrestellina.es\/blog\/2020\/08\/17\/reportaje-en-diario-sur\/","url":"https:\/\/quesossierracrestellina.es\/blog\/2020\/08\/17\/reportaje-en-diario-sur\/","name":"Quesos Sierra Crestellina: una apuesta por la tradici\u00f3n y la sostenibilidad","isPartOf":{"@id":"https:\/\/quesossierracrestellina.es\/blog\/#website"},"primaryImageOfPage":{"@id":"https:\/\/quesossierracrestellina.es\/blog\/2020\/08\/17\/reportaje-en-diario-sur\/#primaryimage"},"image":{"@id":"https:\/\/quesossierracrestellina.es\/blog\/2020\/08\/17\/reportaje-en-diario-sur\/#primaryimage"},"thumbnailUrl":"https:\/\/quesossierracrestellina.es\/blog\/wp-content\/uploads\/2020\/08\/juan-hondo-contraste.jpg","datePublished":"2020-08-17T07:06:59+00:00","dateModified":"2020-08-17T07:17:34+00:00","description":"Juan Oca\u00f1a, el quesero que rechaz\u00f3 la modernidad y abraz\u00f3 la tradici\u00f3n. Reportaje en Diario Sur","breadcrumb":{"@id":"https:\/\/quesossierracrestellina.es\/blog\/2020\/08\/17\/reportaje-en-diario-sur\/#breadcrumb"},"inLanguage":"es","potentialAction":[{"@type":"ReadAction","target":["https:\/\/quesossierracrestellina.es\/blog\/2020\/08\/17\/reportaje-en-diario-sur\/"]}]},{"@type":"ImageObject","inLanguage":"es","@id":"https:\/\/quesossierracrestellina.es\/blog\/2020\/08\/17\/reportaje-en-diario-sur\/#primaryimage","url":"https:\/\/quesossierracrestellina.es\/blog\/wp-content\/uploads\/2020\/08\/juan-hondo-contraste.jpg","contentUrl":"https:\/\/quesossierracrestellina.es\/blog\/wp-content\/uploads\/2020\/08\/juan-hondo-contraste.jpg","width":1600,"height":1066},{"@type":"BreadcrumbList","@id":"https:\/\/quesossierracrestellina.es\/blog\/2020\/08\/17\/reportaje-en-diario-sur\/#breadcrumb","itemListElement":[{"@type":"ListItem","position":1,"name":"Portada","item":"https:\/\/quesossierracrestellina.es\/blog\/"},{"@type":"ListItem","position":2,"name":"Quesos Sierra Crestellina: una apuesta por la tradici\u00f3n y la sostenibilidad"}]},{"@type":"WebSite","@id":"https:\/\/quesossierracrestellina.es\/blog\/#website","url":"https:\/\/quesossierracrestellina.es\/blog\/","name":"Quesos Sierra Crestellina","description":"Sencillos por naturaleza","publisher":{"@id":"https:\/\/quesossierracrestellina.es\/blog\/#organization"},"potentialAction":[{"@type":"SearchAction","target":{"@type":"EntryPoint","urlTemplate":"https:\/\/quesossierracrestellina.es\/blog\/?s={search_term_string}"},"query-input":{"@type":"PropertyValueSpecification","valueRequired":true,"valueName":"search_term_string"}}],"inLanguage":"es"},{"@type":"Organization","@id":"https:\/\/quesossierracrestellina.es\/blog\/#organization","name":"Quesos Sierra Crestellina","url":"https:\/\/quesossierracrestellina.es\/blog\/","logo":{"@type":"ImageObject","inLanguage":"es","@id":"https:\/\/quesossierracrestellina.es\/blog\/#\/schema\/logo\/image\/","url":"https:\/\/quesossierracrestellina.es\/blog\/wp-content\/uploads\/2020\/05\/logo-crestellina.jpg","contentUrl":"https:\/\/quesossierracrestellina.es\/blog\/wp-content\/uploads\/2020\/05\/logo-crestellina.jpg","width":800,"height":800,"caption":"Quesos Sierra Crestellina"},"image":{"@id":"https:\/\/quesossierracrestellina.es\/blog\/#\/schema\/logo\/image\/"},"sameAs":["https:\/\/www.facebook.com\/quesoscrestellina.quesossierracrestellina","https:\/\/www.instagram.com\/queseriasierracrestellina\/"]},{"@type":"Person","@id":"https:\/\/quesossierracrestellina.es\/blog\/#\/schema\/person\/1a1635cca8df433589af815239a1f94c","name":"Quesos Sierra Crestellina","image":{"@type":"ImageObject","inLanguage":"es","@id":"https:\/\/secure.gravatar.com\/avatar\/77dc2c8c07c777a6507b998eff202e7127f6688a33a22df7fc6e6ce7f6b9aea9?s=96&d=mm&r=g","url":"https:\/\/secure.gravatar.com\/avatar\/77dc2c8c07c777a6507b998eff202e7127f6688a33a22df7fc6e6ce7f6b9aea9?s=96&d=mm&r=g","contentUrl":"https:\/\/secure.gravatar.com\/avatar\/77dc2c8c07c777a6507b998eff202e7127f6688a33a22df7fc6e6ce7f6b9aea9?s=96&d=mm&r=g","caption":"Quesos Sierra Crestellina"},"sameAs":["https:\/\/quesossierracrestellina.es\/blog"]}]}},"_links":{"self":[{"href":"https:\/\/quesossierracrestellina.es\/blog\/wp-json\/wp\/v2\/posts\/1361","targetHints":{"allow":["GET"]}}],"collection":[{"href":"https:\/\/quesossierracrestellina.es\/blog\/wp-json\/wp\/v2\/posts"}],"about":[{"href":"https:\/\/quesossierracrestellina.es\/blog\/wp-json\/wp\/v2\/types\/post"}],"author":[{"embeddable":true,"href":"https:\/\/quesossierracrestellina.es\/blog\/wp-json\/wp\/v2\/users\/1"}],"replies":[{"embeddable":true,"href":"https:\/\/quesossierracrestellina.es\/blog\/wp-json\/wp\/v2\/comments?post=1361"}],"version-history":[{"count":5,"href":"https:\/\/quesossierracrestellina.es\/blog\/wp-json\/wp\/v2\/posts\/1361\/revisions"}],"predecessor-version":[{"id":1367,"href":"https:\/\/quesossierracrestellina.es\/blog\/wp-json\/wp\/v2\/posts\/1361\/revisions\/1367"}],"wp:featuredmedia":[{"embeddable":true,"href":"https:\/\/quesossierracrestellina.es\/blog\/wp-json\/wp\/v2\/media\/1362"}],"wp:attachment":[{"href":"https:\/\/quesossierracrestellina.es\/blog\/wp-json\/wp\/v2\/media?parent=1361"}],"wp:term":[{"taxonomy":"category","embeddable":true,"href":"https:\/\/quesossierracrestellina.es\/blog\/wp-json\/wp\/v2\/categories?post=1361"},{"taxonomy":"post_tag","embeddable":true,"href":"https:\/\/quesossierracrestellina.es\/blog\/wp-json\/wp\/v2\/tags?post=1361"}],"curies":[{"name":"wp","href":"https:\/\/api.w.org\/{rel}","templated":true}]}}