{"id":1402,"date":"2020-12-30T22:01:39","date_gmt":"2020-12-30T22:01:39","guid":{"rendered":"https:\/\/quesossierracrestellina.es\/blog\/?p=1402"},"modified":"2020-12-30T22:05:17","modified_gmt":"2020-12-30T22:05:17","slug":"adios-2020-hola-2021","status":"publish","type":"post","link":"https:\/\/quesossierracrestellina.es\/blog\/2020\/12\/30\/adios-2020-hola-2021\/","title":{"rendered":"Adi\u00f3s 2020, hola 2021"},"content":{"rendered":"<div class=\"fusion-fullwidth fullwidth-box fusion-builder-row-1 fusion-flex-container nonhundred-percent-fullwidth non-hundred-percent-height-scrolling\" style=\"--awb-border-radius-top-left:0px;--awb-border-radius-top-right:0px;--awb-border-radius-bottom-right:0px;--awb-border-radius-bottom-left:0px;--awb-flex-wrap:wrap;\" ><div class=\"fusion-builder-row fusion-row fusion-flex-align-items-flex-start fusion-flex-content-wrap\" style=\"max-width:1216.8px;margin-left: calc(-4% \/ 2 );margin-right: calc(-4% \/ 2 );\"><div class=\"fusion-layout-column fusion_builder_column fusion-builder-column-0 fusion_builder_column_1_1 1_1 fusion-flex-column\" style=\"--awb-bg-size:cover;--awb-width-large:100%;--awb-margin-top-large:0px;--awb-spacing-right-large:1.92%;--awb-margin-bottom-large:20px;--awb-spacing-left-large:1.92%;--awb-width-medium:100%;--awb-order-medium:0;--awb-spacing-right-medium:1.92%;--awb-spacing-left-medium:1.92%;--awb-width-small:100%;--awb-order-small:0;--awb-spacing-right-small:1.92%;--awb-spacing-left-small:1.92%;\"><div class=\"fusion-column-wrapper fusion-column-has-shadow fusion-flex-justify-content-flex-start fusion-content-layout-column\"><div class=\"fusion-image-element \" style=\"text-align:center;--awb-margin-bottom:50px;--awb-caption-title-font-family:var(--h2_typography-font-family);--awb-caption-title-font-weight:var(--h2_typography-font-weight);--awb-caption-title-font-style:var(--h2_typography-font-style);--awb-caption-title-size:var(--h2_typography-font-size);--awb-caption-title-transform:var(--h2_typography-text-transform);--awb-caption-title-line-height:var(--h2_typography-line-height);--awb-caption-title-letter-spacing:var(--h2_typography-letter-spacing);\"><span class=\" fusion-imageframe imageframe-none imageframe-1 hover-type-none\"><img decoding=\"async\" width=\"1400\" height=\"933\" alt=\"Adi\u00f3s 2020, \u00a1hola 2021!\" title=\"Adi\u00f3s 2020, \u00a1hola 2021!\" src=\"https:\/\/quesossierracrestellina.es\/blog\/wp-content\/uploads\/2020\/12\/2020_2021_50A1095.jpg\" class=\"img-responsive wp-image-1407\" srcset=\"https:\/\/quesossierracrestellina.es\/blog\/wp-content\/uploads\/2020\/12\/2020_2021_50A1095-200x133.jpg 200w, https:\/\/quesossierracrestellina.es\/blog\/wp-content\/uploads\/2020\/12\/2020_2021_50A1095-400x267.jpg 400w, https:\/\/quesossierracrestellina.es\/blog\/wp-content\/uploads\/2020\/12\/2020_2021_50A1095-600x400.jpg 600w, https:\/\/quesossierracrestellina.es\/blog\/wp-content\/uploads\/2020\/12\/2020_2021_50A1095-800x533.jpg 800w, https:\/\/quesossierracrestellina.es\/blog\/wp-content\/uploads\/2020\/12\/2020_2021_50A1095-1200x800.jpg 1200w, https:\/\/quesossierracrestellina.es\/blog\/wp-content\/uploads\/2020\/12\/2020_2021_50A1095.jpg 1400w\" sizes=\"(max-width: 1024px) 100vw, (max-width: 640px) 100vw, 1200px\" \/><\/span><\/div><div class=\"fusion-text fusion-text-1\"><p><span class=\"fusion-dropcap dropcap\">P<\/span>or fin llega el final de este 2020 interminable. Si bien cada fin de a\u00f1o es com\u00fan entre algunos hacer un peque\u00f1o <strong>ejercicio reflexi\u00f3n<\/strong> del a\u00f1o que toca a su fin y <strong>mirada hacia el que empieza<\/strong>, este a\u00f1o a buen seguro ser\u00e1 un ejercicio colectivo y casi obligado a nivel mundial. A nadie va a dejar impasible este a\u00f1o negro que ha sacudido y hecho temblar todos nuestros pilares.<\/p>\n<p>Para nosotros, 2020, iba a ser de todas formas un a\u00f1o dolorosamente inolvidable en la <strong>historia de nuestra familia<\/strong>. En febrero sufrimos la p\u00e9rdida del creador de Quesos Sierra Crestellina, de nuestro padre, marido, hermano, amigo\u2026 <strong>Juan Oca\u00f1a<\/strong>.<\/p>\n<p>No est\u00e1bamos ni cerca de recuperarnos a\u00fan, cuando de la noche a la ma\u00f1ana <strong>el mundo par\u00f3<\/strong>, las calles se vaciaron, los restaurantes cerraron, los coches quedaron aparcados y con ello <strong>nuestro negocio <\/strong>se vio<strong> amenazado<\/strong> sin clientes en nuestra tienda, sin restaurantes a los que proveer, sin visitas a nuestra queser\u00eda, a nuestra granja, a nuestro mundo\u2026<\/p>\n<\/div><div class=\"fusion-text fusion-text-2\"><p><strong>Nuestra labor<\/strong>, aunque dura y sacrificada, nos ofreci\u00f3 un <strong>salvavidas<\/strong> en una situaci\u00f3n doblemente dif\u00edcil para nosotros. Y es que est\u00e1bamos obligados, aun asol\u00e1ndonos la pena o incertidumbre, a seguir con nuestro d\u00eda a d\u00eda, porque la naturaleza no tiene bot\u00f3n de pausa, ni entiende de p\u00e9rdidas ni pandemias, y en nuestra granja, las cabras necesitaban seguir pastando, deb\u00edamos seguir orde\u00f1ando y transformando.<\/p>\n<p>Este ritmo imparable, nos oblig\u00f3 a desarrollar nuestra creatividad para seguir dando salida a nuestros productos. Tal como Mahoma fue a la monta\u00f1a, nosotros fuimos a nuestros clientes, y <strong>nos lanzamos a la calle a repartir <\/strong>de casa en casa a los de siempre y a nuevos vecinos que el confinamiento acerc\u00f3 a nosotros.<\/p>\n<\/div><div class=\"fusion-image-element \" style=\"text-align:center;--awb-margin-top:50px;--awb-margin-bottom:50px;--awb-caption-title-font-family:var(--h2_typography-font-family);--awb-caption-title-font-weight:var(--h2_typography-font-weight);--awb-caption-title-font-style:var(--h2_typography-font-style);--awb-caption-title-size:var(--h2_typography-font-size);--awb-caption-title-transform:var(--h2_typography-text-transform);--awb-caption-title-line-height:var(--h2_typography-line-height);--awb-caption-title-letter-spacing:var(--h2_typography-letter-spacing);\"><span class=\" fusion-imageframe imageframe-none imageframe-2 hover-type-none\"><img decoding=\"async\" width=\"1600\" height=\"1202\" alt=\"Juan Oca\u00f1a y Ana Mateos (Fotograf\u00eda: J.C.Capel)\" title=\"Juan Oca\u00f1a y Ana Mateos (Fotograf\u00eda: J.C.Capel)\" src=\"https:\/\/quesossierracrestellina.es\/blog\/wp-content\/uploads\/2020\/12\/20200928-jccapel01.jpg\" class=\"img-responsive wp-image-1410\" srcset=\"https:\/\/quesossierracrestellina.es\/blog\/wp-content\/uploads\/2020\/12\/20200928-jccapel01-200x150.jpg 200w, https:\/\/quesossierracrestellina.es\/blog\/wp-content\/uploads\/2020\/12\/20200928-jccapel01-400x301.jpg 400w, https:\/\/quesossierracrestellina.es\/blog\/wp-content\/uploads\/2020\/12\/20200928-jccapel01-600x451.jpg 600w, https:\/\/quesossierracrestellina.es\/blog\/wp-content\/uploads\/2020\/12\/20200928-jccapel01-800x601.jpg 800w, https:\/\/quesossierracrestellina.es\/blog\/wp-content\/uploads\/2020\/12\/20200928-jccapel01-1200x902.jpg 1200w, https:\/\/quesossierracrestellina.es\/blog\/wp-content\/uploads\/2020\/12\/20200928-jccapel01.jpg 1600w\" sizes=\"(max-width: 1024px) 100vw, (max-width: 640px) 100vw, 1200px\" \/><\/span><\/div><div class=\"fusion-text fusion-text-3\"><p>Pero con el mundo puesto patas arriba, con la p\u00e9rdida de la piedra angular de nuestra familia y negocio, y desbordados por el nuevo d\u00eda a d\u00eda\u2026 inevitablemente tocamos fondo y nos vimos obligados a echar el freno y poner orden al terremoto personal y laboral que este a\u00f1o extra\u00f1o estaba dejando a su paso. Y entonces, <strong>nos toc\u00f3 hacer la reflexi\u00f3n del 2020 antes de tiempo. <\/strong><\/p>\n<\/div><div class=\"fusion-text fusion-text-4\"><p>Si bien ya antes \u00e9ramos conscientes de nuestros puntos d\u00e9biles, como<strong> vender <em>online<\/em><\/strong>, <strong>llegar a m\u00e1s clientes, producir en ecol\u00f3gico, divulgar nuestra labor y valores, 2020 ha sido el empuj\u00f3n definitivo. <\/strong>Y agradecemos a todas aquellas personas m\u00e1s o menos cercanas que durante este 2020 y que con tremenda generosidad y cari\u00f1o por nuestro proyecto nos han ayudado a ir tachando tareas pendientes. Al Ayuntamiento de Casares y sus t\u00e9cnicos por habernos ayudado a dar el <span style=\"color: #ff9900;\"><a style=\"color: #ff9900;\" href=\"https:\/\/www.quesossierracrestellina.es\/\">salto a <em>online<\/em><\/a><\/span>. A periodistas como <a href=\"https:\/\/www.diariosur.es\/sociedad\/juan-ocana-quesero-20200815221254-nt.html\" target=\"_blank\" rel=\"noopener\"><span style=\"color: #ff9900;\">Javier Almellones<\/span><\/a> o <span style=\"color: #ff9900;\"><a style=\"color: #ff9900;\" href=\"https:\/\/elpais.com\/elpais\/2020\/09\/27\/gastronotas_de_capel\/1601230889_939367.html\" target=\"_blank\" rel=\"noopener\">Jos\u00e9 Carlos Capel<\/a><\/span> que nos han dedicado art\u00edculos durante nuestros peores momentos.\u00a0 A Paco Garc\u00eda de El Lago por creer en nosotros y dar a conocer nuestros productos. Y por supuesto a nuestros clientes, y a aquellos que ahora son amigos y que son embajadores de nuestros productos. Algo debemos estar haciendo medio bien para que muchos crean en nosotros y ondeen nuestra bandera. <strong>\u00a1Gracias de coraz\u00f3n!<\/strong><\/p>\n<h2>\u00a1Hola 2021!<\/h2>\n<p>As\u00ed que, habiendo realizado ya nuestro ejercicio de reflexi\u00f3n y habi\u00e9ndonos puesto manos a la obra, nos encomendamos a este nuevo a\u00f1o con muchas ilusiones y proyectos que estamos deseando compartir. Entre ellos que, por fin <strong>en 2021 nos lanzamos a producir con sello ecol\u00f3gico<\/strong>, una de nuestras tareas pendientes y que suponen el broche final a una forma de hacer que ya ven\u00edamos practicando desde que comenzamos nuestra labor.<\/p>\n<\/div><div class=\"fusion-text fusion-text-5\"><p>Tambi\u00e9n en 2021 <strong>cambiaremos nuestra imagen de marca<\/strong> para que est\u00e9 m\u00e1s actualizada a los nuevos tiempos y con la intenci\u00f3n de que <strong>logre comunicar mejor nuestra esencia. <\/strong><\/p>\n<p><strong>Cambios esenciales que <\/strong>nos ayudaran a trasmitir todo lo que para nosotros es vital: <strong>concienciar<\/strong> sobre la importancia de <strong>consumir productos naturales<\/strong> y de proximidad que son clave para el respeto a nuestro entorno y a nosotros mismos.<\/p>\n<p>As\u00ed que a pesar de que 2020 haya sido un a\u00f1o dif\u00edcil, <strong>preferimos quedarnos con lo bueno y proyectarnos en positivo hacia el futuro<\/strong>. Porque somos m\u00e1s de seguir avanzando que de lamentarnos y porque creemos que aprender y mejorar son tan esenciales como respirar.<\/p>\n<p>Y, sobre todo, <strong>porque se lo debemos a Juan Oca\u00f1a padre<\/strong>, quien un d\u00eda hace ya casi 25 a\u00f1os so\u00f1\u00f3 a los pies de Sierra Crestellina con abrir una queser\u00eda. Se lo debemos a Ana Mateos, esposa, madre y maestra queresa sin la que aquella visi\u00f3n nunca se podr\u00eda haber materializado. \u00a0Se lo debemos a las generaciones anteriores de nuestra familia, que con tanto esfuerzo y sacrificio creyeron en esta forma de vida y cuyos valores calaron profundamente en nosotros, la cuarta generaci\u00f3n, \u00a0que pretende humildemente seguir engrandeciendo el sue\u00f1o, \u00a1Acompa\u00f1anos!<\/p>\n<\/div><div class=\"fusion-image-element \" style=\"text-align:center;--awb-margin-top:50px;--awb-caption-title-font-family:var(--h2_typography-font-family);--awb-caption-title-font-weight:var(--h2_typography-font-weight);--awb-caption-title-font-style:var(--h2_typography-font-style);--awb-caption-title-size:var(--h2_typography-font-size);--awb-caption-title-transform:var(--h2_typography-text-transform);--awb-caption-title-line-height:var(--h2_typography-line-height);--awb-caption-title-letter-spacing:var(--h2_typography-letter-spacing);\"><span class=\" fusion-imageframe imageframe-none imageframe-3 hover-type-none\"><img decoding=\"async\" width=\"575\" height=\"863\" alt=\"Juan Oca\u00f1a y Ana Mateos (Quesos Sierra Crestellina)\" title=\"Juan Oca\u00f1a y Ana Mateos (Quesos Sierra Crestellina)\" src=\"https:\/\/quesossierracrestellina.es\/blog\/wp-content\/uploads\/2020\/12\/padres-queseria.jpg\" class=\"img-responsive wp-image-1405\" srcset=\"https:\/\/quesossierracrestellina.es\/blog\/wp-content\/uploads\/2020\/12\/padres-queseria-200x300.jpg 200w, https:\/\/quesossierracrestellina.es\/blog\/wp-content\/uploads\/2020\/12\/padres-queseria-400x600.jpg 400w, https:\/\/quesossierracrestellina.es\/blog\/wp-content\/uploads\/2020\/12\/padres-queseria.jpg 575w\" sizes=\"(max-width: 1024px) 100vw, (max-width: 640px) 100vw, 575px\" \/><\/span><\/div><\/div><\/div><\/div><\/div>\n","protected":false},"excerpt":{"rendered":"","protected":false},"author":1,"featured_media":1415,"comment_status":"closed","ping_status":"open","sticky":false,"template":"","format":"standard","meta":{"footnotes":""},"categories":[7],"tags":[],"class_list":["post-1402","post","type-post","status-publish","format-standard","has-post-thumbnail","hentry","category-general"],"yoast_head":"<!-- This site is optimized with the Yoast SEO plugin v27.5 - https:\/\/yoast.com\/product\/yoast-seo-wordpress\/ -->\n<title>Adi\u00f3s 2020, hola 2021 - Crestellina<\/title>\n<meta name=\"robots\" content=\"index, follow, max-snippet:-1, max-image-preview:large, max-video-preview:-1\" \/>\n<link rel=\"canonical\" href=\"https:\/\/quesossierracrestellina.es\/blog\/2020\/12\/30\/adios-2020-hola-2021\/\" \/>\n<meta property=\"og:locale\" content=\"es_ES\" \/>\n<meta property=\"og:type\" content=\"article\" \/>\n<meta property=\"og:title\" content=\"Adi\u00f3s 2020, hola 2021 - Crestellina\" \/>\n<meta property=\"og:url\" content=\"https:\/\/quesossierracrestellina.es\/blog\/2020\/12\/30\/adios-2020-hola-2021\/\" \/>\n<meta property=\"og:site_name\" content=\"Crestellina\" \/>\n<meta property=\"article:publisher\" content=\"https:\/\/www.facebook.com\/quesoscrestellina.quesossierracrestellina\" \/>\n<meta property=\"article:published_time\" content=\"2020-12-30T22:01:39+00:00\" \/>\n<meta property=\"article:modified_time\" content=\"2020-12-30T22:05:17+00:00\" \/>\n<meta property=\"og:image\" content=\"https:\/\/quesossierracrestellina.es\/blog\/wp-content\/uploads\/2020\/12\/2020_2021_50A1095-rrss.jpg\" \/>\n\t<meta property=\"og:image:width\" content=\"1200\" \/>\n\t<meta property=\"og:image:height\" content=\"628\" \/>\n\t<meta property=\"og:image:type\" content=\"image\/jpeg\" \/>\n<meta name=\"author\" content=\"Quesos Sierra Crestellina\" \/>\n<meta name=\"twitter:card\" content=\"summary_large_image\" \/>\n<meta name=\"twitter:label1\" content=\"Escrito por\" \/>\n\t<meta name=\"twitter:data1\" content=\"Quesos Sierra Crestellina\" \/>\n\t<meta name=\"twitter:label2\" content=\"Tiempo de lectura\" \/>\n\t<meta name=\"twitter:data2\" content=\"10 minutos\" \/>\n<script type=\"application\/ld+json\" class=\"yoast-schema-graph\">{\"@context\":\"https:\\\/\\\/schema.org\",\"@graph\":[{\"@type\":\"Article\",\"@id\":\"https:\\\/\\\/quesossierracrestellina.es\\\/blog\\\/2020\\\/12\\\/30\\\/adios-2020-hola-2021\\\/#article\",\"isPartOf\":{\"@id\":\"https:\\\/\\\/quesossierracrestellina.es\\\/blog\\\/2020\\\/12\\\/30\\\/adios-2020-hola-2021\\\/\"},\"author\":{\"name\":\"Quesos Sierra Crestellina\",\"@id\":\"https:\\\/\\\/quesossierracrestellina.es\\\/blog\\\/#\\\/schema\\\/person\\\/1a1635cca8df433589af815239a1f94c\"},\"headline\":\"Adi\u00f3s 2020, hola 2021\",\"datePublished\":\"2020-12-30T22:01:39+00:00\",\"dateModified\":\"2020-12-30T22:05:17+00:00\",\"mainEntityOfPage\":{\"@id\":\"https:\\\/\\\/quesossierracrestellina.es\\\/blog\\\/2020\\\/12\\\/30\\\/adios-2020-hola-2021\\\/\"},\"wordCount\":2068,\"publisher\":{\"@id\":\"https:\\\/\\\/quesossierracrestellina.es\\\/blog\\\/#organization\"},\"image\":{\"@id\":\"https:\\\/\\\/quesossierracrestellina.es\\\/blog\\\/2020\\\/12\\\/30\\\/adios-2020-hola-2021\\\/#primaryimage\"},\"thumbnailUrl\":\"https:\\\/\\\/quesossierracrestellina.es\\\/blog\\\/wp-content\\\/uploads\\\/2020\\\/12\\\/2020_2021_50A1095-rrss.jpg\",\"articleSection\":[\"General\"],\"inLanguage\":\"es\"},{\"@type\":\"WebPage\",\"@id\":\"https:\\\/\\\/quesossierracrestellina.es\\\/blog\\\/2020\\\/12\\\/30\\\/adios-2020-hola-2021\\\/\",\"url\":\"https:\\\/\\\/quesossierracrestellina.es\\\/blog\\\/2020\\\/12\\\/30\\\/adios-2020-hola-2021\\\/\",\"name\":\"Adi\u00f3s 2020, hola 2021 - Crestellina\",\"isPartOf\":{\"@id\":\"https:\\\/\\\/quesossierracrestellina.es\\\/blog\\\/#website\"},\"primaryImageOfPage\":{\"@id\":\"https:\\\/\\\/quesossierracrestellina.es\\\/blog\\\/2020\\\/12\\\/30\\\/adios-2020-hola-2021\\\/#primaryimage\"},\"image\":{\"@id\":\"https:\\\/\\\/quesossierracrestellina.es\\\/blog\\\/2020\\\/12\\\/30\\\/adios-2020-hola-2021\\\/#primaryimage\"},\"thumbnailUrl\":\"https:\\\/\\\/quesossierracrestellina.es\\\/blog\\\/wp-content\\\/uploads\\\/2020\\\/12\\\/2020_2021_50A1095-rrss.jpg\",\"datePublished\":\"2020-12-30T22:01:39+00:00\",\"dateModified\":\"2020-12-30T22:05:17+00:00\",\"breadcrumb\":{\"@id\":\"https:\\\/\\\/quesossierracrestellina.es\\\/blog\\\/2020\\\/12\\\/30\\\/adios-2020-hola-2021\\\/#breadcrumb\"},\"inLanguage\":\"es\",\"potentialAction\":[{\"@type\":\"ReadAction\",\"target\":[\"https:\\\/\\\/quesossierracrestellina.es\\\/blog\\\/2020\\\/12\\\/30\\\/adios-2020-hola-2021\\\/\"]}]},{\"@type\":\"ImageObject\",\"inLanguage\":\"es\",\"@id\":\"https:\\\/\\\/quesossierracrestellina.es\\\/blog\\\/2020\\\/12\\\/30\\\/adios-2020-hola-2021\\\/#primaryimage\",\"url\":\"https:\\\/\\\/quesossierracrestellina.es\\\/blog\\\/wp-content\\\/uploads\\\/2020\\\/12\\\/2020_2021_50A1095-rrss.jpg\",\"contentUrl\":\"https:\\\/\\\/quesossierracrestellina.es\\\/blog\\\/wp-content\\\/uploads\\\/2020\\\/12\\\/2020_2021_50A1095-rrss.jpg\",\"width\":1200,\"height\":628,\"caption\":\"Adi\u00f3s 2020, \u00a1hola 2021!\"},{\"@type\":\"BreadcrumbList\",\"@id\":\"https:\\\/\\\/quesossierracrestellina.es\\\/blog\\\/2020\\\/12\\\/30\\\/adios-2020-hola-2021\\\/#breadcrumb\",\"itemListElement\":[{\"@type\":\"ListItem\",\"position\":1,\"name\":\"Portada\",\"item\":\"https:\\\/\\\/quesossierracrestellina.es\\\/blog\\\/\"},{\"@type\":\"ListItem\",\"position\":2,\"name\":\"Adi\u00f3s 2020, hola 2021\"}]},{\"@type\":\"WebSite\",\"@id\":\"https:\\\/\\\/quesossierracrestellina.es\\\/blog\\\/#website\",\"url\":\"https:\\\/\\\/quesossierracrestellina.es\\\/blog\\\/\",\"name\":\"Quesos Sierra Crestellina\",\"description\":\"Sencillos por naturaleza\",\"publisher\":{\"@id\":\"https:\\\/\\\/quesossierracrestellina.es\\\/blog\\\/#organization\"},\"potentialAction\":[{\"@type\":\"SearchAction\",\"target\":{\"@type\":\"EntryPoint\",\"urlTemplate\":\"https:\\\/\\\/quesossierracrestellina.es\\\/blog\\\/?s={search_term_string}\"},\"query-input\":{\"@type\":\"PropertyValueSpecification\",\"valueRequired\":true,\"valueName\":\"search_term_string\"}}],\"inLanguage\":\"es\"},{\"@type\":\"Organization\",\"@id\":\"https:\\\/\\\/quesossierracrestellina.es\\\/blog\\\/#organization\",\"name\":\"Quesos Sierra Crestellina\",\"url\":\"https:\\\/\\\/quesossierracrestellina.es\\\/blog\\\/\",\"logo\":{\"@type\":\"ImageObject\",\"inLanguage\":\"es\",\"@id\":\"https:\\\/\\\/quesossierracrestellina.es\\\/blog\\\/#\\\/schema\\\/logo\\\/image\\\/\",\"url\":\"https:\\\/\\\/quesossierracrestellina.es\\\/blog\\\/wp-content\\\/uploads\\\/2020\\\/05\\\/logo-crestellina.jpg\",\"contentUrl\":\"https:\\\/\\\/quesossierracrestellina.es\\\/blog\\\/wp-content\\\/uploads\\\/2020\\\/05\\\/logo-crestellina.jpg\",\"width\":800,\"height\":800,\"caption\":\"Quesos Sierra Crestellina\"},\"image\":{\"@id\":\"https:\\\/\\\/quesossierracrestellina.es\\\/blog\\\/#\\\/schema\\\/logo\\\/image\\\/\"},\"sameAs\":[\"https:\\\/\\\/www.facebook.com\\\/quesoscrestellina.quesossierracrestellina\",\"https:\\\/\\\/www.instagram.com\\\/queseriasierracrestellina\\\/\"]},{\"@type\":\"Person\",\"@id\":\"https:\\\/\\\/quesossierracrestellina.es\\\/blog\\\/#\\\/schema\\\/person\\\/1a1635cca8df433589af815239a1f94c\",\"name\":\"Quesos Sierra Crestellina\",\"image\":{\"@type\":\"ImageObject\",\"inLanguage\":\"es\",\"@id\":\"https:\\\/\\\/secure.gravatar.com\\\/avatar\\\/77dc2c8c07c777a6507b998eff202e7127f6688a33a22df7fc6e6ce7f6b9aea9?s=96&d=mm&r=g\",\"url\":\"https:\\\/\\\/secure.gravatar.com\\\/avatar\\\/77dc2c8c07c777a6507b998eff202e7127f6688a33a22df7fc6e6ce7f6b9aea9?s=96&d=mm&r=g\",\"contentUrl\":\"https:\\\/\\\/secure.gravatar.com\\\/avatar\\\/77dc2c8c07c777a6507b998eff202e7127f6688a33a22df7fc6e6ce7f6b9aea9?s=96&d=mm&r=g\",\"caption\":\"Quesos Sierra Crestellina\"},\"sameAs\":[\"https:\\\/\\\/quesossierracrestellina.es\\\/blog\"]}]}<\/script>\n<!-- \/ Yoast SEO plugin. -->","yoast_head_json":{"title":"Adi\u00f3s 2020, hola 2021 - Crestellina","robots":{"index":"index","follow":"follow","max-snippet":"max-snippet:-1","max-image-preview":"max-image-preview:large","max-video-preview":"max-video-preview:-1"},"canonical":"https:\/\/quesossierracrestellina.es\/blog\/2020\/12\/30\/adios-2020-hola-2021\/","og_locale":"es_ES","og_type":"article","og_title":"Adi\u00f3s 2020, hola 2021 - Crestellina","og_url":"https:\/\/quesossierracrestellina.es\/blog\/2020\/12\/30\/adios-2020-hola-2021\/","og_site_name":"Crestellina","article_publisher":"https:\/\/www.facebook.com\/quesoscrestellina.quesossierracrestellina","article_published_time":"2020-12-30T22:01:39+00:00","article_modified_time":"2020-12-30T22:05:17+00:00","og_image":[{"width":1200,"height":628,"url":"https:\/\/quesossierracrestellina.es\/blog\/wp-content\/uploads\/2020\/12\/2020_2021_50A1095-rrss.jpg","type":"image\/jpeg"}],"author":"Quesos Sierra Crestellina","twitter_card":"summary_large_image","twitter_misc":{"Escrito por":"Quesos Sierra Crestellina","Tiempo de lectura":"10 minutos"},"schema":{"@context":"https:\/\/schema.org","@graph":[{"@type":"Article","@id":"https:\/\/quesossierracrestellina.es\/blog\/2020\/12\/30\/adios-2020-hola-2021\/#article","isPartOf":{"@id":"https:\/\/quesossierracrestellina.es\/blog\/2020\/12\/30\/adios-2020-hola-2021\/"},"author":{"name":"Quesos Sierra Crestellina","@id":"https:\/\/quesossierracrestellina.es\/blog\/#\/schema\/person\/1a1635cca8df433589af815239a1f94c"},"headline":"Adi\u00f3s 2020, hola 2021","datePublished":"2020-12-30T22:01:39+00:00","dateModified":"2020-12-30T22:05:17+00:00","mainEntityOfPage":{"@id":"https:\/\/quesossierracrestellina.es\/blog\/2020\/12\/30\/adios-2020-hola-2021\/"},"wordCount":2068,"publisher":{"@id":"https:\/\/quesossierracrestellina.es\/blog\/#organization"},"image":{"@id":"https:\/\/quesossierracrestellina.es\/blog\/2020\/12\/30\/adios-2020-hola-2021\/#primaryimage"},"thumbnailUrl":"https:\/\/quesossierracrestellina.es\/blog\/wp-content\/uploads\/2020\/12\/2020_2021_50A1095-rrss.jpg","articleSection":["General"],"inLanguage":"es"},{"@type":"WebPage","@id":"https:\/\/quesossierracrestellina.es\/blog\/2020\/12\/30\/adios-2020-hola-2021\/","url":"https:\/\/quesossierracrestellina.es\/blog\/2020\/12\/30\/adios-2020-hola-2021\/","name":"Adi\u00f3s 2020, hola 2021 - Crestellina","isPartOf":{"@id":"https:\/\/quesossierracrestellina.es\/blog\/#website"},"primaryImageOfPage":{"@id":"https:\/\/quesossierracrestellina.es\/blog\/2020\/12\/30\/adios-2020-hola-2021\/#primaryimage"},"image":{"@id":"https:\/\/quesossierracrestellina.es\/blog\/2020\/12\/30\/adios-2020-hola-2021\/#primaryimage"},"thumbnailUrl":"https:\/\/quesossierracrestellina.es\/blog\/wp-content\/uploads\/2020\/12\/2020_2021_50A1095-rrss.jpg","datePublished":"2020-12-30T22:01:39+00:00","dateModified":"2020-12-30T22:05:17+00:00","breadcrumb":{"@id":"https:\/\/quesossierracrestellina.es\/blog\/2020\/12\/30\/adios-2020-hola-2021\/#breadcrumb"},"inLanguage":"es","potentialAction":[{"@type":"ReadAction","target":["https:\/\/quesossierracrestellina.es\/blog\/2020\/12\/30\/adios-2020-hola-2021\/"]}]},{"@type":"ImageObject","inLanguage":"es","@id":"https:\/\/quesossierracrestellina.es\/blog\/2020\/12\/30\/adios-2020-hola-2021\/#primaryimage","url":"https:\/\/quesossierracrestellina.es\/blog\/wp-content\/uploads\/2020\/12\/2020_2021_50A1095-rrss.jpg","contentUrl":"https:\/\/quesossierracrestellina.es\/blog\/wp-content\/uploads\/2020\/12\/2020_2021_50A1095-rrss.jpg","width":1200,"height":628,"caption":"Adi\u00f3s 2020, \u00a1hola 2021!"},{"@type":"BreadcrumbList","@id":"https:\/\/quesossierracrestellina.es\/blog\/2020\/12\/30\/adios-2020-hola-2021\/#breadcrumb","itemListElement":[{"@type":"ListItem","position":1,"name":"Portada","item":"https:\/\/quesossierracrestellina.es\/blog\/"},{"@type":"ListItem","position":2,"name":"Adi\u00f3s 2020, hola 2021"}]},{"@type":"WebSite","@id":"https:\/\/quesossierracrestellina.es\/blog\/#website","url":"https:\/\/quesossierracrestellina.es\/blog\/","name":"Quesos Sierra Crestellina","description":"Sencillos por naturaleza","publisher":{"@id":"https:\/\/quesossierracrestellina.es\/blog\/#organization"},"potentialAction":[{"@type":"SearchAction","target":{"@type":"EntryPoint","urlTemplate":"https:\/\/quesossierracrestellina.es\/blog\/?s={search_term_string}"},"query-input":{"@type":"PropertyValueSpecification","valueRequired":true,"valueName":"search_term_string"}}],"inLanguage":"es"},{"@type":"Organization","@id":"https:\/\/quesossierracrestellina.es\/blog\/#organization","name":"Quesos Sierra Crestellina","url":"https:\/\/quesossierracrestellina.es\/blog\/","logo":{"@type":"ImageObject","inLanguage":"es","@id":"https:\/\/quesossierracrestellina.es\/blog\/#\/schema\/logo\/image\/","url":"https:\/\/quesossierracrestellina.es\/blog\/wp-content\/uploads\/2020\/05\/logo-crestellina.jpg","contentUrl":"https:\/\/quesossierracrestellina.es\/blog\/wp-content\/uploads\/2020\/05\/logo-crestellina.jpg","width":800,"height":800,"caption":"Quesos Sierra Crestellina"},"image":{"@id":"https:\/\/quesossierracrestellina.es\/blog\/#\/schema\/logo\/image\/"},"sameAs":["https:\/\/www.facebook.com\/quesoscrestellina.quesossierracrestellina","https:\/\/www.instagram.com\/queseriasierracrestellina\/"]},{"@type":"Person","@id":"https:\/\/quesossierracrestellina.es\/blog\/#\/schema\/person\/1a1635cca8df433589af815239a1f94c","name":"Quesos Sierra Crestellina","image":{"@type":"ImageObject","inLanguage":"es","@id":"https:\/\/secure.gravatar.com\/avatar\/77dc2c8c07c777a6507b998eff202e7127f6688a33a22df7fc6e6ce7f6b9aea9?s=96&d=mm&r=g","url":"https:\/\/secure.gravatar.com\/avatar\/77dc2c8c07c777a6507b998eff202e7127f6688a33a22df7fc6e6ce7f6b9aea9?s=96&d=mm&r=g","contentUrl":"https:\/\/secure.gravatar.com\/avatar\/77dc2c8c07c777a6507b998eff202e7127f6688a33a22df7fc6e6ce7f6b9aea9?s=96&d=mm&r=g","caption":"Quesos Sierra Crestellina"},"sameAs":["https:\/\/quesossierracrestellina.es\/blog"]}]}},"_links":{"self":[{"href":"https:\/\/quesossierracrestellina.es\/blog\/wp-json\/wp\/v2\/posts\/1402","targetHints":{"allow":["GET"]}}],"collection":[{"href":"https:\/\/quesossierracrestellina.es\/blog\/wp-json\/wp\/v2\/posts"}],"about":[{"href":"https:\/\/quesossierracrestellina.es\/blog\/wp-json\/wp\/v2\/types\/post"}],"author":[{"embeddable":true,"href":"https:\/\/quesossierracrestellina.es\/blog\/wp-json\/wp\/v2\/users\/1"}],"replies":[{"embeddable":true,"href":"https:\/\/quesossierracrestellina.es\/blog\/wp-json\/wp\/v2\/comments?post=1402"}],"version-history":[{"count":7,"href":"https:\/\/quesossierracrestellina.es\/blog\/wp-json\/wp\/v2\/posts\/1402\/revisions"}],"predecessor-version":[{"id":1414,"href":"https:\/\/quesossierracrestellina.es\/blog\/wp-json\/wp\/v2\/posts\/1402\/revisions\/1414"}],"wp:featuredmedia":[{"embeddable":true,"href":"https:\/\/quesossierracrestellina.es\/blog\/wp-json\/wp\/v2\/media\/1415"}],"wp:attachment":[{"href":"https:\/\/quesossierracrestellina.es\/blog\/wp-json\/wp\/v2\/media?parent=1402"}],"wp:term":[{"taxonomy":"category","embeddable":true,"href":"https:\/\/quesossierracrestellina.es\/blog\/wp-json\/wp\/v2\/categories?post=1402"},{"taxonomy":"post_tag","embeddable":true,"href":"https:\/\/quesossierracrestellina.es\/blog\/wp-json\/wp\/v2\/tags?post=1402"}],"curies":[{"name":"wp","href":"https:\/\/api.w.org\/{rel}","templated":true}]}}