{"id":1500,"date":"2022-02-04T11:33:14","date_gmt":"2022-02-04T11:33:14","guid":{"rendered":"https:\/\/quesossierracrestellina.es\/blog\/?p=1500"},"modified":"2022-02-10T08:12:49","modified_gmt":"2022-02-10T08:12:49","slug":"crestellina-se-ha-llenado-de-chivitos","status":"publish","type":"post","link":"https:\/\/quesossierracrestellina.es\/blog\/2022\/02\/04\/crestellina-se-ha-llenado-de-chivitos\/","title":{"rendered":"\u00a1Crestellina se ha llenado de chivitos!"},"content":{"rendered":"<div class=\"fusion-fullwidth fullwidth-box fusion-builder-row-1 fusion-flex-container nonhundred-percent-fullwidth non-hundred-percent-height-scrolling\" style=\"--awb-border-radius-top-left:0px;--awb-border-radius-top-right:0px;--awb-border-radius-bottom-right:0px;--awb-border-radius-bottom-left:0px;--awb-flex-wrap:wrap;\" ><div class=\"fusion-builder-row fusion-row fusion-flex-align-items-flex-start fusion-flex-content-wrap\" style=\"max-width:1216.8px;margin-left: calc(-4% \/ 2 );margin-right: calc(-4% \/ 2 );\"><div class=\"fusion-layout-column fusion_builder_column fusion-builder-column-0 fusion_builder_column_1_1 1_1 fusion-flex-column\" style=\"--awb-bg-size:cover;--awb-width-large:100%;--awb-margin-top-large:0px;--awb-spacing-right-large:1.92%;--awb-margin-bottom-large:20px;--awb-spacing-left-large:1.92%;--awb-width-medium:100%;--awb-order-medium:0;--awb-spacing-right-medium:1.92%;--awb-spacing-left-medium:1.92%;--awb-width-small:100%;--awb-order-small:0;--awb-spacing-right-small:1.92%;--awb-spacing-left-small:1.92%;\"><div class=\"fusion-column-wrapper fusion-column-has-shadow fusion-flex-justify-content-flex-start fusion-content-layout-column\"><div class=\"fusion-image-element \" style=\"text-align:center;--awb-margin-bottom:25px;--awb-caption-title-font-family:var(--h2_typography-font-family);--awb-caption-title-font-weight:var(--h2_typography-font-weight);--awb-caption-title-font-style:var(--h2_typography-font-style);--awb-caption-title-size:var(--h2_typography-font-size);--awb-caption-title-transform:var(--h2_typography-text-transform);--awb-caption-title-line-height:var(--h2_typography-line-height);--awb-caption-title-letter-spacing:var(--h2_typography-letter-spacing);\"><span class=\" fusion-imageframe imageframe-none imageframe-1 hover-type-none\"><img decoding=\"async\" width=\"900\" height=\"900\" alt=\"Chivitos (Crestellina)\" title=\"Chivitos (Crestellina)\" src=\"https:\/\/quesossierracrestellina.es\/blog\/wp-content\/uploads\/2022\/02\/chivitos-2022.jpg\" class=\"img-responsive wp-image-1501\" srcset=\"https:\/\/quesossierracrestellina.es\/blog\/wp-content\/uploads\/2022\/02\/chivitos-2022-200x200.jpg 200w, https:\/\/quesossierracrestellina.es\/blog\/wp-content\/uploads\/2022\/02\/chivitos-2022-400x400.jpg 400w, https:\/\/quesossierracrestellina.es\/blog\/wp-content\/uploads\/2022\/02\/chivitos-2022-600x600.jpg 600w, https:\/\/quesossierracrestellina.es\/blog\/wp-content\/uploads\/2022\/02\/chivitos-2022-800x800.jpg 800w, https:\/\/quesossierracrestellina.es\/blog\/wp-content\/uploads\/2022\/02\/chivitos-2022.jpg 900w\" sizes=\"(max-width: 1024px) 100vw, (max-width: 640px) 100vw, 900px\" \/><\/span><\/div><div class=\"fusion-text fusion-text-1\" style=\"--awb-text-transform:none;\"><p>\u00a1Crestellina se ha llenado de chivitos! Ya est\u00e1n naciendo las cabritas, as\u00ed que si ten\u00edas pensado venir a Casares y unirte a una de nuestras experiencias <strong>\u00a1esta es la mejor \u00e9poca del a\u00f1o!<\/strong><\/p>\n<h3>\u00abHaz tu queso de cabra payoya\u00bb<\/h3>\n<p>Dura 1,5h, visitar\u00e1s a las cabras y te llevar\u00e1s a casa un queso fresco<\/p>\n<p><strong>17\u20ac adulto \/ 13\u20ac ni\u00f1o<\/strong><\/p>\n<h3>\u00abCabrero y quesero por un d\u00eda\u00bb<\/h3>\n<p>Dura 3h y es la experiencia m\u00e1s completa. Aprender\u00e1s del d\u00eda a d\u00eda del cabrero, podr\u00e1s orde\u00f1ar a las cabras, las ver\u00e1s salir a pastar a la sierra, ver\u00e1s una demostracci\u00f3n de tiro con honda y te llevart\u00e1s a casa un queso hecho por ti.<\/p>\n<p><strong>30\u20ac adulto \/15 \u20ac ni\u00f1o<\/strong><\/p>\n<\/div><div id=\"rpsv_IncWidgetDistr\" style=\"width: 100%; float: left;\"><script type=\"text\/javascript\" id_panel=\"746\" id_epigrafe=\"0\" id_destino=\"5130\" id_punto_venta=\"6515\" id_idioma=\"0\" paramHash=\"1f35d4626e4f6f31f9860213a5e9315d76e18476\" src=\"https:\/\/mrplan.io\/experiencias\/modulos\/TExpDistribucion\/lib\/TExpDistribucionInc.php?paramHash=1f35d4626e4f6f31f9860213a5e9315d76e18476\"><\/script><\/div><div style=\"text-align:center;\"><a class=\"fusion-button button-flat fusion-button-default-size button-default fusion-button-default button-1 fusion-button-default-span fusion-button-default-type\" style=\"--awb-margin-top:25px;\" target=\"_self\" href=\"https:\/\/quesossierracrestellina.es\/blog\/reservas-eng\/\"><span class=\"fusion-button-text awb-button__text awb-button__text--default\">Visits in English<\/span><\/a><\/div><\/div><\/div><\/div><\/div>\n","protected":false},"excerpt":{"rendered":"","protected":false},"author":1,"featured_media":1502,"comment_status":"closed","ping_status":"open","sticky":false,"template":"","format":"standard","meta":{"footnotes":""},"categories":[37],"tags":[68],"class_list":["post-1500","post","type-post","status-publish","format-standard","has-post-thumbnail","hentry","category-talleres","tag-talleres-de-elaboracion-de-queso"],"yoast_head":"<!-- This site is optimized with the Yoast SEO plugin v27.5 - https:\/\/yoast.com\/product\/yoast-seo-wordpress\/ -->\n<title>\u00a1Crestellina se ha llenado de chivitos!<\/title>\n<meta name=\"description\" content=\"Ya est\u00e1n naciendo las cabritas, as\u00ed que si ten\u00edas pensado unirte a una de nuestras experiencias \u00a1Esta es la mejor \u00e9poca del a\u00f1o!\" \/>\n<meta name=\"robots\" content=\"index, follow, max-snippet:-1, max-image-preview:large, max-video-preview:-1\" \/>\n<link rel=\"canonical\" href=\"https:\/\/quesossierracrestellina.es\/blog\/2022\/02\/04\/crestellina-se-ha-llenado-de-chivitos\/\" \/>\n<meta property=\"og:locale\" content=\"es_ES\" \/>\n<meta property=\"og:type\" content=\"article\" \/>\n<meta property=\"og:title\" content=\"\u00a1Crestellina se ha llenado de chivitos!\" \/>\n<meta property=\"og:description\" content=\"Ya est\u00e1n naciendo las cabritas, as\u00ed que si ten\u00edas pensado unirte a una de nuestras experiencias \u00a1Esta es la mejor \u00e9poca del a\u00f1o!\" \/>\n<meta property=\"og:url\" content=\"https:\/\/quesossierracrestellina.es\/blog\/2022\/02\/04\/crestellina-se-ha-llenado-de-chivitos\/\" \/>\n<meta property=\"og:site_name\" content=\"Crestellina\" \/>\n<meta property=\"article:publisher\" content=\"https:\/\/www.facebook.com\/quesoscrestellina.quesossierracrestellina\" \/>\n<meta property=\"article:published_time\" content=\"2022-02-04T11:33:14+00:00\" \/>\n<meta property=\"article:modified_time\" content=\"2022-02-10T08:12:49+00:00\" \/>\n<meta property=\"og:image\" content=\"https:\/\/quesossierracrestellina.es\/blog\/wp-content\/uploads\/2022\/02\/chivitos-2022-fb.jpg\" \/>\n\t<meta property=\"og:image:width\" content=\"900\" \/>\n\t<meta property=\"og:image:height\" content=\"600\" \/>\n\t<meta property=\"og:image:type\" content=\"image\/jpeg\" \/>\n<meta name=\"author\" content=\"Quesos Sierra Crestellina\" \/>\n<meta name=\"twitter:card\" content=\"summary_large_image\" \/>\n<meta name=\"twitter:label1\" content=\"Escrito por\" \/>\n\t<meta name=\"twitter:data1\" content=\"Quesos Sierra Crestellina\" \/>\n\t<meta name=\"twitter:label2\" content=\"Tiempo de lectura\" \/>\n\t<meta name=\"twitter:data2\" content=\"2 minutos\" \/>\n<script type=\"application\/ld+json\" class=\"yoast-schema-graph\">{\"@context\":\"https:\\\/\\\/schema.org\",\"@graph\":[{\"@type\":\"Article\",\"@id\":\"https:\\\/\\\/quesossierracrestellina.es\\\/blog\\\/2022\\\/02\\\/04\\\/crestellina-se-ha-llenado-de-chivitos\\\/#article\",\"isPartOf\":{\"@id\":\"https:\\\/\\\/quesossierracrestellina.es\\\/blog\\\/2022\\\/02\\\/04\\\/crestellina-se-ha-llenado-de-chivitos\\\/\"},\"author\":{\"name\":\"Quesos Sierra Crestellina\",\"@id\":\"https:\\\/\\\/quesossierracrestellina.es\\\/blog\\\/#\\\/schema\\\/person\\\/1a1635cca8df433589af815239a1f94c\"},\"headline\":\"\u00a1Crestellina se ha llenado de chivitos!\",\"datePublished\":\"2022-02-04T11:33:14+00:00\",\"dateModified\":\"2022-02-10T08:12:49+00:00\",\"mainEntityOfPage\":{\"@id\":\"https:\\\/\\\/quesossierracrestellina.es\\\/blog\\\/2022\\\/02\\\/04\\\/crestellina-se-ha-llenado-de-chivitos\\\/\"},\"wordCount\":1260,\"publisher\":{\"@id\":\"https:\\\/\\\/quesossierracrestellina.es\\\/blog\\\/#organization\"},\"image\":{\"@id\":\"https:\\\/\\\/quesossierracrestellina.es\\\/blog\\\/2022\\\/02\\\/04\\\/crestellina-se-ha-llenado-de-chivitos\\\/#primaryimage\"},\"thumbnailUrl\":\"https:\\\/\\\/quesossierracrestellina.es\\\/blog\\\/wp-content\\\/uploads\\\/2022\\\/02\\\/chivitos-2022-fb.jpg\",\"keywords\":[\"Talleres de elaboraci\u00f3n de queso\"],\"articleSection\":[\"Talleres\"],\"inLanguage\":\"es\"},{\"@type\":\"WebPage\",\"@id\":\"https:\\\/\\\/quesossierracrestellina.es\\\/blog\\\/2022\\\/02\\\/04\\\/crestellina-se-ha-llenado-de-chivitos\\\/\",\"url\":\"https:\\\/\\\/quesossierracrestellina.es\\\/blog\\\/2022\\\/02\\\/04\\\/crestellina-se-ha-llenado-de-chivitos\\\/\",\"name\":\"\u00a1Crestellina se ha llenado de chivitos!\",\"isPartOf\":{\"@id\":\"https:\\\/\\\/quesossierracrestellina.es\\\/blog\\\/#website\"},\"primaryImageOfPage\":{\"@id\":\"https:\\\/\\\/quesossierracrestellina.es\\\/blog\\\/2022\\\/02\\\/04\\\/crestellina-se-ha-llenado-de-chivitos\\\/#primaryimage\"},\"image\":{\"@id\":\"https:\\\/\\\/quesossierracrestellina.es\\\/blog\\\/2022\\\/02\\\/04\\\/crestellina-se-ha-llenado-de-chivitos\\\/#primaryimage\"},\"thumbnailUrl\":\"https:\\\/\\\/quesossierracrestellina.es\\\/blog\\\/wp-content\\\/uploads\\\/2022\\\/02\\\/chivitos-2022-fb.jpg\",\"datePublished\":\"2022-02-04T11:33:14+00:00\",\"dateModified\":\"2022-02-10T08:12:49+00:00\",\"description\":\"Ya est\u00e1n naciendo las cabritas, as\u00ed que si ten\u00edas pensado unirte a una de nuestras experiencias \u00a1Esta es la mejor \u00e9poca del a\u00f1o!\",\"breadcrumb\":{\"@id\":\"https:\\\/\\\/quesossierracrestellina.es\\\/blog\\\/2022\\\/02\\\/04\\\/crestellina-se-ha-llenado-de-chivitos\\\/#breadcrumb\"},\"inLanguage\":\"es\",\"potentialAction\":[{\"@type\":\"ReadAction\",\"target\":[\"https:\\\/\\\/quesossierracrestellina.es\\\/blog\\\/2022\\\/02\\\/04\\\/crestellina-se-ha-llenado-de-chivitos\\\/\"]}]},{\"@type\":\"ImageObject\",\"inLanguage\":\"es\",\"@id\":\"https:\\\/\\\/quesossierracrestellina.es\\\/blog\\\/2022\\\/02\\\/04\\\/crestellina-se-ha-llenado-de-chivitos\\\/#primaryimage\",\"url\":\"https:\\\/\\\/quesossierracrestellina.es\\\/blog\\\/wp-content\\\/uploads\\\/2022\\\/02\\\/chivitos-2022-fb.jpg\",\"contentUrl\":\"https:\\\/\\\/quesossierracrestellina.es\\\/blog\\\/wp-content\\\/uploads\\\/2022\\\/02\\\/chivitos-2022-fb.jpg\",\"width\":900,\"height\":600,\"caption\":\"Chivitos (Crestellina)\"},{\"@type\":\"BreadcrumbList\",\"@id\":\"https:\\\/\\\/quesossierracrestellina.es\\\/blog\\\/2022\\\/02\\\/04\\\/crestellina-se-ha-llenado-de-chivitos\\\/#breadcrumb\",\"itemListElement\":[{\"@type\":\"ListItem\",\"position\":1,\"name\":\"Portada\",\"item\":\"https:\\\/\\\/quesossierracrestellina.es\\\/blog\\\/\"},{\"@type\":\"ListItem\",\"position\":2,\"name\":\"\u00a1Crestellina se ha llenado de chivitos!\"}]},{\"@type\":\"WebSite\",\"@id\":\"https:\\\/\\\/quesossierracrestellina.es\\\/blog\\\/#website\",\"url\":\"https:\\\/\\\/quesossierracrestellina.es\\\/blog\\\/\",\"name\":\"Quesos Sierra Crestellina\",\"description\":\"Sencillos por naturaleza\",\"publisher\":{\"@id\":\"https:\\\/\\\/quesossierracrestellina.es\\\/blog\\\/#organization\"},\"potentialAction\":[{\"@type\":\"SearchAction\",\"target\":{\"@type\":\"EntryPoint\",\"urlTemplate\":\"https:\\\/\\\/quesossierracrestellina.es\\\/blog\\\/?s={search_term_string}\"},\"query-input\":{\"@type\":\"PropertyValueSpecification\",\"valueRequired\":true,\"valueName\":\"search_term_string\"}}],\"inLanguage\":\"es\"},{\"@type\":\"Organization\",\"@id\":\"https:\\\/\\\/quesossierracrestellina.es\\\/blog\\\/#organization\",\"name\":\"Quesos Sierra Crestellina\",\"url\":\"https:\\\/\\\/quesossierracrestellina.es\\\/blog\\\/\",\"logo\":{\"@type\":\"ImageObject\",\"inLanguage\":\"es\",\"@id\":\"https:\\\/\\\/quesossierracrestellina.es\\\/blog\\\/#\\\/schema\\\/logo\\\/image\\\/\",\"url\":\"https:\\\/\\\/quesossierracrestellina.es\\\/blog\\\/wp-content\\\/uploads\\\/2020\\\/05\\\/logo-crestellina.jpg\",\"contentUrl\":\"https:\\\/\\\/quesossierracrestellina.es\\\/blog\\\/wp-content\\\/uploads\\\/2020\\\/05\\\/logo-crestellina.jpg\",\"width\":800,\"height\":800,\"caption\":\"Quesos Sierra Crestellina\"},\"image\":{\"@id\":\"https:\\\/\\\/quesossierracrestellina.es\\\/blog\\\/#\\\/schema\\\/logo\\\/image\\\/\"},\"sameAs\":[\"https:\\\/\\\/www.facebook.com\\\/quesoscrestellina.quesossierracrestellina\",\"https:\\\/\\\/www.instagram.com\\\/queseriasierracrestellina\\\/\"]},{\"@type\":\"Person\",\"@id\":\"https:\\\/\\\/quesossierracrestellina.es\\\/blog\\\/#\\\/schema\\\/person\\\/1a1635cca8df433589af815239a1f94c\",\"name\":\"Quesos Sierra Crestellina\",\"image\":{\"@type\":\"ImageObject\",\"inLanguage\":\"es\",\"@id\":\"https:\\\/\\\/secure.gravatar.com\\\/avatar\\\/77dc2c8c07c777a6507b998eff202e7127f6688a33a22df7fc6e6ce7f6b9aea9?s=96&d=mm&r=g\",\"url\":\"https:\\\/\\\/secure.gravatar.com\\\/avatar\\\/77dc2c8c07c777a6507b998eff202e7127f6688a33a22df7fc6e6ce7f6b9aea9?s=96&d=mm&r=g\",\"contentUrl\":\"https:\\\/\\\/secure.gravatar.com\\\/avatar\\\/77dc2c8c07c777a6507b998eff202e7127f6688a33a22df7fc6e6ce7f6b9aea9?s=96&d=mm&r=g\",\"caption\":\"Quesos Sierra Crestellina\"},\"sameAs\":[\"https:\\\/\\\/quesossierracrestellina.es\\\/blog\"]}]}<\/script>\n<!-- \/ Yoast SEO plugin. -->","yoast_head_json":{"title":"\u00a1Crestellina se ha llenado de chivitos!","description":"Ya est\u00e1n naciendo las cabritas, as\u00ed que si ten\u00edas pensado unirte a una de nuestras experiencias \u00a1Esta es la mejor \u00e9poca del a\u00f1o!","robots":{"index":"index","follow":"follow","max-snippet":"max-snippet:-1","max-image-preview":"max-image-preview:large","max-video-preview":"max-video-preview:-1"},"canonical":"https:\/\/quesossierracrestellina.es\/blog\/2022\/02\/04\/crestellina-se-ha-llenado-de-chivitos\/","og_locale":"es_ES","og_type":"article","og_title":"\u00a1Crestellina se ha llenado de chivitos!","og_description":"Ya est\u00e1n naciendo las cabritas, as\u00ed que si ten\u00edas pensado unirte a una de nuestras experiencias \u00a1Esta es la mejor \u00e9poca del a\u00f1o!","og_url":"https:\/\/quesossierracrestellina.es\/blog\/2022\/02\/04\/crestellina-se-ha-llenado-de-chivitos\/","og_site_name":"Crestellina","article_publisher":"https:\/\/www.facebook.com\/quesoscrestellina.quesossierracrestellina","article_published_time":"2022-02-04T11:33:14+00:00","article_modified_time":"2022-02-10T08:12:49+00:00","og_image":[{"width":900,"height":600,"url":"https:\/\/quesossierracrestellina.es\/blog\/wp-content\/uploads\/2022\/02\/chivitos-2022-fb.jpg","type":"image\/jpeg"}],"author":"Quesos Sierra Crestellina","twitter_card":"summary_large_image","twitter_misc":{"Escrito por":"Quesos Sierra Crestellina","Tiempo de lectura":"2 minutos"},"schema":{"@context":"https:\/\/schema.org","@graph":[{"@type":"Article","@id":"https:\/\/quesossierracrestellina.es\/blog\/2022\/02\/04\/crestellina-se-ha-llenado-de-chivitos\/#article","isPartOf":{"@id":"https:\/\/quesossierracrestellina.es\/blog\/2022\/02\/04\/crestellina-se-ha-llenado-de-chivitos\/"},"author":{"name":"Quesos Sierra Crestellina","@id":"https:\/\/quesossierracrestellina.es\/blog\/#\/schema\/person\/1a1635cca8df433589af815239a1f94c"},"headline":"\u00a1Crestellina se ha llenado de chivitos!","datePublished":"2022-02-04T11:33:14+00:00","dateModified":"2022-02-10T08:12:49+00:00","mainEntityOfPage":{"@id":"https:\/\/quesossierracrestellina.es\/blog\/2022\/02\/04\/crestellina-se-ha-llenado-de-chivitos\/"},"wordCount":1260,"publisher":{"@id":"https:\/\/quesossierracrestellina.es\/blog\/#organization"},"image":{"@id":"https:\/\/quesossierracrestellina.es\/blog\/2022\/02\/04\/crestellina-se-ha-llenado-de-chivitos\/#primaryimage"},"thumbnailUrl":"https:\/\/quesossierracrestellina.es\/blog\/wp-content\/uploads\/2022\/02\/chivitos-2022-fb.jpg","keywords":["Talleres de elaboraci\u00f3n de queso"],"articleSection":["Talleres"],"inLanguage":"es"},{"@type":"WebPage","@id":"https:\/\/quesossierracrestellina.es\/blog\/2022\/02\/04\/crestellina-se-ha-llenado-de-chivitos\/","url":"https:\/\/quesossierracrestellina.es\/blog\/2022\/02\/04\/crestellina-se-ha-llenado-de-chivitos\/","name":"\u00a1Crestellina se ha llenado de chivitos!","isPartOf":{"@id":"https:\/\/quesossierracrestellina.es\/blog\/#website"},"primaryImageOfPage":{"@id":"https:\/\/quesossierracrestellina.es\/blog\/2022\/02\/04\/crestellina-se-ha-llenado-de-chivitos\/#primaryimage"},"image":{"@id":"https:\/\/quesossierracrestellina.es\/blog\/2022\/02\/04\/crestellina-se-ha-llenado-de-chivitos\/#primaryimage"},"thumbnailUrl":"https:\/\/quesossierracrestellina.es\/blog\/wp-content\/uploads\/2022\/02\/chivitos-2022-fb.jpg","datePublished":"2022-02-04T11:33:14+00:00","dateModified":"2022-02-10T08:12:49+00:00","description":"Ya est\u00e1n naciendo las cabritas, as\u00ed que si ten\u00edas pensado unirte a una de nuestras experiencias \u00a1Esta es la mejor \u00e9poca del a\u00f1o!","breadcrumb":{"@id":"https:\/\/quesossierracrestellina.es\/blog\/2022\/02\/04\/crestellina-se-ha-llenado-de-chivitos\/#breadcrumb"},"inLanguage":"es","potentialAction":[{"@type":"ReadAction","target":["https:\/\/quesossierracrestellina.es\/blog\/2022\/02\/04\/crestellina-se-ha-llenado-de-chivitos\/"]}]},{"@type":"ImageObject","inLanguage":"es","@id":"https:\/\/quesossierracrestellina.es\/blog\/2022\/02\/04\/crestellina-se-ha-llenado-de-chivitos\/#primaryimage","url":"https:\/\/quesossierracrestellina.es\/blog\/wp-content\/uploads\/2022\/02\/chivitos-2022-fb.jpg","contentUrl":"https:\/\/quesossierracrestellina.es\/blog\/wp-content\/uploads\/2022\/02\/chivitos-2022-fb.jpg","width":900,"height":600,"caption":"Chivitos (Crestellina)"},{"@type":"BreadcrumbList","@id":"https:\/\/quesossierracrestellina.es\/blog\/2022\/02\/04\/crestellina-se-ha-llenado-de-chivitos\/#breadcrumb","itemListElement":[{"@type":"ListItem","position":1,"name":"Portada","item":"https:\/\/quesossierracrestellina.es\/blog\/"},{"@type":"ListItem","position":2,"name":"\u00a1Crestellina se ha llenado de chivitos!"}]},{"@type":"WebSite","@id":"https:\/\/quesossierracrestellina.es\/blog\/#website","url":"https:\/\/quesossierracrestellina.es\/blog\/","name":"Quesos Sierra Crestellina","description":"Sencillos por naturaleza","publisher":{"@id":"https:\/\/quesossierracrestellina.es\/blog\/#organization"},"potentialAction":[{"@type":"SearchAction","target":{"@type":"EntryPoint","urlTemplate":"https:\/\/quesossierracrestellina.es\/blog\/?s={search_term_string}"},"query-input":{"@type":"PropertyValueSpecification","valueRequired":true,"valueName":"search_term_string"}}],"inLanguage":"es"},{"@type":"Organization","@id":"https:\/\/quesossierracrestellina.es\/blog\/#organization","name":"Quesos Sierra Crestellina","url":"https:\/\/quesossierracrestellina.es\/blog\/","logo":{"@type":"ImageObject","inLanguage":"es","@id":"https:\/\/quesossierracrestellina.es\/blog\/#\/schema\/logo\/image\/","url":"https:\/\/quesossierracrestellina.es\/blog\/wp-content\/uploads\/2020\/05\/logo-crestellina.jpg","contentUrl":"https:\/\/quesossierracrestellina.es\/blog\/wp-content\/uploads\/2020\/05\/logo-crestellina.jpg","width":800,"height":800,"caption":"Quesos Sierra Crestellina"},"image":{"@id":"https:\/\/quesossierracrestellina.es\/blog\/#\/schema\/logo\/image\/"},"sameAs":["https:\/\/www.facebook.com\/quesoscrestellina.quesossierracrestellina","https:\/\/www.instagram.com\/queseriasierracrestellina\/"]},{"@type":"Person","@id":"https:\/\/quesossierracrestellina.es\/blog\/#\/schema\/person\/1a1635cca8df433589af815239a1f94c","name":"Quesos Sierra Crestellina","image":{"@type":"ImageObject","inLanguage":"es","@id":"https:\/\/secure.gravatar.com\/avatar\/77dc2c8c07c777a6507b998eff202e7127f6688a33a22df7fc6e6ce7f6b9aea9?s=96&d=mm&r=g","url":"https:\/\/secure.gravatar.com\/avatar\/77dc2c8c07c777a6507b998eff202e7127f6688a33a22df7fc6e6ce7f6b9aea9?s=96&d=mm&r=g","contentUrl":"https:\/\/secure.gravatar.com\/avatar\/77dc2c8c07c777a6507b998eff202e7127f6688a33a22df7fc6e6ce7f6b9aea9?s=96&d=mm&r=g","caption":"Quesos Sierra Crestellina"},"sameAs":["https:\/\/quesossierracrestellina.es\/blog"]}]}},"_links":{"self":[{"href":"https:\/\/quesossierracrestellina.es\/blog\/wp-json\/wp\/v2\/posts\/1500","targetHints":{"allow":["GET"]}}],"collection":[{"href":"https:\/\/quesossierracrestellina.es\/blog\/wp-json\/wp\/v2\/posts"}],"about":[{"href":"https:\/\/quesossierracrestellina.es\/blog\/wp-json\/wp\/v2\/types\/post"}],"author":[{"embeddable":true,"href":"https:\/\/quesossierracrestellina.es\/blog\/wp-json\/wp\/v2\/users\/1"}],"replies":[{"embeddable":true,"href":"https:\/\/quesossierracrestellina.es\/blog\/wp-json\/wp\/v2\/comments?post=1500"}],"version-history":[{"count":4,"href":"https:\/\/quesossierracrestellina.es\/blog\/wp-json\/wp\/v2\/posts\/1500\/revisions"}],"predecessor-version":[{"id":1521,"href":"https:\/\/quesossierracrestellina.es\/blog\/wp-json\/wp\/v2\/posts\/1500\/revisions\/1521"}],"wp:featuredmedia":[{"embeddable":true,"href":"https:\/\/quesossierracrestellina.es\/blog\/wp-json\/wp\/v2\/media\/1502"}],"wp:attachment":[{"href":"https:\/\/quesossierracrestellina.es\/blog\/wp-json\/wp\/v2\/media?parent=1500"}],"wp:term":[{"taxonomy":"category","embeddable":true,"href":"https:\/\/quesossierracrestellina.es\/blog\/wp-json\/wp\/v2\/categories?post=1500"},{"taxonomy":"post_tag","embeddable":true,"href":"https:\/\/quesossierracrestellina.es\/blog\/wp-json\/wp\/v2\/tags?post=1500"}],"curies":[{"name":"wp","href":"https:\/\/api.w.org\/{rel}","templated":true}]}}