{"id":1506,"date":"2021-10-12T12:05:46","date_gmt":"2021-10-12T12:05:46","guid":{"rendered":"https:\/\/quesossierracrestellina.es\/blog\/?p=1506"},"modified":"2022-02-09T16:57:09","modified_gmt":"2022-02-09T16:57:09","slug":"nuestra-nueva-imagen-corporativa","status":"publish","type":"post","link":"https:\/\/quesossierracrestellina.es\/blog\/2021\/10\/12\/nuestra-nueva-imagen-corporativa\/","title":{"rendered":"Presentamos nuestra nueva imagen corporativa"},"content":{"rendered":"<div class=\"fusion-fullwidth fullwidth-box fusion-builder-row-1 fusion-flex-container nonhundred-percent-fullwidth non-hundred-percent-height-scrolling\" style=\"--awb-border-radius-top-left:0px;--awb-border-radius-top-right:0px;--awb-border-radius-bottom-right:0px;--awb-border-radius-bottom-left:0px;--awb-flex-wrap:wrap;\" ><div class=\"fusion-builder-row fusion-row fusion-flex-align-items-flex-start fusion-flex-content-wrap\" style=\"max-width:1216.8px;margin-left: calc(-4% \/ 2 );margin-right: calc(-4% \/ 2 );\"><div class=\"fusion-layout-column fusion_builder_column fusion-builder-column-0 fusion_builder_column_1_1 1_1 fusion-flex-column\" style=\"--awb-bg-size:cover;--awb-width-large:100%;--awb-margin-top-large:0px;--awb-spacing-right-large:1.92%;--awb-margin-bottom-large:20px;--awb-spacing-left-large:1.92%;--awb-width-medium:100%;--awb-order-medium:0;--awb-spacing-right-medium:1.92%;--awb-spacing-left-medium:1.92%;--awb-width-small:100%;--awb-order-small:0;--awb-spacing-right-small:1.92%;--awb-spacing-left-small:1.92%;\"><div class=\"fusion-column-wrapper fusion-column-has-shadow fusion-flex-justify-content-flex-start fusion-content-layout-column\"><div class=\"fusion-text fusion-text-1\" style=\"--awb-text-transform:none;\"><p>Qu\u00e9 ganas ten\u00edamos de hacer esta presentaci\u00f3n oficial. Estos d\u00edas hemos ido dando en redes sociales pinceladas sobre lo que quer\u00edamos trasmitir: nuestra historia, nuestra forma de hacer las cosas&#8230; La gran novedad es que <strong>CAMBIAMOS DE NOMBRE<\/strong>, bueno, \u00a1lo simplificamos! Ahora somos simple y llanamente \u201cCrestellina\u201d.<\/p>\n<h3>Hemos eliminado la palabra \u201cQuesos\u201d, el \u201cqu\u00e9 somos\u201d \u00bfpor qu\u00e9?<\/h3>\n<p>Porque no solo vendemos quesos. Tambi\u00e9n hacemos, vendemos y somos otras muchas \u201ccosas\u201d. HACEMOS yogures, hacemos visitas en nuestra granja; VENDEMOS carne de chivo o esti\u00e9rcol y productos de otros artesanos a los que admiramos; SOMOS cabreros, somos queseros, somos tutores de la Escuela Pastores Andalucia, somos socios de la Asociaci\u00f3n de Criadores de la Raza Caprina Payoya, somos socios del RAPCA\u2026 \u00a1Se nos quedaba muy \u201cchico\u201d lo de \u201cquesos\u201d!<\/p>\n<h3>Hemos eliminado tambi\u00e9n la palabra \u201cSierra\u201d<\/h3>\n<p>Porque pensamos que \u00abCrestellina\u00bb a secas es un nombre precioso y curioso, y que por s\u00ed solo tiene mucho protagonismo \u00a1y se lo quer\u00edamos dar!<\/p>\n<p>Porque nosotros mismos cuando nos referimos a nuestro negocio decimos \u201c- <strong>Voy para Crestellina<\/strong>\u201d; \u201c- te llamo desde Crestellina\u201d<\/p>\n<p>Porque nos suena m\u00e1s moderno y actual!<\/p>\n<p>A\u00fan as\u00ed, la \u00absierra\u00bb est\u00e1 impl\u00edcita en nuestra tipograf\u00eda, que por sus aristas, nos recuerda a las crestas inaccesibles de Sierra Crestellina.<\/p>\n<\/div><div class=\"fusion-image-element \" style=\"text-align:center;--awb-margin-top:25px;--awb-margin-bottom:25px;--awb-caption-title-font-family:var(--h2_typography-font-family);--awb-caption-title-font-weight:var(--h2_typography-font-weight);--awb-caption-title-font-style:var(--h2_typography-font-style);--awb-caption-title-size:var(--h2_typography-font-size);--awb-caption-title-transform:var(--h2_typography-text-transform);--awb-caption-title-line-height:var(--h2_typography-line-height);--awb-caption-title-letter-spacing:var(--h2_typography-letter-spacing);\"><span class=\" fusion-imageframe imageframe-none imageframe-1 hover-type-none\"><img decoding=\"async\" width=\"1080\" height=\"720\" alt=\"Nueva imagen de marca: Crestellina\" title=\"Nueva imagen de marca: Crestellina\" src=\"https:\/\/quesossierracrestellina.es\/blog\/wp-content\/uploads\/2022\/02\/nueva-imagen-crestellina.jpg\" class=\"img-responsive wp-image-1507\" srcset=\"https:\/\/quesossierracrestellina.es\/blog\/wp-content\/uploads\/2022\/02\/nueva-imagen-crestellina-200x133.jpg 200w, https:\/\/quesossierracrestellina.es\/blog\/wp-content\/uploads\/2022\/02\/nueva-imagen-crestellina-400x267.jpg 400w, https:\/\/quesossierracrestellina.es\/blog\/wp-content\/uploads\/2022\/02\/nueva-imagen-crestellina-600x400.jpg 600w, https:\/\/quesossierracrestellina.es\/blog\/wp-content\/uploads\/2022\/02\/nueva-imagen-crestellina-800x533.jpg 800w, https:\/\/quesossierracrestellina.es\/blog\/wp-content\/uploads\/2022\/02\/nueva-imagen-crestellina.jpg 1080w\" sizes=\"(max-width: 1024px) 100vw, (max-width: 640px) 100vw, 1080px\" \/><\/span><\/div><div class=\"fusion-text fusion-text-2 fusion-text-no-margin\" style=\"--awb-text-transform:none;--awb-margin-bottom:25px;\"><h3>Sencillos por naturaleza<\/h3>\n<p>Hemos a\u00f1adido \u00abSencillos por naturaleza\u00bb porque nos define, porque creemos que<strong> en la sencillez est\u00e1 la virtud de hacer las cosas bien hechas<\/strong> y porque lo que hacemos es con compromiso con y para la naturaleza.<\/p>\n<p>Ahora, somos \u00abCRESTELLINA\u00bb. Y bajo este paraguas cobijaremos todos los proyectos que se nos pasen por la cabeza y que tengan que ver con nuestro mundo.<\/p>\n<\/div><\/div><\/div><\/div><\/div>\n","protected":false},"excerpt":{"rendered":"","protected":false},"author":1,"featured_media":1515,"comment_status":"closed","ping_status":"open","sticky":false,"template":"","format":"standard","meta":{"footnotes":""},"categories":[7],"tags":[69],"class_list":["post-1506","post","type-post","status-publish","format-standard","has-post-thumbnail","hentry","category-general","tag-empresa"],"yoast_head":"<!-- This site is optimized with the Yoast SEO plugin v27.5 - https:\/\/yoast.com\/product\/yoast-seo-wordpress\/ -->\n<title>Presentamos nuestra nueva imagen corporativa - Crestellina<\/title>\n<meta name=\"description\" content=\"La gran novedad es que cambiamos de nombres, \u00a1lo simplificamos! Ahora somos simple y llanamente \u201cCrestellina\u201d\" \/>\n<meta name=\"robots\" content=\"index, follow, max-snippet:-1, max-image-preview:large, max-video-preview:-1\" \/>\n<link rel=\"canonical\" href=\"https:\/\/quesossierracrestellina.es\/blog\/2021\/10\/12\/nuestra-nueva-imagen-corporativa\/\" \/>\n<meta property=\"og:locale\" content=\"es_ES\" \/>\n<meta property=\"og:type\" content=\"article\" \/>\n<meta property=\"og:title\" content=\"Presentamos nuestra nueva imagen corporativa - Crestellina\" \/>\n<meta property=\"og:description\" content=\"La gran novedad es que cambiamos de nombres, \u00a1lo simplificamos! Ahora somos simple y llanamente \u201cCrestellina\u201d\" \/>\n<meta property=\"og:url\" content=\"https:\/\/quesossierracrestellina.es\/blog\/2021\/10\/12\/nuestra-nueva-imagen-corporativa\/\" \/>\n<meta property=\"og:site_name\" content=\"Crestellina\" \/>\n<meta property=\"article:publisher\" content=\"https:\/\/www.facebook.com\/quesoscrestellina.quesossierracrestellina\" \/>\n<meta property=\"article:published_time\" content=\"2021-10-12T12:05:46+00:00\" \/>\n<meta property=\"article:modified_time\" content=\"2022-02-09T16:57:09+00:00\" \/>\n<meta property=\"og:image\" content=\"https:\/\/quesossierracrestellina.es\/blog\/wp-content\/uploads\/2021\/10\/nueva-imagen-crestellina2.jpg\" \/>\n\t<meta property=\"og:image:width\" content=\"1327\" \/>\n\t<meta property=\"og:image:height\" content=\"885\" \/>\n\t<meta property=\"og:image:type\" content=\"image\/jpeg\" \/>\n<meta name=\"author\" content=\"Quesos Sierra Crestellina\" \/>\n<meta name=\"twitter:card\" content=\"summary_large_image\" \/>\n<meta name=\"twitter:label1\" content=\"Escrito por\" \/>\n\t<meta name=\"twitter:data1\" content=\"Quesos Sierra Crestellina\" \/>\n\t<meta name=\"twitter:label2\" content=\"Tiempo de lectura\" \/>\n\t<meta name=\"twitter:data2\" content=\"6 minutos\" \/>\n<script type=\"application\/ld+json\" class=\"yoast-schema-graph\">{\"@context\":\"https:\\\/\\\/schema.org\",\"@graph\":[{\"@type\":\"Article\",\"@id\":\"https:\\\/\\\/quesossierracrestellina.es\\\/blog\\\/2021\\\/10\\\/12\\\/nuestra-nueva-imagen-corporativa\\\/#article\",\"isPartOf\":{\"@id\":\"https:\\\/\\\/quesossierracrestellina.es\\\/blog\\\/2021\\\/10\\\/12\\\/nuestra-nueva-imagen-corporativa\\\/\"},\"author\":{\"name\":\"Quesos Sierra Crestellina\",\"@id\":\"https:\\\/\\\/quesossierracrestellina.es\\\/blog\\\/#\\\/schema\\\/person\\\/1a1635cca8df433589af815239a1f94c\"},\"headline\":\"Presentamos nuestra nueva imagen corporativa\",\"datePublished\":\"2021-10-12T12:05:46+00:00\",\"dateModified\":\"2022-02-09T16:57:09+00:00\",\"mainEntityOfPage\":{\"@id\":\"https:\\\/\\\/quesossierracrestellina.es\\\/blog\\\/2021\\\/10\\\/12\\\/nuestra-nueva-imagen-corporativa\\\/\"},\"wordCount\":1260,\"publisher\":{\"@id\":\"https:\\\/\\\/quesossierracrestellina.es\\\/blog\\\/#organization\"},\"image\":{\"@id\":\"https:\\\/\\\/quesossierracrestellina.es\\\/blog\\\/2021\\\/10\\\/12\\\/nuestra-nueva-imagen-corporativa\\\/#primaryimage\"},\"thumbnailUrl\":\"https:\\\/\\\/quesossierracrestellina.es\\\/blog\\\/wp-content\\\/uploads\\\/2021\\\/10\\\/nueva-imagen-crestellina2.jpg\",\"keywords\":[\"Empresa\"],\"articleSection\":[\"General\"],\"inLanguage\":\"es\"},{\"@type\":\"WebPage\",\"@id\":\"https:\\\/\\\/quesossierracrestellina.es\\\/blog\\\/2021\\\/10\\\/12\\\/nuestra-nueva-imagen-corporativa\\\/\",\"url\":\"https:\\\/\\\/quesossierracrestellina.es\\\/blog\\\/2021\\\/10\\\/12\\\/nuestra-nueva-imagen-corporativa\\\/\",\"name\":\"Presentamos nuestra nueva imagen corporativa - Crestellina\",\"isPartOf\":{\"@id\":\"https:\\\/\\\/quesossierracrestellina.es\\\/blog\\\/#website\"},\"primaryImageOfPage\":{\"@id\":\"https:\\\/\\\/quesossierracrestellina.es\\\/blog\\\/2021\\\/10\\\/12\\\/nuestra-nueva-imagen-corporativa\\\/#primaryimage\"},\"image\":{\"@id\":\"https:\\\/\\\/quesossierracrestellina.es\\\/blog\\\/2021\\\/10\\\/12\\\/nuestra-nueva-imagen-corporativa\\\/#primaryimage\"},\"thumbnailUrl\":\"https:\\\/\\\/quesossierracrestellina.es\\\/blog\\\/wp-content\\\/uploads\\\/2021\\\/10\\\/nueva-imagen-crestellina2.jpg\",\"datePublished\":\"2021-10-12T12:05:46+00:00\",\"dateModified\":\"2022-02-09T16:57:09+00:00\",\"description\":\"La gran novedad es que cambiamos de nombres, \u00a1lo simplificamos! Ahora somos simple y llanamente \u201cCrestellina\u201d\",\"breadcrumb\":{\"@id\":\"https:\\\/\\\/quesossierracrestellina.es\\\/blog\\\/2021\\\/10\\\/12\\\/nuestra-nueva-imagen-corporativa\\\/#breadcrumb\"},\"inLanguage\":\"es\",\"potentialAction\":[{\"@type\":\"ReadAction\",\"target\":[\"https:\\\/\\\/quesossierracrestellina.es\\\/blog\\\/2021\\\/10\\\/12\\\/nuestra-nueva-imagen-corporativa\\\/\"]}]},{\"@type\":\"ImageObject\",\"inLanguage\":\"es\",\"@id\":\"https:\\\/\\\/quesossierracrestellina.es\\\/blog\\\/2021\\\/10\\\/12\\\/nuestra-nueva-imagen-corporativa\\\/#primaryimage\",\"url\":\"https:\\\/\\\/quesossierracrestellina.es\\\/blog\\\/wp-content\\\/uploads\\\/2021\\\/10\\\/nueva-imagen-crestellina2.jpg\",\"contentUrl\":\"https:\\\/\\\/quesossierracrestellina.es\\\/blog\\\/wp-content\\\/uploads\\\/2021\\\/10\\\/nueva-imagen-crestellina2.jpg\",\"width\":1327,\"height\":885,\"caption\":\"Nueva imagen de marca: Crestellina\"},{\"@type\":\"BreadcrumbList\",\"@id\":\"https:\\\/\\\/quesossierracrestellina.es\\\/blog\\\/2021\\\/10\\\/12\\\/nuestra-nueva-imagen-corporativa\\\/#breadcrumb\",\"itemListElement\":[{\"@type\":\"ListItem\",\"position\":1,\"name\":\"Portada\",\"item\":\"https:\\\/\\\/quesossierracrestellina.es\\\/blog\\\/\"},{\"@type\":\"ListItem\",\"position\":2,\"name\":\"Presentamos nuestra nueva imagen corporativa\"}]},{\"@type\":\"WebSite\",\"@id\":\"https:\\\/\\\/quesossierracrestellina.es\\\/blog\\\/#website\",\"url\":\"https:\\\/\\\/quesossierracrestellina.es\\\/blog\\\/\",\"name\":\"Quesos Sierra Crestellina\",\"description\":\"Sencillos por naturaleza\",\"publisher\":{\"@id\":\"https:\\\/\\\/quesossierracrestellina.es\\\/blog\\\/#organization\"},\"potentialAction\":[{\"@type\":\"SearchAction\",\"target\":{\"@type\":\"EntryPoint\",\"urlTemplate\":\"https:\\\/\\\/quesossierracrestellina.es\\\/blog\\\/?s={search_term_string}\"},\"query-input\":{\"@type\":\"PropertyValueSpecification\",\"valueRequired\":true,\"valueName\":\"search_term_string\"}}],\"inLanguage\":\"es\"},{\"@type\":\"Organization\",\"@id\":\"https:\\\/\\\/quesossierracrestellina.es\\\/blog\\\/#organization\",\"name\":\"Quesos Sierra Crestellina\",\"url\":\"https:\\\/\\\/quesossierracrestellina.es\\\/blog\\\/\",\"logo\":{\"@type\":\"ImageObject\",\"inLanguage\":\"es\",\"@id\":\"https:\\\/\\\/quesossierracrestellina.es\\\/blog\\\/#\\\/schema\\\/logo\\\/image\\\/\",\"url\":\"https:\\\/\\\/quesossierracrestellina.es\\\/blog\\\/wp-content\\\/uploads\\\/2020\\\/05\\\/logo-crestellina.jpg\",\"contentUrl\":\"https:\\\/\\\/quesossierracrestellina.es\\\/blog\\\/wp-content\\\/uploads\\\/2020\\\/05\\\/logo-crestellina.jpg\",\"width\":800,\"height\":800,\"caption\":\"Quesos Sierra Crestellina\"},\"image\":{\"@id\":\"https:\\\/\\\/quesossierracrestellina.es\\\/blog\\\/#\\\/schema\\\/logo\\\/image\\\/\"},\"sameAs\":[\"https:\\\/\\\/www.facebook.com\\\/quesoscrestellina.quesossierracrestellina\",\"https:\\\/\\\/www.instagram.com\\\/queseriasierracrestellina\\\/\"]},{\"@type\":\"Person\",\"@id\":\"https:\\\/\\\/quesossierracrestellina.es\\\/blog\\\/#\\\/schema\\\/person\\\/1a1635cca8df433589af815239a1f94c\",\"name\":\"Quesos Sierra Crestellina\",\"image\":{\"@type\":\"ImageObject\",\"inLanguage\":\"es\",\"@id\":\"https:\\\/\\\/secure.gravatar.com\\\/avatar\\\/77dc2c8c07c777a6507b998eff202e7127f6688a33a22df7fc6e6ce7f6b9aea9?s=96&d=mm&r=g\",\"url\":\"https:\\\/\\\/secure.gravatar.com\\\/avatar\\\/77dc2c8c07c777a6507b998eff202e7127f6688a33a22df7fc6e6ce7f6b9aea9?s=96&d=mm&r=g\",\"contentUrl\":\"https:\\\/\\\/secure.gravatar.com\\\/avatar\\\/77dc2c8c07c777a6507b998eff202e7127f6688a33a22df7fc6e6ce7f6b9aea9?s=96&d=mm&r=g\",\"caption\":\"Quesos Sierra Crestellina\"},\"sameAs\":[\"https:\\\/\\\/quesossierracrestellina.es\\\/blog\"]}]}<\/script>\n<!-- \/ Yoast SEO plugin. -->","yoast_head_json":{"title":"Presentamos nuestra nueva imagen corporativa - Crestellina","description":"La gran novedad es que cambiamos de nombres, \u00a1lo simplificamos! Ahora somos simple y llanamente \u201cCrestellina\u201d","robots":{"index":"index","follow":"follow","max-snippet":"max-snippet:-1","max-image-preview":"max-image-preview:large","max-video-preview":"max-video-preview:-1"},"canonical":"https:\/\/quesossierracrestellina.es\/blog\/2021\/10\/12\/nuestra-nueva-imagen-corporativa\/","og_locale":"es_ES","og_type":"article","og_title":"Presentamos nuestra nueva imagen corporativa - Crestellina","og_description":"La gran novedad es que cambiamos de nombres, \u00a1lo simplificamos! Ahora somos simple y llanamente \u201cCrestellina\u201d","og_url":"https:\/\/quesossierracrestellina.es\/blog\/2021\/10\/12\/nuestra-nueva-imagen-corporativa\/","og_site_name":"Crestellina","article_publisher":"https:\/\/www.facebook.com\/quesoscrestellina.quesossierracrestellina","article_published_time":"2021-10-12T12:05:46+00:00","article_modified_time":"2022-02-09T16:57:09+00:00","og_image":[{"width":1327,"height":885,"url":"https:\/\/quesossierracrestellina.es\/blog\/wp-content\/uploads\/2021\/10\/nueva-imagen-crestellina2.jpg","type":"image\/jpeg"}],"author":"Quesos Sierra Crestellina","twitter_card":"summary_large_image","twitter_misc":{"Escrito por":"Quesos Sierra Crestellina","Tiempo de lectura":"6 minutos"},"schema":{"@context":"https:\/\/schema.org","@graph":[{"@type":"Article","@id":"https:\/\/quesossierracrestellina.es\/blog\/2021\/10\/12\/nuestra-nueva-imagen-corporativa\/#article","isPartOf":{"@id":"https:\/\/quesossierracrestellina.es\/blog\/2021\/10\/12\/nuestra-nueva-imagen-corporativa\/"},"author":{"name":"Quesos Sierra Crestellina","@id":"https:\/\/quesossierracrestellina.es\/blog\/#\/schema\/person\/1a1635cca8df433589af815239a1f94c"},"headline":"Presentamos nuestra nueva imagen corporativa","datePublished":"2021-10-12T12:05:46+00:00","dateModified":"2022-02-09T16:57:09+00:00","mainEntityOfPage":{"@id":"https:\/\/quesossierracrestellina.es\/blog\/2021\/10\/12\/nuestra-nueva-imagen-corporativa\/"},"wordCount":1260,"publisher":{"@id":"https:\/\/quesossierracrestellina.es\/blog\/#organization"},"image":{"@id":"https:\/\/quesossierracrestellina.es\/blog\/2021\/10\/12\/nuestra-nueva-imagen-corporativa\/#primaryimage"},"thumbnailUrl":"https:\/\/quesossierracrestellina.es\/blog\/wp-content\/uploads\/2021\/10\/nueva-imagen-crestellina2.jpg","keywords":["Empresa"],"articleSection":["General"],"inLanguage":"es"},{"@type":"WebPage","@id":"https:\/\/quesossierracrestellina.es\/blog\/2021\/10\/12\/nuestra-nueva-imagen-corporativa\/","url":"https:\/\/quesossierracrestellina.es\/blog\/2021\/10\/12\/nuestra-nueva-imagen-corporativa\/","name":"Presentamos nuestra nueva imagen corporativa - Crestellina","isPartOf":{"@id":"https:\/\/quesossierracrestellina.es\/blog\/#website"},"primaryImageOfPage":{"@id":"https:\/\/quesossierracrestellina.es\/blog\/2021\/10\/12\/nuestra-nueva-imagen-corporativa\/#primaryimage"},"image":{"@id":"https:\/\/quesossierracrestellina.es\/blog\/2021\/10\/12\/nuestra-nueva-imagen-corporativa\/#primaryimage"},"thumbnailUrl":"https:\/\/quesossierracrestellina.es\/blog\/wp-content\/uploads\/2021\/10\/nueva-imagen-crestellina2.jpg","datePublished":"2021-10-12T12:05:46+00:00","dateModified":"2022-02-09T16:57:09+00:00","description":"La gran novedad es que cambiamos de nombres, \u00a1lo simplificamos! Ahora somos simple y llanamente \u201cCrestellina\u201d","breadcrumb":{"@id":"https:\/\/quesossierracrestellina.es\/blog\/2021\/10\/12\/nuestra-nueva-imagen-corporativa\/#breadcrumb"},"inLanguage":"es","potentialAction":[{"@type":"ReadAction","target":["https:\/\/quesossierracrestellina.es\/blog\/2021\/10\/12\/nuestra-nueva-imagen-corporativa\/"]}]},{"@type":"ImageObject","inLanguage":"es","@id":"https:\/\/quesossierracrestellina.es\/blog\/2021\/10\/12\/nuestra-nueva-imagen-corporativa\/#primaryimage","url":"https:\/\/quesossierracrestellina.es\/blog\/wp-content\/uploads\/2021\/10\/nueva-imagen-crestellina2.jpg","contentUrl":"https:\/\/quesossierracrestellina.es\/blog\/wp-content\/uploads\/2021\/10\/nueva-imagen-crestellina2.jpg","width":1327,"height":885,"caption":"Nueva imagen de marca: Crestellina"},{"@type":"BreadcrumbList","@id":"https:\/\/quesossierracrestellina.es\/blog\/2021\/10\/12\/nuestra-nueva-imagen-corporativa\/#breadcrumb","itemListElement":[{"@type":"ListItem","position":1,"name":"Portada","item":"https:\/\/quesossierracrestellina.es\/blog\/"},{"@type":"ListItem","position":2,"name":"Presentamos nuestra nueva imagen corporativa"}]},{"@type":"WebSite","@id":"https:\/\/quesossierracrestellina.es\/blog\/#website","url":"https:\/\/quesossierracrestellina.es\/blog\/","name":"Quesos Sierra Crestellina","description":"Sencillos por naturaleza","publisher":{"@id":"https:\/\/quesossierracrestellina.es\/blog\/#organization"},"potentialAction":[{"@type":"SearchAction","target":{"@type":"EntryPoint","urlTemplate":"https:\/\/quesossierracrestellina.es\/blog\/?s={search_term_string}"},"query-input":{"@type":"PropertyValueSpecification","valueRequired":true,"valueName":"search_term_string"}}],"inLanguage":"es"},{"@type":"Organization","@id":"https:\/\/quesossierracrestellina.es\/blog\/#organization","name":"Quesos Sierra Crestellina","url":"https:\/\/quesossierracrestellina.es\/blog\/","logo":{"@type":"ImageObject","inLanguage":"es","@id":"https:\/\/quesossierracrestellina.es\/blog\/#\/schema\/logo\/image\/","url":"https:\/\/quesossierracrestellina.es\/blog\/wp-content\/uploads\/2020\/05\/logo-crestellina.jpg","contentUrl":"https:\/\/quesossierracrestellina.es\/blog\/wp-content\/uploads\/2020\/05\/logo-crestellina.jpg","width":800,"height":800,"caption":"Quesos Sierra Crestellina"},"image":{"@id":"https:\/\/quesossierracrestellina.es\/blog\/#\/schema\/logo\/image\/"},"sameAs":["https:\/\/www.facebook.com\/quesoscrestellina.quesossierracrestellina","https:\/\/www.instagram.com\/queseriasierracrestellina\/"]},{"@type":"Person","@id":"https:\/\/quesossierracrestellina.es\/blog\/#\/schema\/person\/1a1635cca8df433589af815239a1f94c","name":"Quesos Sierra Crestellina","image":{"@type":"ImageObject","inLanguage":"es","@id":"https:\/\/secure.gravatar.com\/avatar\/77dc2c8c07c777a6507b998eff202e7127f6688a33a22df7fc6e6ce7f6b9aea9?s=96&d=mm&r=g","url":"https:\/\/secure.gravatar.com\/avatar\/77dc2c8c07c777a6507b998eff202e7127f6688a33a22df7fc6e6ce7f6b9aea9?s=96&d=mm&r=g","contentUrl":"https:\/\/secure.gravatar.com\/avatar\/77dc2c8c07c777a6507b998eff202e7127f6688a33a22df7fc6e6ce7f6b9aea9?s=96&d=mm&r=g","caption":"Quesos Sierra Crestellina"},"sameAs":["https:\/\/quesossierracrestellina.es\/blog"]}]}},"_links":{"self":[{"href":"https:\/\/quesossierracrestellina.es\/blog\/wp-json\/wp\/v2\/posts\/1506","targetHints":{"allow":["GET"]}}],"collection":[{"href":"https:\/\/quesossierracrestellina.es\/blog\/wp-json\/wp\/v2\/posts"}],"about":[{"href":"https:\/\/quesossierracrestellina.es\/blog\/wp-json\/wp\/v2\/types\/post"}],"author":[{"embeddable":true,"href":"https:\/\/quesossierracrestellina.es\/blog\/wp-json\/wp\/v2\/users\/1"}],"replies":[{"embeddable":true,"href":"https:\/\/quesossierracrestellina.es\/blog\/wp-json\/wp\/v2\/comments?post=1506"}],"version-history":[{"count":5,"href":"https:\/\/quesossierracrestellina.es\/blog\/wp-json\/wp\/v2\/posts\/1506\/revisions"}],"predecessor-version":[{"id":1519,"href":"https:\/\/quesossierracrestellina.es\/blog\/wp-json\/wp\/v2\/posts\/1506\/revisions\/1519"}],"wp:featuredmedia":[{"embeddable":true,"href":"https:\/\/quesossierracrestellina.es\/blog\/wp-json\/wp\/v2\/media\/1515"}],"wp:attachment":[{"href":"https:\/\/quesossierracrestellina.es\/blog\/wp-json\/wp\/v2\/media?parent=1506"}],"wp:term":[{"taxonomy":"category","embeddable":true,"href":"https:\/\/quesossierracrestellina.es\/blog\/wp-json\/wp\/v2\/categories?post=1506"},{"taxonomy":"post_tag","embeddable":true,"href":"https:\/\/quesossierracrestellina.es\/blog\/wp-json\/wp\/v2\/tags?post=1506"}],"curies":[{"name":"wp","href":"https:\/\/api.w.org\/{rel}","templated":true}]}}