{"id":1601,"date":"2023-08-20T09:33:03","date_gmt":"2023-08-20T09:33:03","guid":{"rendered":"https:\/\/quesossierracrestellina.es\/blog\/?p=1601"},"modified":"2023-10-05T07:16:11","modified_gmt":"2023-10-05T07:16:11","slug":"crestellina-empresa-familiar-haciendo-queso-forma-sostenible-espana-rural","status":"publish","type":"post","link":"https:\/\/quesossierracrestellina.es\/blog\/2023\/08\/20\/crestellina-empresa-familiar-haciendo-queso-forma-sostenible-espana-rural\/","title":{"rendered":"Crestellina, una empresa familiar haciendo queso de forma sostenible en la Espa\u00f1a rural"},"content":{"rendered":"<div class=\"fusion-fullwidth fullwidth-box fusion-builder-row-1 fusion-flex-container has-pattern-background has-mask-background nonhundred-percent-fullwidth non-hundred-percent-height-scrolling\" style=\"--awb-border-radius-top-left:0px;--awb-border-radius-top-right:0px;--awb-border-radius-bottom-right:0px;--awb-border-radius-bottom-left:0px;--awb-flex-wrap:wrap;\" ><div class=\"fusion-builder-row fusion-row fusion-flex-align-items-flex-start fusion-flex-content-wrap\" style=\"max-width:1216.8px;margin-left: calc(-4% \/ 2 );margin-right: calc(-4% \/ 2 );\"><div class=\"fusion-layout-column fusion_builder_column fusion-builder-column-0 fusion_builder_column_1_1 1_1 fusion-flex-column\" style=\"--awb-bg-size:cover;--awb-width-large:100%;--awb-margin-top-large:0px;--awb-spacing-right-large:1.92%;--awb-margin-bottom-large:20px;--awb-spacing-left-large:1.92%;--awb-width-medium:100%;--awb-order-medium:0;--awb-spacing-right-medium:1.92%;--awb-spacing-left-medium:1.92%;--awb-width-small:100%;--awb-order-small:0;--awb-spacing-right-small:1.92%;--awb-spacing-left-small:1.92%;\"><div class=\"fusion-column-wrapper fusion-column-has-shadow fusion-flex-justify-content-flex-start fusion-content-layout-column\"><div class=\"fusion-video fusion-youtube\" style=\"--awb-max-width:600px;--awb-max-height:360px;--awb-align-self:center;--awb-width:100%;--awb-margin-bottom:25px;\"><div class=\"video-shortcode\"><div class=\"fluid-width-video-wrapper\" style=\"padding-top:60%;\" ><iframe title=\"YouTube video player 1\" src=\"https:\/\/www.youtube.com\/embed\/ShKVw9VK6CQ?wmode=transparent&autoplay=0\" width=\"600\" height=\"360\" allowfullscreen allow=\"autoplay; clipboard-write; encrypted-media; gyroscope; picture-in-picture;\"><\/iframe><\/div><\/div><\/div><div class=\"fusion-text fusion-text-1\"><p><span class=\"fusion-dropcap dropcap\">C<\/span>restellina ha sido protagonista con nuestra tradici\u00f3n familiar y nuestra forma de sentir la naturaleza, de un <a href=\"https:\/\/www.youtube.com\/watch?v=ShKVw9VK6CQ&amp;ab_channel=Tararafilms\" target=\"_blank\" rel=\"noopener\">nuevo audiovisual<\/a> de muy buena factura, realizado por <a href=\"https:\/\/tararafilms.com\/proyecto\/crestellina-documental\/\" target=\"_blank\" rel=\"noopener\">Tararafilms<\/a>. Como el propio casco hist\u00f3rico de Casares, nuestra ubicaci\u00f3n entre la Costa del Sol y la Serran\u00eda de Ronda, en un bello paisaje de gran naturalidad, no pasa desapercibida para el visitante, algo que mejora su experiencia al saber que somos actualmente la 4\u00aa generaci\u00f3n de esta familia cabrera y quesera dedicada a la cabra payoya. Desde este enclave invitamos a visitar nuestras instalaciones y ofrecemos los productos que fabricamos en la tienda f\u00edsica que disponemos en la granja o a trav\u00e9s <a href=\"https:\/\/quesossierracrestellina.es\/\" target=\"_blank\" rel=\"noopener\">en la web<\/a>, donde tambi\u00e9n se pueden contratar los <a href=\"https:\/\/quesossierracrestellina.es\/blog\/reservas\/\">talleres<\/a> que acercan al visitante a disfrutar de esta experiencia.<\/p>\n<\/div><\/div><\/div><\/div><\/div>\n","protected":false},"excerpt":{"rendered":"<p>Crestellina ha sido protagonista con nuestra tradici\u00f3n familiar y nuestra forma de sentir la naturaleza, de un nuevo audiovisual de muy buena factura, realizado por Tararafilms.<\/p>\n","protected":false},"author":1,"featured_media":1602,"comment_status":"closed","ping_status":"open","sticky":false,"template":"","format":"video","meta":{"footnotes":""},"categories":[42],"tags":[53],"class_list":["post-1601","post","type-post","status-publish","format-video","has-post-thumbnail","hentry","category-reportajes","tag-cabra-payoya","post_format-post-format-video"],"yoast_head":"<!-- This site is optimized with the Yoast SEO plugin v27.5 - https:\/\/yoast.com\/product\/yoast-seo-wordpress\/ -->\n<title>Crestellina, una empresa familiar haciendo queso de forma sostenible en la Espa\u00f1a rural - Crestellina<\/title>\n<meta name=\"description\" content=\"Corto documental de Tararafilms\" \/>\n<meta name=\"robots\" content=\"index, follow, max-snippet:-1, max-image-preview:large, max-video-preview:-1\" \/>\n<link rel=\"canonical\" href=\"https:\/\/quesossierracrestellina.es\/blog\/2023\/08\/20\/crestellina-empresa-familiar-haciendo-queso-forma-sostenible-espana-rural\/\" \/>\n<meta property=\"og:locale\" content=\"es_ES\" \/>\n<meta property=\"og:type\" content=\"article\" \/>\n<meta property=\"og:title\" content=\"Crestellina, sencillos por naturaleza\" \/>\n<meta property=\"og:description\" content=\"Corto documental de Tararafilms\" \/>\n<meta property=\"og:url\" content=\"https:\/\/quesossierracrestellina.es\/blog\/2023\/08\/20\/crestellina-empresa-familiar-haciendo-queso-forma-sostenible-espana-rural\/\" \/>\n<meta property=\"og:site_name\" content=\"Crestellina\" \/>\n<meta property=\"article:publisher\" content=\"https:\/\/www.facebook.com\/quesoscrestellina.quesossierracrestellina\" \/>\n<meta property=\"article:published_time\" content=\"2023-08-20T09:33:03+00:00\" \/>\n<meta property=\"article:modified_time\" content=\"2023-10-05T07:16:11+00:00\" \/>\n<meta property=\"og:image\" content=\"https:\/\/quesossierracrestellina.es\/blog\/wp-content\/uploads\/2023\/10\/crestellina-tararafilms.jpg\" \/>\n\t<meta property=\"og:image:width\" content=\"1588\" \/>\n\t<meta property=\"og:image:height\" content=\"1059\" \/>\n\t<meta property=\"og:image:type\" content=\"image\/jpeg\" \/>\n<meta name=\"author\" content=\"Quesos Sierra Crestellina\" \/>\n<meta name=\"twitter:card\" content=\"summary_large_image\" \/>\n<meta name=\"twitter:title\" content=\"Crestellina, sencillos por naturaleza\" \/>\n<meta name=\"twitter:description\" content=\"Corto documental de Tararafilms\" \/>\n<meta name=\"twitter:image\" content=\"https:\/\/quesossierracrestellina.es\/blog\/wp-content\/uploads\/2023\/10\/crestellina-tararafilms.jpg\" \/>\n<meta name=\"twitter:label1\" content=\"Escrito por\" \/>\n\t<meta name=\"twitter:data1\" content=\"Quesos Sierra Crestellina\" \/>\n\t<meta name=\"twitter:label2\" content=\"Tiempo de lectura\" \/>\n\t<meta name=\"twitter:data2\" content=\"3 minutos\" \/>\n<script type=\"application\/ld+json\" class=\"yoast-schema-graph\">{\"@context\":\"https:\\\/\\\/schema.org\",\"@graph\":[{\"@type\":\"Article\",\"@id\":\"https:\\\/\\\/quesossierracrestellina.es\\\/blog\\\/2023\\\/08\\\/20\\\/crestellina-empresa-familiar-haciendo-queso-forma-sostenible-espana-rural\\\/#article\",\"isPartOf\":{\"@id\":\"https:\\\/\\\/quesossierracrestellina.es\\\/blog\\\/2023\\\/08\\\/20\\\/crestellina-empresa-familiar-haciendo-queso-forma-sostenible-espana-rural\\\/\"},\"author\":{\"name\":\"Quesos Sierra Crestellina\",\"@id\":\"https:\\\/\\\/quesossierracrestellina.es\\\/blog\\\/#\\\/schema\\\/person\\\/1a1635cca8df433589af815239a1f94c\"},\"headline\":\"Crestellina, una empresa familiar haciendo queso de forma sostenible en la Espa\u00f1a rural\",\"datePublished\":\"2023-08-20T09:33:03+00:00\",\"dateModified\":\"2023-10-05T07:16:11+00:00\",\"mainEntityOfPage\":{\"@id\":\"https:\\\/\\\/quesossierracrestellina.es\\\/blog\\\/2023\\\/08\\\/20\\\/crestellina-empresa-familiar-haciendo-queso-forma-sostenible-espana-rural\\\/\"},\"wordCount\":1169,\"publisher\":{\"@id\":\"https:\\\/\\\/quesossierracrestellina.es\\\/blog\\\/#organization\"},\"image\":{\"@id\":\"https:\\\/\\\/quesossierracrestellina.es\\\/blog\\\/2023\\\/08\\\/20\\\/crestellina-empresa-familiar-haciendo-queso-forma-sostenible-espana-rural\\\/#primaryimage\"},\"thumbnailUrl\":\"https:\\\/\\\/quesossierracrestellina.es\\\/blog\\\/wp-content\\\/uploads\\\/2023\\\/10\\\/crestellina-tararafilms.jpg\",\"keywords\":[\"Cabra payoya\"],\"articleSection\":[\"Reportajes\"],\"inLanguage\":\"es\"},{\"@type\":\"WebPage\",\"@id\":\"https:\\\/\\\/quesossierracrestellina.es\\\/blog\\\/2023\\\/08\\\/20\\\/crestellina-empresa-familiar-haciendo-queso-forma-sostenible-espana-rural\\\/\",\"url\":\"https:\\\/\\\/quesossierracrestellina.es\\\/blog\\\/2023\\\/08\\\/20\\\/crestellina-empresa-familiar-haciendo-queso-forma-sostenible-espana-rural\\\/\",\"name\":\"Crestellina, una empresa familiar haciendo queso de forma sostenible en la Espa\u00f1a rural - Crestellina\",\"isPartOf\":{\"@id\":\"https:\\\/\\\/quesossierracrestellina.es\\\/blog\\\/#website\"},\"primaryImageOfPage\":{\"@id\":\"https:\\\/\\\/quesossierracrestellina.es\\\/blog\\\/2023\\\/08\\\/20\\\/crestellina-empresa-familiar-haciendo-queso-forma-sostenible-espana-rural\\\/#primaryimage\"},\"image\":{\"@id\":\"https:\\\/\\\/quesossierracrestellina.es\\\/blog\\\/2023\\\/08\\\/20\\\/crestellina-empresa-familiar-haciendo-queso-forma-sostenible-espana-rural\\\/#primaryimage\"},\"thumbnailUrl\":\"https:\\\/\\\/quesossierracrestellina.es\\\/blog\\\/wp-content\\\/uploads\\\/2023\\\/10\\\/crestellina-tararafilms.jpg\",\"datePublished\":\"2023-08-20T09:33:03+00:00\",\"dateModified\":\"2023-10-05T07:16:11+00:00\",\"description\":\"Corto documental de Tararafilms\",\"breadcrumb\":{\"@id\":\"https:\\\/\\\/quesossierracrestellina.es\\\/blog\\\/2023\\\/08\\\/20\\\/crestellina-empresa-familiar-haciendo-queso-forma-sostenible-espana-rural\\\/#breadcrumb\"},\"inLanguage\":\"es\",\"potentialAction\":[{\"@type\":\"ReadAction\",\"target\":[\"https:\\\/\\\/quesossierracrestellina.es\\\/blog\\\/2023\\\/08\\\/20\\\/crestellina-empresa-familiar-haciendo-queso-forma-sostenible-espana-rural\\\/\"]}]},{\"@type\":\"ImageObject\",\"inLanguage\":\"es\",\"@id\":\"https:\\\/\\\/quesossierracrestellina.es\\\/blog\\\/2023\\\/08\\\/20\\\/crestellina-empresa-familiar-haciendo-queso-forma-sostenible-espana-rural\\\/#primaryimage\",\"url\":\"https:\\\/\\\/quesossierracrestellina.es\\\/blog\\\/wp-content\\\/uploads\\\/2023\\\/10\\\/crestellina-tararafilms.jpg\",\"contentUrl\":\"https:\\\/\\\/quesossierracrestellina.es\\\/blog\\\/wp-content\\\/uploads\\\/2023\\\/10\\\/crestellina-tararafilms.jpg\",\"width\":1588,\"height\":1059,\"caption\":\"Juan Oca\u00f1a. Crestellina (Casares)\"},{\"@type\":\"BreadcrumbList\",\"@id\":\"https:\\\/\\\/quesossierracrestellina.es\\\/blog\\\/2023\\\/08\\\/20\\\/crestellina-empresa-familiar-haciendo-queso-forma-sostenible-espana-rural\\\/#breadcrumb\",\"itemListElement\":[{\"@type\":\"ListItem\",\"position\":1,\"name\":\"Portada\",\"item\":\"https:\\\/\\\/quesossierracrestellina.es\\\/blog\\\/\"},{\"@type\":\"ListItem\",\"position\":2,\"name\":\"Crestellina, una empresa familiar haciendo queso de forma sostenible en la Espa\u00f1a rural\"}]},{\"@type\":\"WebSite\",\"@id\":\"https:\\\/\\\/quesossierracrestellina.es\\\/blog\\\/#website\",\"url\":\"https:\\\/\\\/quesossierracrestellina.es\\\/blog\\\/\",\"name\":\"Quesos Sierra Crestellina\",\"description\":\"Sencillos por naturaleza\",\"publisher\":{\"@id\":\"https:\\\/\\\/quesossierracrestellina.es\\\/blog\\\/#organization\"},\"potentialAction\":[{\"@type\":\"SearchAction\",\"target\":{\"@type\":\"EntryPoint\",\"urlTemplate\":\"https:\\\/\\\/quesossierracrestellina.es\\\/blog\\\/?s={search_term_string}\"},\"query-input\":{\"@type\":\"PropertyValueSpecification\",\"valueRequired\":true,\"valueName\":\"search_term_string\"}}],\"inLanguage\":\"es\"},{\"@type\":\"Organization\",\"@id\":\"https:\\\/\\\/quesossierracrestellina.es\\\/blog\\\/#organization\",\"name\":\"Quesos Sierra Crestellina\",\"url\":\"https:\\\/\\\/quesossierracrestellina.es\\\/blog\\\/\",\"logo\":{\"@type\":\"ImageObject\",\"inLanguage\":\"es\",\"@id\":\"https:\\\/\\\/quesossierracrestellina.es\\\/blog\\\/#\\\/schema\\\/logo\\\/image\\\/\",\"url\":\"https:\\\/\\\/quesossierracrestellina.es\\\/blog\\\/wp-content\\\/uploads\\\/2020\\\/05\\\/logo-crestellina.jpg\",\"contentUrl\":\"https:\\\/\\\/quesossierracrestellina.es\\\/blog\\\/wp-content\\\/uploads\\\/2020\\\/05\\\/logo-crestellina.jpg\",\"width\":800,\"height\":800,\"caption\":\"Quesos Sierra Crestellina\"},\"image\":{\"@id\":\"https:\\\/\\\/quesossierracrestellina.es\\\/blog\\\/#\\\/schema\\\/logo\\\/image\\\/\"},\"sameAs\":[\"https:\\\/\\\/www.facebook.com\\\/quesoscrestellina.quesossierracrestellina\",\"https:\\\/\\\/www.instagram.com\\\/queseriasierracrestellina\\\/\"]},{\"@type\":\"Person\",\"@id\":\"https:\\\/\\\/quesossierracrestellina.es\\\/blog\\\/#\\\/schema\\\/person\\\/1a1635cca8df433589af815239a1f94c\",\"name\":\"Quesos Sierra Crestellina\",\"image\":{\"@type\":\"ImageObject\",\"inLanguage\":\"es\",\"@id\":\"https:\\\/\\\/secure.gravatar.com\\\/avatar\\\/77dc2c8c07c777a6507b998eff202e7127f6688a33a22df7fc6e6ce7f6b9aea9?s=96&d=mm&r=g\",\"url\":\"https:\\\/\\\/secure.gravatar.com\\\/avatar\\\/77dc2c8c07c777a6507b998eff202e7127f6688a33a22df7fc6e6ce7f6b9aea9?s=96&d=mm&r=g\",\"contentUrl\":\"https:\\\/\\\/secure.gravatar.com\\\/avatar\\\/77dc2c8c07c777a6507b998eff202e7127f6688a33a22df7fc6e6ce7f6b9aea9?s=96&d=mm&r=g\",\"caption\":\"Quesos Sierra Crestellina\"},\"sameAs\":[\"https:\\\/\\\/quesossierracrestellina.es\\\/blog\"]}]}<\/script>\n<!-- \/ Yoast SEO plugin. -->","yoast_head_json":{"title":"Crestellina, una empresa familiar haciendo queso de forma sostenible en la Espa\u00f1a rural - Crestellina","description":"Corto documental de Tararafilms","robots":{"index":"index","follow":"follow","max-snippet":"max-snippet:-1","max-image-preview":"max-image-preview:large","max-video-preview":"max-video-preview:-1"},"canonical":"https:\/\/quesossierracrestellina.es\/blog\/2023\/08\/20\/crestellina-empresa-familiar-haciendo-queso-forma-sostenible-espana-rural\/","og_locale":"es_ES","og_type":"article","og_title":"Crestellina, sencillos por naturaleza","og_description":"Corto documental de Tararafilms","og_url":"https:\/\/quesossierracrestellina.es\/blog\/2023\/08\/20\/crestellina-empresa-familiar-haciendo-queso-forma-sostenible-espana-rural\/","og_site_name":"Crestellina","article_publisher":"https:\/\/www.facebook.com\/quesoscrestellina.quesossierracrestellina","article_published_time":"2023-08-20T09:33:03+00:00","article_modified_time":"2023-10-05T07:16:11+00:00","og_image":[{"width":1588,"height":1059,"url":"https:\/\/quesossierracrestellina.es\/blog\/wp-content\/uploads\/2023\/10\/crestellina-tararafilms.jpg","type":"image\/jpeg"}],"author":"Quesos Sierra Crestellina","twitter_card":"summary_large_image","twitter_title":"Crestellina, sencillos por naturaleza","twitter_description":"Corto documental de Tararafilms","twitter_image":"https:\/\/quesossierracrestellina.es\/blog\/wp-content\/uploads\/2023\/10\/crestellina-tararafilms.jpg","twitter_misc":{"Escrito por":"Quesos Sierra Crestellina","Tiempo de lectura":"3 minutos"},"schema":{"@context":"https:\/\/schema.org","@graph":[{"@type":"Article","@id":"https:\/\/quesossierracrestellina.es\/blog\/2023\/08\/20\/crestellina-empresa-familiar-haciendo-queso-forma-sostenible-espana-rural\/#article","isPartOf":{"@id":"https:\/\/quesossierracrestellina.es\/blog\/2023\/08\/20\/crestellina-empresa-familiar-haciendo-queso-forma-sostenible-espana-rural\/"},"author":{"name":"Quesos Sierra Crestellina","@id":"https:\/\/quesossierracrestellina.es\/blog\/#\/schema\/person\/1a1635cca8df433589af815239a1f94c"},"headline":"Crestellina, una empresa familiar haciendo queso de forma sostenible en la Espa\u00f1a rural","datePublished":"2023-08-20T09:33:03+00:00","dateModified":"2023-10-05T07:16:11+00:00","mainEntityOfPage":{"@id":"https:\/\/quesossierracrestellina.es\/blog\/2023\/08\/20\/crestellina-empresa-familiar-haciendo-queso-forma-sostenible-espana-rural\/"},"wordCount":1169,"publisher":{"@id":"https:\/\/quesossierracrestellina.es\/blog\/#organization"},"image":{"@id":"https:\/\/quesossierracrestellina.es\/blog\/2023\/08\/20\/crestellina-empresa-familiar-haciendo-queso-forma-sostenible-espana-rural\/#primaryimage"},"thumbnailUrl":"https:\/\/quesossierracrestellina.es\/blog\/wp-content\/uploads\/2023\/10\/crestellina-tararafilms.jpg","keywords":["Cabra payoya"],"articleSection":["Reportajes"],"inLanguage":"es"},{"@type":"WebPage","@id":"https:\/\/quesossierracrestellina.es\/blog\/2023\/08\/20\/crestellina-empresa-familiar-haciendo-queso-forma-sostenible-espana-rural\/","url":"https:\/\/quesossierracrestellina.es\/blog\/2023\/08\/20\/crestellina-empresa-familiar-haciendo-queso-forma-sostenible-espana-rural\/","name":"Crestellina, una empresa familiar haciendo queso de forma sostenible en la Espa\u00f1a rural - Crestellina","isPartOf":{"@id":"https:\/\/quesossierracrestellina.es\/blog\/#website"},"primaryImageOfPage":{"@id":"https:\/\/quesossierracrestellina.es\/blog\/2023\/08\/20\/crestellina-empresa-familiar-haciendo-queso-forma-sostenible-espana-rural\/#primaryimage"},"image":{"@id":"https:\/\/quesossierracrestellina.es\/blog\/2023\/08\/20\/crestellina-empresa-familiar-haciendo-queso-forma-sostenible-espana-rural\/#primaryimage"},"thumbnailUrl":"https:\/\/quesossierracrestellina.es\/blog\/wp-content\/uploads\/2023\/10\/crestellina-tararafilms.jpg","datePublished":"2023-08-20T09:33:03+00:00","dateModified":"2023-10-05T07:16:11+00:00","description":"Corto documental de Tararafilms","breadcrumb":{"@id":"https:\/\/quesossierracrestellina.es\/blog\/2023\/08\/20\/crestellina-empresa-familiar-haciendo-queso-forma-sostenible-espana-rural\/#breadcrumb"},"inLanguage":"es","potentialAction":[{"@type":"ReadAction","target":["https:\/\/quesossierracrestellina.es\/blog\/2023\/08\/20\/crestellina-empresa-familiar-haciendo-queso-forma-sostenible-espana-rural\/"]}]},{"@type":"ImageObject","inLanguage":"es","@id":"https:\/\/quesossierracrestellina.es\/blog\/2023\/08\/20\/crestellina-empresa-familiar-haciendo-queso-forma-sostenible-espana-rural\/#primaryimage","url":"https:\/\/quesossierracrestellina.es\/blog\/wp-content\/uploads\/2023\/10\/crestellina-tararafilms.jpg","contentUrl":"https:\/\/quesossierracrestellina.es\/blog\/wp-content\/uploads\/2023\/10\/crestellina-tararafilms.jpg","width":1588,"height":1059,"caption":"Juan Oca\u00f1a. Crestellina (Casares)"},{"@type":"BreadcrumbList","@id":"https:\/\/quesossierracrestellina.es\/blog\/2023\/08\/20\/crestellina-empresa-familiar-haciendo-queso-forma-sostenible-espana-rural\/#breadcrumb","itemListElement":[{"@type":"ListItem","position":1,"name":"Portada","item":"https:\/\/quesossierracrestellina.es\/blog\/"},{"@type":"ListItem","position":2,"name":"Crestellina, una empresa familiar haciendo queso de forma sostenible en la Espa\u00f1a rural"}]},{"@type":"WebSite","@id":"https:\/\/quesossierracrestellina.es\/blog\/#website","url":"https:\/\/quesossierracrestellina.es\/blog\/","name":"Quesos Sierra Crestellina","description":"Sencillos por naturaleza","publisher":{"@id":"https:\/\/quesossierracrestellina.es\/blog\/#organization"},"potentialAction":[{"@type":"SearchAction","target":{"@type":"EntryPoint","urlTemplate":"https:\/\/quesossierracrestellina.es\/blog\/?s={search_term_string}"},"query-input":{"@type":"PropertyValueSpecification","valueRequired":true,"valueName":"search_term_string"}}],"inLanguage":"es"},{"@type":"Organization","@id":"https:\/\/quesossierracrestellina.es\/blog\/#organization","name":"Quesos Sierra Crestellina","url":"https:\/\/quesossierracrestellina.es\/blog\/","logo":{"@type":"ImageObject","inLanguage":"es","@id":"https:\/\/quesossierracrestellina.es\/blog\/#\/schema\/logo\/image\/","url":"https:\/\/quesossierracrestellina.es\/blog\/wp-content\/uploads\/2020\/05\/logo-crestellina.jpg","contentUrl":"https:\/\/quesossierracrestellina.es\/blog\/wp-content\/uploads\/2020\/05\/logo-crestellina.jpg","width":800,"height":800,"caption":"Quesos Sierra Crestellina"},"image":{"@id":"https:\/\/quesossierracrestellina.es\/blog\/#\/schema\/logo\/image\/"},"sameAs":["https:\/\/www.facebook.com\/quesoscrestellina.quesossierracrestellina","https:\/\/www.instagram.com\/queseriasierracrestellina\/"]},{"@type":"Person","@id":"https:\/\/quesossierracrestellina.es\/blog\/#\/schema\/person\/1a1635cca8df433589af815239a1f94c","name":"Quesos Sierra Crestellina","image":{"@type":"ImageObject","inLanguage":"es","@id":"https:\/\/secure.gravatar.com\/avatar\/77dc2c8c07c777a6507b998eff202e7127f6688a33a22df7fc6e6ce7f6b9aea9?s=96&d=mm&r=g","url":"https:\/\/secure.gravatar.com\/avatar\/77dc2c8c07c777a6507b998eff202e7127f6688a33a22df7fc6e6ce7f6b9aea9?s=96&d=mm&r=g","contentUrl":"https:\/\/secure.gravatar.com\/avatar\/77dc2c8c07c777a6507b998eff202e7127f6688a33a22df7fc6e6ce7f6b9aea9?s=96&d=mm&r=g","caption":"Quesos Sierra Crestellina"},"sameAs":["https:\/\/quesossierracrestellina.es\/blog"]}]}},"_links":{"self":[{"href":"https:\/\/quesossierracrestellina.es\/blog\/wp-json\/wp\/v2\/posts\/1601","targetHints":{"allow":["GET"]}}],"collection":[{"href":"https:\/\/quesossierracrestellina.es\/blog\/wp-json\/wp\/v2\/posts"}],"about":[{"href":"https:\/\/quesossierracrestellina.es\/blog\/wp-json\/wp\/v2\/types\/post"}],"author":[{"embeddable":true,"href":"https:\/\/quesossierracrestellina.es\/blog\/wp-json\/wp\/v2\/users\/1"}],"replies":[{"embeddable":true,"href":"https:\/\/quesossierracrestellina.es\/blog\/wp-json\/wp\/v2\/comments?post=1601"}],"version-history":[{"count":2,"href":"https:\/\/quesossierracrestellina.es\/blog\/wp-json\/wp\/v2\/posts\/1601\/revisions"}],"predecessor-version":[{"id":1604,"href":"https:\/\/quesossierracrestellina.es\/blog\/wp-json\/wp\/v2\/posts\/1601\/revisions\/1604"}],"wp:featuredmedia":[{"embeddable":true,"href":"https:\/\/quesossierracrestellina.es\/blog\/wp-json\/wp\/v2\/media\/1602"}],"wp:attachment":[{"href":"https:\/\/quesossierracrestellina.es\/blog\/wp-json\/wp\/v2\/media?parent=1601"}],"wp:term":[{"taxonomy":"category","embeddable":true,"href":"https:\/\/quesossierracrestellina.es\/blog\/wp-json\/wp\/v2\/categories?post=1601"},{"taxonomy":"post_tag","embeddable":true,"href":"https:\/\/quesossierracrestellina.es\/blog\/wp-json\/wp\/v2\/tags?post=1601"}],"curies":[{"name":"wp","href":"https:\/\/api.w.org\/{rel}","templated":true}]}}