{"id":1605,"date":"2023-10-04T12:30:03","date_gmt":"2023-10-04T12:30:03","guid":{"rendered":"https:\/\/quesossierracrestellina.es\/blog\/?p=1605"},"modified":"2023-10-05T07:15:30","modified_gmt":"2023-10-05T07:15:30","slug":"crestellina-casares-programa-malaga-carretera-manta","status":"publish","type":"post","link":"https:\/\/quesossierracrestellina.es\/blog\/2023\/10\/04\/crestellina-casares-programa-malaga-carretera-manta\/","title":{"rendered":"Crestellina y Casares en el programa \u00abM\u00e1laga: Carretera y manta\u00bb"},"content":{"rendered":"<div class=\"fusion-fullwidth fullwidth-box fusion-builder-row-1 fusion-flex-container has-pattern-background has-mask-background nonhundred-percent-fullwidth non-hundred-percent-height-scrolling\" style=\"--awb-border-radius-top-left:0px;--awb-border-radius-top-right:0px;--awb-border-radius-bottom-right:0px;--awb-border-radius-bottom-left:0px;--awb-flex-wrap:wrap;\" ><div class=\"fusion-builder-row fusion-row fusion-flex-align-items-flex-start fusion-flex-content-wrap\" style=\"max-width:1216.8px;margin-left: calc(-4% \/ 2 );margin-right: calc(-4% \/ 2 );\"><div class=\"fusion-layout-column fusion_builder_column fusion-builder-column-0 fusion_builder_column_1_1 1_1 fusion-flex-column\" style=\"--awb-bg-size:cover;--awb-width-large:100%;--awb-margin-top-large:0px;--awb-spacing-right-large:1.92%;--awb-margin-bottom-large:20px;--awb-spacing-left-large:1.92%;--awb-width-medium:100%;--awb-order-medium:0;--awb-spacing-right-medium:1.92%;--awb-spacing-left-medium:1.92%;--awb-width-small:100%;--awb-order-small:0;--awb-spacing-right-small:1.92%;--awb-spacing-left-small:1.92%;\"><div class=\"fusion-column-wrapper fusion-column-has-shadow fusion-flex-justify-content-flex-start fusion-content-layout-column\"><div class=\"fusion-video fusion-youtube\" style=\"--awb-max-width:600px;--awb-max-height:360px;--awb-align-self:center;--awb-width:100%;--awb-margin-bottom:25px;\"><div class=\"video-shortcode\"><div class=\"fluid-width-video-wrapper\" style=\"padding-top:60%;\" ><iframe title=\"YouTube video player 1\" src=\"https:\/\/www.youtube.com\/embed\/SGusJzMY5NY?wmode=transparent&autoplay=0\" width=\"600\" height=\"360\" allowfullscreen allow=\"autoplay; clipboard-write; encrypted-media; gyroscope; picture-in-picture;\"><\/iframe><\/div><\/div><\/div><div class=\"fusion-text fusion-text-1\"><p>\u00ab<a href=\"http:\/\/www.canalmalaga.es\/malaga-carretera-y-manta\" target=\"_blank\" rel=\"noopener\">M\u00e1laga, Carretera y Manta<\/a>&#8216; es un programa de Canal M\u00e1laga Televisi\u00f3n presentado por L\u00eda Rom\u00e1n Carri\u00f3n, que descubre lugares tur\u00edsticos con encanto y que son dignos de ser visitados. Se emite todos los lunes, a las 22:00 horas, en Canal M\u00e1laga Televisi\u00f3n.<\/p>\n<p>El primer cap\u00edtulo de esta temporada 2023 se ha grabado en Casares, y Crestellina ha participado mostrando la experiencia ofrecida a un grupo franc\u00e9s de la Costa del Sol, junto a Javier Martos (<a href=\"https:\/\/www.acaire.es\" target=\"_blank\" rel=\"noopener\">Acaire<\/a>), Amigos del senderismo de Casares y el joven ornit\u00f3logo casare\u00f1o Andr\u00e9s Rojas, con los que hemos mostrado Casares y parte de lo que puede ofrecer a quienes nos visiten.<\/p>\n<\/div><\/div><\/div><\/div><\/div>\n","protected":false},"excerpt":{"rendered":"<p>\u00abM\u00e1laga, Carretera y Manta&#8217; es un programa de Canal M\u00e1laga Televisi\u00f3n presentado por L\u00eda Rom\u00e1n Carri\u00f3n, que descubre lugares tur\u00edsticos con encanto y que son dignos de ser visitados. Se emite todos los lunes, a las 22:00 horas, en Canal M\u00e1laga Televisi\u00f3n. El primer cap\u00edtulo de esta temporada 2023 se ha grabado en Casares<\/p>\n","protected":false},"author":1,"featured_media":1606,"comment_status":"closed","ping_status":"open","sticky":false,"template":"","format":"video","meta":{"footnotes":""},"categories":[42],"tags":[72],"class_list":["post-1605","post","type-post","status-publish","format-video","has-post-thumbnail","hentry","category-reportajes","tag-canal-malaga","post_format-post-format-video"],"yoast_head":"<!-- This site is optimized with the Yoast SEO plugin v27.5 - https:\/\/yoast.com\/product\/yoast-seo-wordpress\/ -->\n<title>Crestellina y Casares en el programa &quot;M\u00e1laga: Carretera y manta&quot;<\/title>\n<meta name=\"description\" content=\"Un programa de Canal M\u00e1laga\" \/>\n<meta name=\"robots\" content=\"index, follow, max-snippet:-1, max-image-preview:large, max-video-preview:-1\" \/>\n<link rel=\"canonical\" href=\"https:\/\/quesossierracrestellina.es\/blog\/2023\/10\/04\/crestellina-casares-programa-malaga-carretera-manta\/\" \/>\n<meta property=\"og:locale\" content=\"es_ES\" \/>\n<meta property=\"og:type\" content=\"article\" \/>\n<meta property=\"og:title\" content=\"Casares y Crestellina en Canal M\u00e1laga\" \/>\n<meta property=\"og:description\" content=\"Un programa de Canal M\u00e1laga\" \/>\n<meta property=\"og:url\" content=\"https:\/\/quesossierracrestellina.es\/blog\/2023\/10\/04\/crestellina-casares-programa-malaga-carretera-manta\/\" \/>\n<meta property=\"og:site_name\" content=\"Crestellina\" \/>\n<meta property=\"article:publisher\" content=\"https:\/\/www.facebook.com\/quesoscrestellina.quesossierracrestellina\" \/>\n<meta property=\"article:published_time\" content=\"2023-10-04T12:30:03+00:00\" \/>\n<meta property=\"article:modified_time\" content=\"2023-10-05T07:15:30+00:00\" \/>\n<meta property=\"og:image\" content=\"https:\/\/quesossierracrestellina.es\/blog\/wp-content\/uploads\/2023\/10\/20231002-canalmalaga-casares-2.jpg\" \/>\n\t<meta property=\"og:image:width\" content=\"1620\" \/>\n\t<meta property=\"og:image:height\" content=\"1080\" \/>\n\t<meta property=\"og:image:type\" content=\"image\/jpeg\" \/>\n<meta name=\"author\" content=\"Quesos Sierra Crestellina\" \/>\n<meta name=\"twitter:card\" content=\"summary_large_image\" \/>\n<meta name=\"twitter:title\" content=\"Casares y Crestellina en Canal M\u00e1laga\" \/>\n<meta name=\"twitter:description\" content=\"&quot;M\u00e1laga: carretera y Manta&quot;\" \/>\n<meta name=\"twitter:image\" content=\"https:\/\/quesossierracrestellina.es\/blog\/wp-content\/uploads\/2023\/10\/20231002-canalmalaga-casares-2.jpg\" \/>\n<meta name=\"twitter:label1\" content=\"Escrito por\" \/>\n\t<meta name=\"twitter:data1\" content=\"Quesos Sierra Crestellina\" \/>\n<script type=\"application\/ld+json\" class=\"yoast-schema-graph\">{\"@context\":\"https:\\\/\\\/schema.org\",\"@graph\":[{\"@type\":\"Article\",\"@id\":\"https:\\\/\\\/quesossierracrestellina.es\\\/blog\\\/2023\\\/10\\\/04\\\/crestellina-casares-programa-malaga-carretera-manta\\\/#article\",\"isPartOf\":{\"@id\":\"https:\\\/\\\/quesossierracrestellina.es\\\/blog\\\/2023\\\/10\\\/04\\\/crestellina-casares-programa-malaga-carretera-manta\\\/\"},\"author\":{\"name\":\"Quesos Sierra Crestellina\",\"@id\":\"https:\\\/\\\/quesossierracrestellina.es\\\/blog\\\/#\\\/schema\\\/person\\\/1a1635cca8df433589af815239a1f94c\"},\"headline\":\"Crestellina y Casares en el programa \u00abM\u00e1laga: Carretera y manta\u00bb\",\"datePublished\":\"2023-10-04T12:30:03+00:00\",\"dateModified\":\"2023-10-05T07:15:30+00:00\",\"mainEntityOfPage\":{\"@id\":\"https:\\\/\\\/quesossierracrestellina.es\\\/blog\\\/2023\\\/10\\\/04\\\/crestellina-casares-programa-malaga-carretera-manta\\\/\"},\"wordCount\":1130,\"publisher\":{\"@id\":\"https:\\\/\\\/quesossierracrestellina.es\\\/blog\\\/#organization\"},\"image\":{\"@id\":\"https:\\\/\\\/quesossierracrestellina.es\\\/blog\\\/2023\\\/10\\\/04\\\/crestellina-casares-programa-malaga-carretera-manta\\\/#primaryimage\"},\"thumbnailUrl\":\"https:\\\/\\\/quesossierracrestellina.es\\\/blog\\\/wp-content\\\/uploads\\\/2023\\\/10\\\/20231002-canalmalaga-casares-2.jpg\",\"keywords\":[\"Canal M\u00e1laga\"],\"articleSection\":[\"Reportajes\"],\"inLanguage\":\"es\"},{\"@type\":\"WebPage\",\"@id\":\"https:\\\/\\\/quesossierracrestellina.es\\\/blog\\\/2023\\\/10\\\/04\\\/crestellina-casares-programa-malaga-carretera-manta\\\/\",\"url\":\"https:\\\/\\\/quesossierracrestellina.es\\\/blog\\\/2023\\\/10\\\/04\\\/crestellina-casares-programa-malaga-carretera-manta\\\/\",\"name\":\"Crestellina y Casares en el programa \\\"M\u00e1laga: Carretera y manta\\\"\",\"isPartOf\":{\"@id\":\"https:\\\/\\\/quesossierracrestellina.es\\\/blog\\\/#website\"},\"primaryImageOfPage\":{\"@id\":\"https:\\\/\\\/quesossierracrestellina.es\\\/blog\\\/2023\\\/10\\\/04\\\/crestellina-casares-programa-malaga-carretera-manta\\\/#primaryimage\"},\"image\":{\"@id\":\"https:\\\/\\\/quesossierracrestellina.es\\\/blog\\\/2023\\\/10\\\/04\\\/crestellina-casares-programa-malaga-carretera-manta\\\/#primaryimage\"},\"thumbnailUrl\":\"https:\\\/\\\/quesossierracrestellina.es\\\/blog\\\/wp-content\\\/uploads\\\/2023\\\/10\\\/20231002-canalmalaga-casares-2.jpg\",\"datePublished\":\"2023-10-04T12:30:03+00:00\",\"dateModified\":\"2023-10-05T07:15:30+00:00\",\"description\":\"Un programa de Canal M\u00e1laga\",\"breadcrumb\":{\"@id\":\"https:\\\/\\\/quesossierracrestellina.es\\\/blog\\\/2023\\\/10\\\/04\\\/crestellina-casares-programa-malaga-carretera-manta\\\/#breadcrumb\"},\"inLanguage\":\"es\",\"potentialAction\":[{\"@type\":\"ReadAction\",\"target\":[\"https:\\\/\\\/quesossierracrestellina.es\\\/blog\\\/2023\\\/10\\\/04\\\/crestellina-casares-programa-malaga-carretera-manta\\\/\"]}]},{\"@type\":\"ImageObject\",\"inLanguage\":\"es\",\"@id\":\"https:\\\/\\\/quesossierracrestellina.es\\\/blog\\\/2023\\\/10\\\/04\\\/crestellina-casares-programa-malaga-carretera-manta\\\/#primaryimage\",\"url\":\"https:\\\/\\\/quesossierracrestellina.es\\\/blog\\\/wp-content\\\/uploads\\\/2023\\\/10\\\/20231002-canalmalaga-casares-2.jpg\",\"contentUrl\":\"https:\\\/\\\/quesossierracrestellina.es\\\/blog\\\/wp-content\\\/uploads\\\/2023\\\/10\\\/20231002-canalmalaga-casares-2.jpg\",\"width\":1620,\"height\":1080,\"caption\":\"Crestellina en el programa de Canal M\u00e1laga, \\\"M\u00e1laga: carretera y manta\\\"\"},{\"@type\":\"BreadcrumbList\",\"@id\":\"https:\\\/\\\/quesossierracrestellina.es\\\/blog\\\/2023\\\/10\\\/04\\\/crestellina-casares-programa-malaga-carretera-manta\\\/#breadcrumb\",\"itemListElement\":[{\"@type\":\"ListItem\",\"position\":1,\"name\":\"Portada\",\"item\":\"https:\\\/\\\/quesossierracrestellina.es\\\/blog\\\/\"},{\"@type\":\"ListItem\",\"position\":2,\"name\":\"Crestellina y Casares en el programa \u00abM\u00e1laga: Carretera y manta\u00bb\"}]},{\"@type\":\"WebSite\",\"@id\":\"https:\\\/\\\/quesossierracrestellina.es\\\/blog\\\/#website\",\"url\":\"https:\\\/\\\/quesossierracrestellina.es\\\/blog\\\/\",\"name\":\"Quesos Sierra Crestellina\",\"description\":\"Sencillos por naturaleza\",\"publisher\":{\"@id\":\"https:\\\/\\\/quesossierracrestellina.es\\\/blog\\\/#organization\"},\"potentialAction\":[{\"@type\":\"SearchAction\",\"target\":{\"@type\":\"EntryPoint\",\"urlTemplate\":\"https:\\\/\\\/quesossierracrestellina.es\\\/blog\\\/?s={search_term_string}\"},\"query-input\":{\"@type\":\"PropertyValueSpecification\",\"valueRequired\":true,\"valueName\":\"search_term_string\"}}],\"inLanguage\":\"es\"},{\"@type\":\"Organization\",\"@id\":\"https:\\\/\\\/quesossierracrestellina.es\\\/blog\\\/#organization\",\"name\":\"Quesos Sierra Crestellina\",\"url\":\"https:\\\/\\\/quesossierracrestellina.es\\\/blog\\\/\",\"logo\":{\"@type\":\"ImageObject\",\"inLanguage\":\"es\",\"@id\":\"https:\\\/\\\/quesossierracrestellina.es\\\/blog\\\/#\\\/schema\\\/logo\\\/image\\\/\",\"url\":\"https:\\\/\\\/quesossierracrestellina.es\\\/blog\\\/wp-content\\\/uploads\\\/2020\\\/05\\\/logo-crestellina.jpg\",\"contentUrl\":\"https:\\\/\\\/quesossierracrestellina.es\\\/blog\\\/wp-content\\\/uploads\\\/2020\\\/05\\\/logo-crestellina.jpg\",\"width\":800,\"height\":800,\"caption\":\"Quesos Sierra Crestellina\"},\"image\":{\"@id\":\"https:\\\/\\\/quesossierracrestellina.es\\\/blog\\\/#\\\/schema\\\/logo\\\/image\\\/\"},\"sameAs\":[\"https:\\\/\\\/www.facebook.com\\\/quesoscrestellina.quesossierracrestellina\",\"https:\\\/\\\/www.instagram.com\\\/queseriasierracrestellina\\\/\"]},{\"@type\":\"Person\",\"@id\":\"https:\\\/\\\/quesossierracrestellina.es\\\/blog\\\/#\\\/schema\\\/person\\\/1a1635cca8df433589af815239a1f94c\",\"name\":\"Quesos Sierra Crestellina\",\"image\":{\"@type\":\"ImageObject\",\"inLanguage\":\"es\",\"@id\":\"https:\\\/\\\/secure.gravatar.com\\\/avatar\\\/77dc2c8c07c777a6507b998eff202e7127f6688a33a22df7fc6e6ce7f6b9aea9?s=96&d=mm&r=g\",\"url\":\"https:\\\/\\\/secure.gravatar.com\\\/avatar\\\/77dc2c8c07c777a6507b998eff202e7127f6688a33a22df7fc6e6ce7f6b9aea9?s=96&d=mm&r=g\",\"contentUrl\":\"https:\\\/\\\/secure.gravatar.com\\\/avatar\\\/77dc2c8c07c777a6507b998eff202e7127f6688a33a22df7fc6e6ce7f6b9aea9?s=96&d=mm&r=g\",\"caption\":\"Quesos Sierra Crestellina\"},\"sameAs\":[\"https:\\\/\\\/quesossierracrestellina.es\\\/blog\"]}]}<\/script>\n<!-- \/ Yoast SEO plugin. -->","yoast_head_json":{"title":"Crestellina y Casares en el programa \"M\u00e1laga: Carretera y manta\"","description":"Un programa de Canal M\u00e1laga","robots":{"index":"index","follow":"follow","max-snippet":"max-snippet:-1","max-image-preview":"max-image-preview:large","max-video-preview":"max-video-preview:-1"},"canonical":"https:\/\/quesossierracrestellina.es\/blog\/2023\/10\/04\/crestellina-casares-programa-malaga-carretera-manta\/","og_locale":"es_ES","og_type":"article","og_title":"Casares y Crestellina en Canal M\u00e1laga","og_description":"Un programa de Canal M\u00e1laga","og_url":"https:\/\/quesossierracrestellina.es\/blog\/2023\/10\/04\/crestellina-casares-programa-malaga-carretera-manta\/","og_site_name":"Crestellina","article_publisher":"https:\/\/www.facebook.com\/quesoscrestellina.quesossierracrestellina","article_published_time":"2023-10-04T12:30:03+00:00","article_modified_time":"2023-10-05T07:15:30+00:00","og_image":[{"width":1620,"height":1080,"url":"https:\/\/quesossierracrestellina.es\/blog\/wp-content\/uploads\/2023\/10\/20231002-canalmalaga-casares-2.jpg","type":"image\/jpeg"}],"author":"Quesos Sierra Crestellina","twitter_card":"summary_large_image","twitter_title":"Casares y Crestellina en Canal M\u00e1laga","twitter_description":"\"M\u00e1laga: carretera y Manta\"","twitter_image":"https:\/\/quesossierracrestellina.es\/blog\/wp-content\/uploads\/2023\/10\/20231002-canalmalaga-casares-2.jpg","twitter_misc":{"Escrito por":"Quesos Sierra Crestellina"},"schema":{"@context":"https:\/\/schema.org","@graph":[{"@type":"Article","@id":"https:\/\/quesossierracrestellina.es\/blog\/2023\/10\/04\/crestellina-casares-programa-malaga-carretera-manta\/#article","isPartOf":{"@id":"https:\/\/quesossierracrestellina.es\/blog\/2023\/10\/04\/crestellina-casares-programa-malaga-carretera-manta\/"},"author":{"name":"Quesos Sierra Crestellina","@id":"https:\/\/quesossierracrestellina.es\/blog\/#\/schema\/person\/1a1635cca8df433589af815239a1f94c"},"headline":"Crestellina y Casares en el programa \u00abM\u00e1laga: Carretera y manta\u00bb","datePublished":"2023-10-04T12:30:03+00:00","dateModified":"2023-10-05T07:15:30+00:00","mainEntityOfPage":{"@id":"https:\/\/quesossierracrestellina.es\/blog\/2023\/10\/04\/crestellina-casares-programa-malaga-carretera-manta\/"},"wordCount":1130,"publisher":{"@id":"https:\/\/quesossierracrestellina.es\/blog\/#organization"},"image":{"@id":"https:\/\/quesossierracrestellina.es\/blog\/2023\/10\/04\/crestellina-casares-programa-malaga-carretera-manta\/#primaryimage"},"thumbnailUrl":"https:\/\/quesossierracrestellina.es\/blog\/wp-content\/uploads\/2023\/10\/20231002-canalmalaga-casares-2.jpg","keywords":["Canal M\u00e1laga"],"articleSection":["Reportajes"],"inLanguage":"es"},{"@type":"WebPage","@id":"https:\/\/quesossierracrestellina.es\/blog\/2023\/10\/04\/crestellina-casares-programa-malaga-carretera-manta\/","url":"https:\/\/quesossierracrestellina.es\/blog\/2023\/10\/04\/crestellina-casares-programa-malaga-carretera-manta\/","name":"Crestellina y Casares en el programa \"M\u00e1laga: Carretera y manta\"","isPartOf":{"@id":"https:\/\/quesossierracrestellina.es\/blog\/#website"},"primaryImageOfPage":{"@id":"https:\/\/quesossierracrestellina.es\/blog\/2023\/10\/04\/crestellina-casares-programa-malaga-carretera-manta\/#primaryimage"},"image":{"@id":"https:\/\/quesossierracrestellina.es\/blog\/2023\/10\/04\/crestellina-casares-programa-malaga-carretera-manta\/#primaryimage"},"thumbnailUrl":"https:\/\/quesossierracrestellina.es\/blog\/wp-content\/uploads\/2023\/10\/20231002-canalmalaga-casares-2.jpg","datePublished":"2023-10-04T12:30:03+00:00","dateModified":"2023-10-05T07:15:30+00:00","description":"Un programa de Canal M\u00e1laga","breadcrumb":{"@id":"https:\/\/quesossierracrestellina.es\/blog\/2023\/10\/04\/crestellina-casares-programa-malaga-carretera-manta\/#breadcrumb"},"inLanguage":"es","potentialAction":[{"@type":"ReadAction","target":["https:\/\/quesossierracrestellina.es\/blog\/2023\/10\/04\/crestellina-casares-programa-malaga-carretera-manta\/"]}]},{"@type":"ImageObject","inLanguage":"es","@id":"https:\/\/quesossierracrestellina.es\/blog\/2023\/10\/04\/crestellina-casares-programa-malaga-carretera-manta\/#primaryimage","url":"https:\/\/quesossierracrestellina.es\/blog\/wp-content\/uploads\/2023\/10\/20231002-canalmalaga-casares-2.jpg","contentUrl":"https:\/\/quesossierracrestellina.es\/blog\/wp-content\/uploads\/2023\/10\/20231002-canalmalaga-casares-2.jpg","width":1620,"height":1080,"caption":"Crestellina en el programa de Canal M\u00e1laga, \"M\u00e1laga: carretera y manta\""},{"@type":"BreadcrumbList","@id":"https:\/\/quesossierracrestellina.es\/blog\/2023\/10\/04\/crestellina-casares-programa-malaga-carretera-manta\/#breadcrumb","itemListElement":[{"@type":"ListItem","position":1,"name":"Portada","item":"https:\/\/quesossierracrestellina.es\/blog\/"},{"@type":"ListItem","position":2,"name":"Crestellina y Casares en el programa \u00abM\u00e1laga: Carretera y manta\u00bb"}]},{"@type":"WebSite","@id":"https:\/\/quesossierracrestellina.es\/blog\/#website","url":"https:\/\/quesossierracrestellina.es\/blog\/","name":"Quesos Sierra Crestellina","description":"Sencillos por naturaleza","publisher":{"@id":"https:\/\/quesossierracrestellina.es\/blog\/#organization"},"potentialAction":[{"@type":"SearchAction","target":{"@type":"EntryPoint","urlTemplate":"https:\/\/quesossierracrestellina.es\/blog\/?s={search_term_string}"},"query-input":{"@type":"PropertyValueSpecification","valueRequired":true,"valueName":"search_term_string"}}],"inLanguage":"es"},{"@type":"Organization","@id":"https:\/\/quesossierracrestellina.es\/blog\/#organization","name":"Quesos Sierra Crestellina","url":"https:\/\/quesossierracrestellina.es\/blog\/","logo":{"@type":"ImageObject","inLanguage":"es","@id":"https:\/\/quesossierracrestellina.es\/blog\/#\/schema\/logo\/image\/","url":"https:\/\/quesossierracrestellina.es\/blog\/wp-content\/uploads\/2020\/05\/logo-crestellina.jpg","contentUrl":"https:\/\/quesossierracrestellina.es\/blog\/wp-content\/uploads\/2020\/05\/logo-crestellina.jpg","width":800,"height":800,"caption":"Quesos Sierra Crestellina"},"image":{"@id":"https:\/\/quesossierracrestellina.es\/blog\/#\/schema\/logo\/image\/"},"sameAs":["https:\/\/www.facebook.com\/quesoscrestellina.quesossierracrestellina","https:\/\/www.instagram.com\/queseriasierracrestellina\/"]},{"@type":"Person","@id":"https:\/\/quesossierracrestellina.es\/blog\/#\/schema\/person\/1a1635cca8df433589af815239a1f94c","name":"Quesos Sierra Crestellina","image":{"@type":"ImageObject","inLanguage":"es","@id":"https:\/\/secure.gravatar.com\/avatar\/77dc2c8c07c777a6507b998eff202e7127f6688a33a22df7fc6e6ce7f6b9aea9?s=96&d=mm&r=g","url":"https:\/\/secure.gravatar.com\/avatar\/77dc2c8c07c777a6507b998eff202e7127f6688a33a22df7fc6e6ce7f6b9aea9?s=96&d=mm&r=g","contentUrl":"https:\/\/secure.gravatar.com\/avatar\/77dc2c8c07c777a6507b998eff202e7127f6688a33a22df7fc6e6ce7f6b9aea9?s=96&d=mm&r=g","caption":"Quesos Sierra Crestellina"},"sameAs":["https:\/\/quesossierracrestellina.es\/blog"]}]}},"_links":{"self":[{"href":"https:\/\/quesossierracrestellina.es\/blog\/wp-json\/wp\/v2\/posts\/1605","targetHints":{"allow":["GET"]}}],"collection":[{"href":"https:\/\/quesossierracrestellina.es\/blog\/wp-json\/wp\/v2\/posts"}],"about":[{"href":"https:\/\/quesossierracrestellina.es\/blog\/wp-json\/wp\/v2\/types\/post"}],"author":[{"embeddable":true,"href":"https:\/\/quesossierracrestellina.es\/blog\/wp-json\/wp\/v2\/users\/1"}],"replies":[{"embeddable":true,"href":"https:\/\/quesossierracrestellina.es\/blog\/wp-json\/wp\/v2\/comments?post=1605"}],"version-history":[{"count":1,"href":"https:\/\/quesossierracrestellina.es\/blog\/wp-json\/wp\/v2\/posts\/1605\/revisions"}],"predecessor-version":[{"id":1607,"href":"https:\/\/quesossierracrestellina.es\/blog\/wp-json\/wp\/v2\/posts\/1605\/revisions\/1607"}],"wp:featuredmedia":[{"embeddable":true,"href":"https:\/\/quesossierracrestellina.es\/blog\/wp-json\/wp\/v2\/media\/1606"}],"wp:attachment":[{"href":"https:\/\/quesossierracrestellina.es\/blog\/wp-json\/wp\/v2\/media?parent=1605"}],"wp:term":[{"taxonomy":"category","embeddable":true,"href":"https:\/\/quesossierracrestellina.es\/blog\/wp-json\/wp\/v2\/categories?post=1605"},{"taxonomy":"post_tag","embeddable":true,"href":"https:\/\/quesossierracrestellina.es\/blog\/wp-json\/wp\/v2\/tags?post=1605"}],"curies":[{"name":"wp","href":"https:\/\/api.w.org\/{rel}","templated":true}]}}