{"id":417,"date":"2020-05-21T18:29:12","date_gmt":"2020-05-21T18:29:12","guid":{"rendered":"https:\/\/avada.theme-fusion.com_demos\/travel\/?p=417"},"modified":"2020-06-15T15:22:52","modified_gmt":"2020-06-15T15:22:52","slug":"sector-primario-gestion-medio-rural","status":"publish","type":"post","link":"https:\/\/quesossierracrestellina.es\/blog\/2020\/05\/21\/sector-primario-gestion-medio-rural\/","title":{"rendered":"El sector primario y la gesti\u00f3n del medio rural"},"content":{"rendered":"<div class=\"fusion-fullwidth fullwidth-box fusion-builder-row-1 nonhundred-percent-fullwidth non-hundred-percent-height-scrolling\" style=\"--awb-border-radius-top-left:0px;--awb-border-radius-top-right:0px;--awb-border-radius-bottom-right:0px;--awb-border-radius-bottom-left:0px;--awb-flex-wrap:wrap;\" ><div class=\"fusion-builder-row fusion-row\"><div class=\"fusion-layout-column fusion_builder_column fusion-builder-column-0 fusion_builder_column_1_1 1_1 fusion-one-full fusion-column-first fusion-column-last\" style=\"--awb-bg-size:cover;--awb-margin-bottom:0px;\"><div class=\"fusion-column-wrapper fusion-flex-column-wrapper-legacy\"><div class=\"fusion-text fusion-text-1\"><p><span class=\"fusion-dropcap dropcap dropcap-boxed\">T<\/span>enemos un paisaje con unos valores esenciales para todos. Nos da la vida a trav\u00e9s del ciclo del agua, es sumidero de carbono y nos aporta otros recursos vitales como madera, le\u00f1a, corcho, setas, caza y lo m\u00e1s importante de todo en estos momentos: empleo. Nuestros montes son la oportunidad, la soluci\u00f3n y una de las respuestas a esta pandemia y otra que a\u00fan no ha sido designada como tal, pero que todos aquellos que vivimos de \u00e9l y en el medio rural sabemos que est\u00e1 devorando nuestro futuro: el cambio clim\u00e1tico. Se trata de una pandemia con una vacuna ya inventada pero a\u00fan no utilizada.<\/p>\n<p>La capacidad de los bosques y montes es infinita y renovable por definici\u00f3n, siempre y cuando se les ayude a salir de este abandono social. Se necesita activar sus \u201cantibi\u00f3ticos\u201d, unos elementos capaces de generar un empleo sostenible y renovable, como son los denominados empleos verdes, vinculados a los aprovechamientos renovables circulares, como poder construir con madera, sin la necesidad de destruir y contaminar, as\u00ed como poder generar energ\u00eda a trav\u00e9s de la biomasa, siendo una inversi\u00f3n r\u00e1pidamente amortizable que adem\u00e1s evitar\u00eda la lacra de los incendios.<\/p>\n<p>Si se est\u00e1 viendo que el sector primario en el que nos incluimos es esencial para la sustentabilidad de todos, hay que posicionarse: somos el sector que puede descongestionar las ciudades y enfriar el planeta. Tenemos que unirnos todos los colectivos para plantear otro escenario basado en la sostenibilidad, tanto del empleo como de la econom\u00eda. Los montes no solo son ecolog\u00eda, tambi\u00e9n son econom\u00eda. Una econom\u00eda sostenible y rentable, si de una vez por todas se valoraran los beneficios indirectos de los montes. Si se aportaran fondos para el mantenimiento y conservaci\u00f3n de los montes, por la importancia que tienen para todos, nuestro sector ser\u00eda el que podr\u00eda generar mucha riqueza, no solo econ\u00f3mica sino de futuro para el planeta.<\/p>\n<p>Creemos que no es de recibo que los fondos que van gestionados a los montes se est\u00e9n consumiendo en una burocracia que est\u00e1 conllevando el despoblamiento rural y el abandono de los montes, ni que desde una cultura urbanita se gestione y legisle sobre unos recursos que se desconocen. El monte se conoce and\u00e1ndolo y viviendo de \u00e9l. Tenemos que estar unidos y organizarnos para que la sociedad y por consiguiente nuestros pol\u00edticos, de una vez por todas, inviertan en futuro<\/p>\n<p>Alejandro Garc\u00eda Cid, un paisano serrano.<\/p>\n<\/div><div class=\"fusion-clearfix\"><\/div><\/div><\/div><\/div><\/div>\n","protected":false},"excerpt":{"rendered":"","protected":false},"author":1,"featured_media":916,"comment_status":"closed","ping_status":"open","sticky":false,"template":"","format":"standard","meta":{"footnotes":""},"categories":[35],"tags":[36],"class_list":["post-417","post","type-post","status-publish","format-standard","has-post-thumbnail","hentry","category-opinion","tag-economia"],"yoast_head":"<!-- This site is optimized with the Yoast SEO plugin v27.5 - https:\/\/yoast.com\/product\/yoast-seo-wordpress\/ -->\n<title>El sector primario y la gesti\u00f3n del medio rural - Crestellina<\/title>\n<meta name=\"robots\" content=\"index, follow, max-snippet:-1, max-image-preview:large, max-video-preview:-1\" \/>\n<link rel=\"canonical\" href=\"https:\/\/quesossierracrestellina.es\/blog\/2020\/05\/21\/sector-primario-gestion-medio-rural\/\" \/>\n<meta property=\"og:locale\" content=\"es_ES\" \/>\n<meta property=\"og:type\" content=\"article\" \/>\n<meta property=\"og:title\" content=\"El sector primario y la gesti\u00f3n del medio rural - Crestellina\" \/>\n<meta property=\"og:url\" content=\"https:\/\/quesossierracrestellina.es\/blog\/2020\/05\/21\/sector-primario-gestion-medio-rural\/\" \/>\n<meta property=\"og:site_name\" content=\"Crestellina\" \/>\n<meta property=\"article:publisher\" content=\"https:\/\/www.facebook.com\/quesoscrestellina.quesossierracrestellina\" \/>\n<meta property=\"article:published_time\" content=\"2020-05-21T18:29:12+00:00\" \/>\n<meta property=\"article:modified_time\" content=\"2020-06-15T15:22:52+00:00\" \/>\n<meta property=\"og:image\" content=\"https:\/\/quesossierracrestellina.es\/blog\/wp-content\/uploads\/2015\/02\/gestionmontes-DJI_0073.jpg\" \/>\n\t<meta property=\"og:image:width\" content=\"1400\" \/>\n\t<meta property=\"og:image:height\" content=\"933\" \/>\n\t<meta property=\"og:image:type\" content=\"image\/jpeg\" \/>\n<meta name=\"author\" content=\"Quesos Sierra Crestellina\" \/>\n<meta name=\"twitter:card\" content=\"summary_large_image\" \/>\n<meta name=\"twitter:label1\" content=\"Escrito por\" \/>\n\t<meta name=\"twitter:data1\" content=\"Quesos Sierra Crestellina\" \/>\n\t<meta name=\"twitter:label2\" content=\"Tiempo de lectura\" \/>\n\t<meta name=\"twitter:data2\" content=\"3 minutos\" \/>\n<script type=\"application\/ld+json\" class=\"yoast-schema-graph\">{\"@context\":\"https:\\\/\\\/schema.org\",\"@graph\":[{\"@type\":\"Article\",\"@id\":\"https:\\\/\\\/quesossierracrestellina.es\\\/blog\\\/2020\\\/05\\\/21\\\/sector-primario-gestion-medio-rural\\\/#article\",\"isPartOf\":{\"@id\":\"https:\\\/\\\/quesossierracrestellina.es\\\/blog\\\/2020\\\/05\\\/21\\\/sector-primario-gestion-medio-rural\\\/\"},\"author\":{\"name\":\"Quesos Sierra Crestellina\",\"@id\":\"https:\\\/\\\/quesossierracrestellina.es\\\/blog\\\/#\\\/schema\\\/person\\\/1a1635cca8df433589af815239a1f94c\"},\"headline\":\"El sector primario y la gesti\u00f3n del medio rural\",\"datePublished\":\"2020-05-21T18:29:12+00:00\",\"dateModified\":\"2020-06-15T15:22:52+00:00\",\"mainEntityOfPage\":{\"@id\":\"https:\\\/\\\/quesossierracrestellina.es\\\/blog\\\/2020\\\/05\\\/21\\\/sector-primario-gestion-medio-rural\\\/\"},\"wordCount\":642,\"publisher\":{\"@id\":\"https:\\\/\\\/quesossierracrestellina.es\\\/blog\\\/#organization\"},\"image\":{\"@id\":\"https:\\\/\\\/quesossierracrestellina.es\\\/blog\\\/2020\\\/05\\\/21\\\/sector-primario-gestion-medio-rural\\\/#primaryimage\"},\"thumbnailUrl\":\"https:\\\/\\\/quesossierracrestellina.es\\\/blog\\\/wp-content\\\/uploads\\\/2015\\\/02\\\/gestionmontes-DJI_0073.jpg\",\"keywords\":[\"Econom\u00eda\"],\"articleSection\":[\"Opini\u00f3n\"],\"inLanguage\":\"es\"},{\"@type\":\"WebPage\",\"@id\":\"https:\\\/\\\/quesossierracrestellina.es\\\/blog\\\/2020\\\/05\\\/21\\\/sector-primario-gestion-medio-rural\\\/\",\"url\":\"https:\\\/\\\/quesossierracrestellina.es\\\/blog\\\/2020\\\/05\\\/21\\\/sector-primario-gestion-medio-rural\\\/\",\"name\":\"El sector primario y la gesti\u00f3n del medio rural - Crestellina\",\"isPartOf\":{\"@id\":\"https:\\\/\\\/quesossierracrestellina.es\\\/blog\\\/#website\"},\"primaryImageOfPage\":{\"@id\":\"https:\\\/\\\/quesossierracrestellina.es\\\/blog\\\/2020\\\/05\\\/21\\\/sector-primario-gestion-medio-rural\\\/#primaryimage\"},\"image\":{\"@id\":\"https:\\\/\\\/quesossierracrestellina.es\\\/blog\\\/2020\\\/05\\\/21\\\/sector-primario-gestion-medio-rural\\\/#primaryimage\"},\"thumbnailUrl\":\"https:\\\/\\\/quesossierracrestellina.es\\\/blog\\\/wp-content\\\/uploads\\\/2015\\\/02\\\/gestionmontes-DJI_0073.jpg\",\"datePublished\":\"2020-05-21T18:29:12+00:00\",\"dateModified\":\"2020-06-15T15:22:52+00:00\",\"breadcrumb\":{\"@id\":\"https:\\\/\\\/quesossierracrestellina.es\\\/blog\\\/2020\\\/05\\\/21\\\/sector-primario-gestion-medio-rural\\\/#breadcrumb\"},\"inLanguage\":\"es\",\"potentialAction\":[{\"@type\":\"ReadAction\",\"target\":[\"https:\\\/\\\/quesossierracrestellina.es\\\/blog\\\/2020\\\/05\\\/21\\\/sector-primario-gestion-medio-rural\\\/\"]}]},{\"@type\":\"ImageObject\",\"inLanguage\":\"es\",\"@id\":\"https:\\\/\\\/quesossierracrestellina.es\\\/blog\\\/2020\\\/05\\\/21\\\/sector-primario-gestion-medio-rural\\\/#primaryimage\",\"url\":\"https:\\\/\\\/quesossierracrestellina.es\\\/blog\\\/wp-content\\\/uploads\\\/2015\\\/02\\\/gestionmontes-DJI_0073.jpg\",\"contentUrl\":\"https:\\\/\\\/quesossierracrestellina.es\\\/blog\\\/wp-content\\\/uploads\\\/2015\\\/02\\\/gestionmontes-DJI_0073.jpg\",\"width\":1400,\"height\":933},{\"@type\":\"BreadcrumbList\",\"@id\":\"https:\\\/\\\/quesossierracrestellina.es\\\/blog\\\/2020\\\/05\\\/21\\\/sector-primario-gestion-medio-rural\\\/#breadcrumb\",\"itemListElement\":[{\"@type\":\"ListItem\",\"position\":1,\"name\":\"Portada\",\"item\":\"https:\\\/\\\/quesossierracrestellina.es\\\/blog\\\/\"},{\"@type\":\"ListItem\",\"position\":2,\"name\":\"El sector primario y la gesti\u00f3n del medio rural\"}]},{\"@type\":\"WebSite\",\"@id\":\"https:\\\/\\\/quesossierracrestellina.es\\\/blog\\\/#website\",\"url\":\"https:\\\/\\\/quesossierracrestellina.es\\\/blog\\\/\",\"name\":\"Quesos Sierra Crestellina\",\"description\":\"Sencillos por naturaleza\",\"publisher\":{\"@id\":\"https:\\\/\\\/quesossierracrestellina.es\\\/blog\\\/#organization\"},\"potentialAction\":[{\"@type\":\"SearchAction\",\"target\":{\"@type\":\"EntryPoint\",\"urlTemplate\":\"https:\\\/\\\/quesossierracrestellina.es\\\/blog\\\/?s={search_term_string}\"},\"query-input\":{\"@type\":\"PropertyValueSpecification\",\"valueRequired\":true,\"valueName\":\"search_term_string\"}}],\"inLanguage\":\"es\"},{\"@type\":\"Organization\",\"@id\":\"https:\\\/\\\/quesossierracrestellina.es\\\/blog\\\/#organization\",\"name\":\"Quesos Sierra Crestellina\",\"url\":\"https:\\\/\\\/quesossierracrestellina.es\\\/blog\\\/\",\"logo\":{\"@type\":\"ImageObject\",\"inLanguage\":\"es\",\"@id\":\"https:\\\/\\\/quesossierracrestellina.es\\\/blog\\\/#\\\/schema\\\/logo\\\/image\\\/\",\"url\":\"https:\\\/\\\/quesossierracrestellina.es\\\/blog\\\/wp-content\\\/uploads\\\/2020\\\/05\\\/logo-crestellina.jpg\",\"contentUrl\":\"https:\\\/\\\/quesossierracrestellina.es\\\/blog\\\/wp-content\\\/uploads\\\/2020\\\/05\\\/logo-crestellina.jpg\",\"width\":800,\"height\":800,\"caption\":\"Quesos Sierra Crestellina\"},\"image\":{\"@id\":\"https:\\\/\\\/quesossierracrestellina.es\\\/blog\\\/#\\\/schema\\\/logo\\\/image\\\/\"},\"sameAs\":[\"https:\\\/\\\/www.facebook.com\\\/quesoscrestellina.quesossierracrestellina\",\"https:\\\/\\\/www.instagram.com\\\/queseriasierracrestellina\\\/\"]},{\"@type\":\"Person\",\"@id\":\"https:\\\/\\\/quesossierracrestellina.es\\\/blog\\\/#\\\/schema\\\/person\\\/1a1635cca8df433589af815239a1f94c\",\"name\":\"Quesos Sierra Crestellina\",\"image\":{\"@type\":\"ImageObject\",\"inLanguage\":\"es\",\"@id\":\"https:\\\/\\\/secure.gravatar.com\\\/avatar\\\/77dc2c8c07c777a6507b998eff202e7127f6688a33a22df7fc6e6ce7f6b9aea9?s=96&d=mm&r=g\",\"url\":\"https:\\\/\\\/secure.gravatar.com\\\/avatar\\\/77dc2c8c07c777a6507b998eff202e7127f6688a33a22df7fc6e6ce7f6b9aea9?s=96&d=mm&r=g\",\"contentUrl\":\"https:\\\/\\\/secure.gravatar.com\\\/avatar\\\/77dc2c8c07c777a6507b998eff202e7127f6688a33a22df7fc6e6ce7f6b9aea9?s=96&d=mm&r=g\",\"caption\":\"Quesos Sierra Crestellina\"},\"sameAs\":[\"https:\\\/\\\/quesossierracrestellina.es\\\/blog\"]}]}<\/script>\n<!-- \/ Yoast SEO plugin. -->","yoast_head_json":{"title":"El sector primario y la gesti\u00f3n del medio rural - Crestellina","robots":{"index":"index","follow":"follow","max-snippet":"max-snippet:-1","max-image-preview":"max-image-preview:large","max-video-preview":"max-video-preview:-1"},"canonical":"https:\/\/quesossierracrestellina.es\/blog\/2020\/05\/21\/sector-primario-gestion-medio-rural\/","og_locale":"es_ES","og_type":"article","og_title":"El sector primario y la gesti\u00f3n del medio rural - Crestellina","og_url":"https:\/\/quesossierracrestellina.es\/blog\/2020\/05\/21\/sector-primario-gestion-medio-rural\/","og_site_name":"Crestellina","article_publisher":"https:\/\/www.facebook.com\/quesoscrestellina.quesossierracrestellina","article_published_time":"2020-05-21T18:29:12+00:00","article_modified_time":"2020-06-15T15:22:52+00:00","og_image":[{"width":1400,"height":933,"url":"https:\/\/quesossierracrestellina.es\/blog\/wp-content\/uploads\/2015\/02\/gestionmontes-DJI_0073.jpg","type":"image\/jpeg"}],"author":"Quesos Sierra Crestellina","twitter_card":"summary_large_image","twitter_misc":{"Escrito por":"Quesos Sierra Crestellina","Tiempo de lectura":"3 minutos"},"schema":{"@context":"https:\/\/schema.org","@graph":[{"@type":"Article","@id":"https:\/\/quesossierracrestellina.es\/blog\/2020\/05\/21\/sector-primario-gestion-medio-rural\/#article","isPartOf":{"@id":"https:\/\/quesossierracrestellina.es\/blog\/2020\/05\/21\/sector-primario-gestion-medio-rural\/"},"author":{"name":"Quesos Sierra Crestellina","@id":"https:\/\/quesossierracrestellina.es\/blog\/#\/schema\/person\/1a1635cca8df433589af815239a1f94c"},"headline":"El sector primario y la gesti\u00f3n del medio rural","datePublished":"2020-05-21T18:29:12+00:00","dateModified":"2020-06-15T15:22:52+00:00","mainEntityOfPage":{"@id":"https:\/\/quesossierracrestellina.es\/blog\/2020\/05\/21\/sector-primario-gestion-medio-rural\/"},"wordCount":642,"publisher":{"@id":"https:\/\/quesossierracrestellina.es\/blog\/#organization"},"image":{"@id":"https:\/\/quesossierracrestellina.es\/blog\/2020\/05\/21\/sector-primario-gestion-medio-rural\/#primaryimage"},"thumbnailUrl":"https:\/\/quesossierracrestellina.es\/blog\/wp-content\/uploads\/2015\/02\/gestionmontes-DJI_0073.jpg","keywords":["Econom\u00eda"],"articleSection":["Opini\u00f3n"],"inLanguage":"es"},{"@type":"WebPage","@id":"https:\/\/quesossierracrestellina.es\/blog\/2020\/05\/21\/sector-primario-gestion-medio-rural\/","url":"https:\/\/quesossierracrestellina.es\/blog\/2020\/05\/21\/sector-primario-gestion-medio-rural\/","name":"El sector primario y la gesti\u00f3n del medio rural - Crestellina","isPartOf":{"@id":"https:\/\/quesossierracrestellina.es\/blog\/#website"},"primaryImageOfPage":{"@id":"https:\/\/quesossierracrestellina.es\/blog\/2020\/05\/21\/sector-primario-gestion-medio-rural\/#primaryimage"},"image":{"@id":"https:\/\/quesossierracrestellina.es\/blog\/2020\/05\/21\/sector-primario-gestion-medio-rural\/#primaryimage"},"thumbnailUrl":"https:\/\/quesossierracrestellina.es\/blog\/wp-content\/uploads\/2015\/02\/gestionmontes-DJI_0073.jpg","datePublished":"2020-05-21T18:29:12+00:00","dateModified":"2020-06-15T15:22:52+00:00","breadcrumb":{"@id":"https:\/\/quesossierracrestellina.es\/blog\/2020\/05\/21\/sector-primario-gestion-medio-rural\/#breadcrumb"},"inLanguage":"es","potentialAction":[{"@type":"ReadAction","target":["https:\/\/quesossierracrestellina.es\/blog\/2020\/05\/21\/sector-primario-gestion-medio-rural\/"]}]},{"@type":"ImageObject","inLanguage":"es","@id":"https:\/\/quesossierracrestellina.es\/blog\/2020\/05\/21\/sector-primario-gestion-medio-rural\/#primaryimage","url":"https:\/\/quesossierracrestellina.es\/blog\/wp-content\/uploads\/2015\/02\/gestionmontes-DJI_0073.jpg","contentUrl":"https:\/\/quesossierracrestellina.es\/blog\/wp-content\/uploads\/2015\/02\/gestionmontes-DJI_0073.jpg","width":1400,"height":933},{"@type":"BreadcrumbList","@id":"https:\/\/quesossierracrestellina.es\/blog\/2020\/05\/21\/sector-primario-gestion-medio-rural\/#breadcrumb","itemListElement":[{"@type":"ListItem","position":1,"name":"Portada","item":"https:\/\/quesossierracrestellina.es\/blog\/"},{"@type":"ListItem","position":2,"name":"El sector primario y la gesti\u00f3n del medio rural"}]},{"@type":"WebSite","@id":"https:\/\/quesossierracrestellina.es\/blog\/#website","url":"https:\/\/quesossierracrestellina.es\/blog\/","name":"Quesos Sierra Crestellina","description":"Sencillos por naturaleza","publisher":{"@id":"https:\/\/quesossierracrestellina.es\/blog\/#organization"},"potentialAction":[{"@type":"SearchAction","target":{"@type":"EntryPoint","urlTemplate":"https:\/\/quesossierracrestellina.es\/blog\/?s={search_term_string}"},"query-input":{"@type":"PropertyValueSpecification","valueRequired":true,"valueName":"search_term_string"}}],"inLanguage":"es"},{"@type":"Organization","@id":"https:\/\/quesossierracrestellina.es\/blog\/#organization","name":"Quesos Sierra Crestellina","url":"https:\/\/quesossierracrestellina.es\/blog\/","logo":{"@type":"ImageObject","inLanguage":"es","@id":"https:\/\/quesossierracrestellina.es\/blog\/#\/schema\/logo\/image\/","url":"https:\/\/quesossierracrestellina.es\/blog\/wp-content\/uploads\/2020\/05\/logo-crestellina.jpg","contentUrl":"https:\/\/quesossierracrestellina.es\/blog\/wp-content\/uploads\/2020\/05\/logo-crestellina.jpg","width":800,"height":800,"caption":"Quesos Sierra Crestellina"},"image":{"@id":"https:\/\/quesossierracrestellina.es\/blog\/#\/schema\/logo\/image\/"},"sameAs":["https:\/\/www.facebook.com\/quesoscrestellina.quesossierracrestellina","https:\/\/www.instagram.com\/queseriasierracrestellina\/"]},{"@type":"Person","@id":"https:\/\/quesossierracrestellina.es\/blog\/#\/schema\/person\/1a1635cca8df433589af815239a1f94c","name":"Quesos Sierra Crestellina","image":{"@type":"ImageObject","inLanguage":"es","@id":"https:\/\/secure.gravatar.com\/avatar\/77dc2c8c07c777a6507b998eff202e7127f6688a33a22df7fc6e6ce7f6b9aea9?s=96&d=mm&r=g","url":"https:\/\/secure.gravatar.com\/avatar\/77dc2c8c07c777a6507b998eff202e7127f6688a33a22df7fc6e6ce7f6b9aea9?s=96&d=mm&r=g","contentUrl":"https:\/\/secure.gravatar.com\/avatar\/77dc2c8c07c777a6507b998eff202e7127f6688a33a22df7fc6e6ce7f6b9aea9?s=96&d=mm&r=g","caption":"Quesos Sierra Crestellina"},"sameAs":["https:\/\/quesossierracrestellina.es\/blog"]}]}},"_links":{"self":[{"href":"https:\/\/quesossierracrestellina.es\/blog\/wp-json\/wp\/v2\/posts\/417","targetHints":{"allow":["GET"]}}],"collection":[{"href":"https:\/\/quesossierracrestellina.es\/blog\/wp-json\/wp\/v2\/posts"}],"about":[{"href":"https:\/\/quesossierracrestellina.es\/blog\/wp-json\/wp\/v2\/types\/post"}],"author":[{"embeddable":true,"href":"https:\/\/quesossierracrestellina.es\/blog\/wp-json\/wp\/v2\/users\/1"}],"replies":[{"embeddable":true,"href":"https:\/\/quesossierracrestellina.es\/blog\/wp-json\/wp\/v2\/comments?post=417"}],"version-history":[{"count":3,"href":"https:\/\/quesossierracrestellina.es\/blog\/wp-json\/wp\/v2\/posts\/417\/revisions"}],"predecessor-version":[{"id":1156,"href":"https:\/\/quesossierracrestellina.es\/blog\/wp-json\/wp\/v2\/posts\/417\/revisions\/1156"}],"wp:featuredmedia":[{"embeddable":true,"href":"https:\/\/quesossierracrestellina.es\/blog\/wp-json\/wp\/v2\/media\/916"}],"wp:attachment":[{"href":"https:\/\/quesossierracrestellina.es\/blog\/wp-json\/wp\/v2\/media?parent=417"}],"wp:term":[{"taxonomy":"category","embeddable":true,"href":"https:\/\/quesossierracrestellina.es\/blog\/wp-json\/wp\/v2\/categories?post=417"},{"taxonomy":"post_tag","embeddable":true,"href":"https:\/\/quesossierracrestellina.es\/blog\/wp-json\/wp\/v2\/tags?post=417"}],"curies":[{"name":"wp","href":"https:\/\/api.w.org\/{rel}","templated":true}]}}