{"id":425,"date":"2015-10-15T18:31:04","date_gmt":"2015-10-15T18:31:04","guid":{"rendered":"https:\/\/avada.theme-fusion.com_demos\/travel\/?p=425"},"modified":"2020-06-15T15:30:43","modified_gmt":"2020-06-15T15:30:43","slug":"alumnos-intercambio-franceses","status":"publish","type":"post","link":"https:\/\/quesossierracrestellina.es\/blog\/2015\/10\/15\/alumnos-intercambio-franceses\/","title":{"rendered":"Nos visitan alumnos de intercambio franceses"},"content":{"rendered":"<div class=\"fusion-fullwidth fullwidth-box fusion-builder-row-1 nonhundred-percent-fullwidth non-hundred-percent-height-scrolling\" style=\"--awb-border-radius-top-left:0px;--awb-border-radius-top-right:0px;--awb-border-radius-bottom-right:0px;--awb-border-radius-bottom-left:0px;--awb-flex-wrap:wrap;\" ><div class=\"fusion-builder-row fusion-row\"><div class=\"fusion-layout-column fusion_builder_column fusion-builder-column-0 fusion_builder_column_1_1 1_1 fusion-one-full fusion-column-first fusion-column-last\" style=\"--awb-bg-size:cover;--awb-margin-bottom:0px;\"><div class=\"fusion-column-wrapper fusion-flex-column-wrapper-legacy\"><div class=\"fusion-text fusion-text-1\"><p><span class=\"fusion-dropcap dropcap dropcap-boxed\">E<\/span>l pasado jueves 15 de octubre nos visitaron un grupo de alumnos de intercambio, franceses y espa\u00f1oles, en una jornada en la que se plantearon distintas actividades en Casares. Para empezar, los alumnos realizaron el taller de elaboraci\u00f3n y cata de quesos en nuestra queser\u00eda Sierra Crestellina. Luis C\u00f3rdoba y Juan Oca\u00f1a, con el apoyo en las traducciones al franc\u00e9s de los profesores que les acompa\u00f1aban, les ense\u00f1aron el proceso de elaboraci\u00f3n del queso en nuestra empresa familiar, desde el pastoreo del reba\u00f1o de cabras payoyas, el orde\u00f1o de las cabras, la elaboraci\u00f3n del queso en un proceso manual, la visita a la f\u00e1brica donde el proceso, igual de natural, est\u00e1 algo m\u00e1s mecanizado, terminando con una cata de distintos quesos de cabra. Un placer gastron\u00f3mico y cultural para todos, en especial para los j\u00f3venes franceses, a los que se coment\u00f3 que la leche de cabra que se produce en Espa\u00f1a se exporta a Francia para su industria quesera.<\/p>\n<\/div><div class=\"fusion-sep-clear\"><\/div><div class=\"fusion-separator fusion-full-width-sep\" style=\"margin-left: auto;margin-right: auto;margin-top:45px;width:100%;\"><\/div><div class=\"fusion-sep-clear\"><\/div><div class=\"awb-gallery-wrapper awb-gallery-wrapper-1 button-span-no\" data-limit=\"10\" data-page=\"1\"><div style=\"margin:-6px;--awb-bordersize:0px;\" class=\"fusion-gallery fusion-gallery-container fusion-grid-3 fusion-columns-total-5 fusion-gallery-layout-grid fusion-gallery-1\"><div style=\"padding:6px;\" class=\"fusion-grid-column fusion-gallery-column fusion-gallery-column-3 hover-type-zoomin\"><div class=\"fusion-gallery-image\"><a href=\"https:\/\/quesossierracrestellina.es\/blog\/wp-content\/uploads\/2015\/02\/MG_0790-1400px.jpg\" rel=\"noreferrer\" data-rel=\"iLightbox[gallery_image_1]\" class=\"fusion-lightbox\" target=\"_self\"><img decoding=\"async\" src=\"https:\/\/quesossierracrestellina.es\/blog\/wp-content\/uploads\/2015\/02\/MG_0790-1400px.jpg\" width=\"1400\" height=\"933\" alt=\"Visita alumnos franceses (15\/10\/2015)\" title=\"Visita alumnos franceses (15\/10\/2015)\" aria-label=\"Visita alumnos franceses (15\/10\/2015)\" class=\"img-responsive wp-image-923\" srcset=\"https:\/\/quesossierracrestellina.es\/blog\/wp-content\/uploads\/2015\/02\/MG_0790-1400px-200x133.jpg 200w, https:\/\/quesossierracrestellina.es\/blog\/wp-content\/uploads\/2015\/02\/MG_0790-1400px-400x267.jpg 400w, https:\/\/quesossierracrestellina.es\/blog\/wp-content\/uploads\/2015\/02\/MG_0790-1400px-600x400.jpg 600w, https:\/\/quesossierracrestellina.es\/blog\/wp-content\/uploads\/2015\/02\/MG_0790-1400px-800x533.jpg 800w, https:\/\/quesossierracrestellina.es\/blog\/wp-content\/uploads\/2015\/02\/MG_0790-1400px-1200x800.jpg 1200w, https:\/\/quesossierracrestellina.es\/blog\/wp-content\/uploads\/2015\/02\/MG_0790-1400px.jpg 1400w\" sizes=\"(min-width: 2200px) 100vw, (min-width: 824px) 386px, (min-width: 732px) 579px, (min-width: 640px) 732px, \" \/><\/a><\/div><\/div><div style=\"padding:6px;\" class=\"fusion-grid-column fusion-gallery-column fusion-gallery-column-3 hover-type-zoomin\"><div class=\"fusion-gallery-image\"><a href=\"https:\/\/quesossierracrestellina.es\/blog\/wp-content\/uploads\/2015\/02\/MG_0803-1400px.jpg\" rel=\"noreferrer\" data-rel=\"iLightbox[gallery_image_1]\" class=\"fusion-lightbox\" target=\"_self\"><img decoding=\"async\" src=\"https:\/\/quesossierracrestellina.es\/blog\/wp-content\/uploads\/2015\/02\/MG_0803-1400px.jpg\" width=\"933\" height=\"1400\" alt=\"Visita alumnos franceses (15\/10\/2015)\" title=\"Visita alumnos franceses (15\/10\/2015)\" aria-label=\"Visita alumnos franceses (15\/10\/2015)\" class=\"img-responsive wp-image-924\" srcset=\"https:\/\/quesossierracrestellina.es\/blog\/wp-content\/uploads\/2015\/02\/MG_0803-1400px-200x300.jpg 200w, https:\/\/quesossierracrestellina.es\/blog\/wp-content\/uploads\/2015\/02\/MG_0803-1400px-400x600.jpg 400w, https:\/\/quesossierracrestellina.es\/blog\/wp-content\/uploads\/2015\/02\/MG_0803-1400px-600x900.jpg 600w, https:\/\/quesossierracrestellina.es\/blog\/wp-content\/uploads\/2015\/02\/MG_0803-1400px-800x1200.jpg 800w, https:\/\/quesossierracrestellina.es\/blog\/wp-content\/uploads\/2015\/02\/MG_0803-1400px.jpg 933w\" sizes=\"(min-width: 2200px) 100vw, (min-width: 824px) 386px, (min-width: 732px) 579px, (min-width: 640px) 732px, \" \/><\/a><\/div><\/div><div style=\"padding:6px;\" class=\"fusion-grid-column fusion-gallery-column fusion-gallery-column-3 hover-type-zoomin\"><div class=\"fusion-gallery-image\"><a href=\"https:\/\/quesossierracrestellina.es\/blog\/wp-content\/uploads\/2015\/02\/MG_0805-1400px.jpg\" rel=\"noreferrer\" data-rel=\"iLightbox[gallery_image_1]\" class=\"fusion-lightbox\" target=\"_self\"><img decoding=\"async\" src=\"https:\/\/quesossierracrestellina.es\/blog\/wp-content\/uploads\/2015\/02\/MG_0805-1400px.jpg\" width=\"1400\" height=\"933\" alt=\"Visita alumnos franceses (15\/10\/2015)\" title=\"Visita alumnos franceses (15\/10\/2015)\" aria-label=\"Visita alumnos franceses (15\/10\/2015)\" class=\"img-responsive wp-image-925\" srcset=\"https:\/\/quesossierracrestellina.es\/blog\/wp-content\/uploads\/2015\/02\/MG_0805-1400px-200x133.jpg 200w, https:\/\/quesossierracrestellina.es\/blog\/wp-content\/uploads\/2015\/02\/MG_0805-1400px-400x267.jpg 400w, https:\/\/quesossierracrestellina.es\/blog\/wp-content\/uploads\/2015\/02\/MG_0805-1400px-600x400.jpg 600w, https:\/\/quesossierracrestellina.es\/blog\/wp-content\/uploads\/2015\/02\/MG_0805-1400px-800x533.jpg 800w, https:\/\/quesossierracrestellina.es\/blog\/wp-content\/uploads\/2015\/02\/MG_0805-1400px-1200x800.jpg 1200w, https:\/\/quesossierracrestellina.es\/blog\/wp-content\/uploads\/2015\/02\/MG_0805-1400px.jpg 1400w\" sizes=\"(min-width: 2200px) 100vw, (min-width: 824px) 386px, (min-width: 732px) 579px, (min-width: 640px) 732px, \" \/><\/a><\/div><\/div><div class=\"clearfix\"><\/div><div style=\"padding:6px;\" class=\"fusion-grid-column fusion-gallery-column fusion-gallery-column-3 hover-type-zoomin\"><div class=\"fusion-gallery-image\"><a href=\"https:\/\/quesossierracrestellina.es\/blog\/wp-content\/uploads\/2015\/02\/MG_0806-1400px.jpg\" rel=\"noreferrer\" data-rel=\"iLightbox[gallery_image_1]\" class=\"fusion-lightbox\" target=\"_self\"><img decoding=\"async\" src=\"https:\/\/quesossierracrestellina.es\/blog\/wp-content\/uploads\/2015\/02\/MG_0806-1400px.jpg\" width=\"1400\" height=\"933\" alt=\"Visita alumnos franceses (15\/10\/2015)\" title=\"Visita alumnos franceses (15\/10\/2015)\" aria-label=\"Visita alumnos franceses (15\/10\/2015)\" class=\"img-responsive wp-image-926\" srcset=\"https:\/\/quesossierracrestellina.es\/blog\/wp-content\/uploads\/2015\/02\/MG_0806-1400px-200x133.jpg 200w, https:\/\/quesossierracrestellina.es\/blog\/wp-content\/uploads\/2015\/02\/MG_0806-1400px-400x267.jpg 400w, https:\/\/quesossierracrestellina.es\/blog\/wp-content\/uploads\/2015\/02\/MG_0806-1400px-600x400.jpg 600w, https:\/\/quesossierracrestellina.es\/blog\/wp-content\/uploads\/2015\/02\/MG_0806-1400px-800x533.jpg 800w, https:\/\/quesossierracrestellina.es\/blog\/wp-content\/uploads\/2015\/02\/MG_0806-1400px-1200x800.jpg 1200w, https:\/\/quesossierracrestellina.es\/blog\/wp-content\/uploads\/2015\/02\/MG_0806-1400px.jpg 1400w\" sizes=\"(min-width: 2200px) 100vw, (min-width: 824px) 386px, (min-width: 732px) 579px, (min-width: 640px) 732px, \" \/><\/a><\/div><\/div><div style=\"padding:6px;\" class=\"fusion-grid-column fusion-gallery-column fusion-gallery-column-3 hover-type-zoomin\"><div class=\"fusion-gallery-image\"><a href=\"https:\/\/quesossierracrestellina.es\/blog\/wp-content\/uploads\/2015\/02\/MG_0814-1400px.jpg\" rel=\"noreferrer\" data-rel=\"iLightbox[gallery_image_1]\" class=\"fusion-lightbox\" target=\"_self\"><img decoding=\"async\" src=\"https:\/\/quesossierracrestellina.es\/blog\/wp-content\/uploads\/2015\/02\/MG_0814-1400px.jpg\" width=\"1400\" height=\"933\" alt=\"Visita alumnos franceses (15\/10\/2015)\" title=\"Visita alumnos franceses (15\/10\/2015)\" aria-label=\"Visita alumnos franceses (15\/10\/2015)\" class=\"img-responsive wp-image-927\" srcset=\"https:\/\/quesossierracrestellina.es\/blog\/wp-content\/uploads\/2015\/02\/MG_0814-1400px-200x133.jpg 200w, https:\/\/quesossierracrestellina.es\/blog\/wp-content\/uploads\/2015\/02\/MG_0814-1400px-400x267.jpg 400w, https:\/\/quesossierracrestellina.es\/blog\/wp-content\/uploads\/2015\/02\/MG_0814-1400px-600x400.jpg 600w, https:\/\/quesossierracrestellina.es\/blog\/wp-content\/uploads\/2015\/02\/MG_0814-1400px-800x533.jpg 800w, https:\/\/quesossierracrestellina.es\/blog\/wp-content\/uploads\/2015\/02\/MG_0814-1400px-1200x800.jpg 1200w, https:\/\/quesossierracrestellina.es\/blog\/wp-content\/uploads\/2015\/02\/MG_0814-1400px.jpg 1400w\" sizes=\"(min-width: 2200px) 100vw, (min-width: 824px) 386px, (min-width: 732px) 579px, (min-width: 640px) 732px, \" \/><\/a><\/div><\/div><\/div><\/div><div class=\"fusion-sep-clear\"><\/div><div class=\"fusion-separator fusion-full-width-sep\" style=\"margin-left: auto;margin-right: auto;margin-top:45px;width:100%;\"><\/div><div class=\"fusion-sep-clear\"><\/div><div class=\"fusion-text fusion-text-2\"><p>A continuaci\u00f3n, el grupo se desplaz\u00f3 en autob\u00fas hasta los Llanos, en la sierra de la Utrera, desde donde los j\u00f3venes caminaron acompa\u00f1ados por gu\u00edas de la <a href=\"https:\/\/www.acaire.es\/\" target=\"_blank\" rel=\"noopener noreferrer\">cooperativa casare\u00f1a Acaire<\/a> por el Canuto de la Utrera disfrutando de un itinerario que permite apreciar la belleza de este singular enclave malague\u00f1o, el karst m\u00e1s meridional de Europa. Durante la ruta se comentaron aspectos naturales como el origen y la geomorfolog\u00eda del karst, las numerosas cuevas existentes, los valores paleontol\u00f3gicos o las diversas aves que nidifican en las paredes del ca\u00f1\u00f3n, y tambi\u00e9n culturales, al presentar la sierra de la Utrera evidencias de ocupaci\u00f3n desde la prehistoria hasta \u00e9poca medieval.<\/p>\n<p>La ruta termin\u00f3 en los Ba\u00f1os de la Hedionda, con la gran mayor\u00eda de los j\u00f3venes refresc\u00e1ndose en las aguas del arroyo de los Molinos y de los propios ba\u00f1os, en una jornada que a la postre result\u00f3 divertida e instructiva.<\/p>\n<\/div><div class=\"fusion-clearfix\"><\/div><\/div><\/div><\/div><\/div>\n","protected":false},"excerpt":{"rendered":"","protected":false},"author":1,"featured_media":928,"comment_status":"closed","ping_status":"open","sticky":false,"template":"","format":"standard","meta":{"footnotes":""},"categories":[37],"tags":[60],"class_list":["post-425","post","type-post","status-publish","format-standard","has-post-thumbnail","hentry","category-talleres","tag-centros-docentes"],"yoast_head":"<!-- This site is optimized with the Yoast SEO plugin v27.5 - https:\/\/yoast.com\/product\/yoast-seo-wordpress\/ -->\n<title>Nos visitan alumnos de intercambio franceses - Crestellina<\/title>\n<meta name=\"robots\" content=\"index, follow, max-snippet:-1, max-image-preview:large, max-video-preview:-1\" \/>\n<link rel=\"canonical\" href=\"https:\/\/quesossierracrestellina.es\/blog\/2015\/10\/15\/alumnos-intercambio-franceses\/\" \/>\n<meta property=\"og:locale\" content=\"es_ES\" \/>\n<meta property=\"og:type\" content=\"article\" \/>\n<meta property=\"og:title\" content=\"Nos visitan alumnos de intercambio franceses - Crestellina\" \/>\n<meta property=\"og:url\" content=\"https:\/\/quesossierracrestellina.es\/blog\/2015\/10\/15\/alumnos-intercambio-franceses\/\" \/>\n<meta property=\"og:site_name\" content=\"Crestellina\" \/>\n<meta property=\"article:publisher\" content=\"https:\/\/www.facebook.com\/quesoscrestellina.quesossierracrestellina\" \/>\n<meta property=\"article:published_time\" content=\"2015-10-15T18:31:04+00:00\" \/>\n<meta property=\"article:modified_time\" content=\"2020-06-15T15:30:43+00:00\" \/>\n<meta property=\"og:image\" content=\"https:\/\/quesossierracrestellina.es\/blog\/wp-content\/uploads\/2015\/02\/MG_0818-1400px.jpg\" \/>\n\t<meta property=\"og:image:width\" content=\"1400\" \/>\n\t<meta property=\"og:image:height\" content=\"933\" \/>\n\t<meta property=\"og:image:type\" content=\"image\/jpeg\" \/>\n<meta name=\"author\" content=\"Quesos Sierra Crestellina\" \/>\n<meta name=\"twitter:card\" content=\"summary_large_image\" \/>\n<meta name=\"twitter:label1\" content=\"Escrito por\" \/>\n\t<meta name=\"twitter:data1\" content=\"Quesos Sierra Crestellina\" \/>\n\t<meta name=\"twitter:label2\" content=\"Tiempo de lectura\" \/>\n\t<meta name=\"twitter:data2\" content=\"4 minutos\" \/>\n<script type=\"application\/ld+json\" class=\"yoast-schema-graph\">{\"@context\":\"https:\\\/\\\/schema.org\",\"@graph\":[{\"@type\":\"Article\",\"@id\":\"https:\\\/\\\/quesossierracrestellina.es\\\/blog\\\/2015\\\/10\\\/15\\\/alumnos-intercambio-franceses\\\/#article\",\"isPartOf\":{\"@id\":\"https:\\\/\\\/quesossierracrestellina.es\\\/blog\\\/2015\\\/10\\\/15\\\/alumnos-intercambio-franceses\\\/\"},\"author\":{\"name\":\"Quesos Sierra Crestellina\",\"@id\":\"https:\\\/\\\/quesossierracrestellina.es\\\/blog\\\/#\\\/schema\\\/person\\\/1a1635cca8df433589af815239a1f94c\"},\"headline\":\"Nos visitan alumnos de intercambio franceses\",\"datePublished\":\"2015-10-15T18:31:04+00:00\",\"dateModified\":\"2020-06-15T15:30:43+00:00\",\"mainEntityOfPage\":{\"@id\":\"https:\\\/\\\/quesossierracrestellina.es\\\/blog\\\/2015\\\/10\\\/15\\\/alumnos-intercambio-franceses\\\/\"},\"wordCount\":793,\"publisher\":{\"@id\":\"https:\\\/\\\/quesossierracrestellina.es\\\/blog\\\/#organization\"},\"image\":{\"@id\":\"https:\\\/\\\/quesossierracrestellina.es\\\/blog\\\/2015\\\/10\\\/15\\\/alumnos-intercambio-franceses\\\/#primaryimage\"},\"thumbnailUrl\":\"https:\\\/\\\/quesossierracrestellina.es\\\/blog\\\/wp-content\\\/uploads\\\/2015\\\/02\\\/MG_0818-1400px.jpg\",\"keywords\":[\"Centros docentes\"],\"articleSection\":[\"Talleres\"],\"inLanguage\":\"es\"},{\"@type\":\"WebPage\",\"@id\":\"https:\\\/\\\/quesossierracrestellina.es\\\/blog\\\/2015\\\/10\\\/15\\\/alumnos-intercambio-franceses\\\/\",\"url\":\"https:\\\/\\\/quesossierracrestellina.es\\\/blog\\\/2015\\\/10\\\/15\\\/alumnos-intercambio-franceses\\\/\",\"name\":\"Nos visitan alumnos de intercambio franceses - Crestellina\",\"isPartOf\":{\"@id\":\"https:\\\/\\\/quesossierracrestellina.es\\\/blog\\\/#website\"},\"primaryImageOfPage\":{\"@id\":\"https:\\\/\\\/quesossierracrestellina.es\\\/blog\\\/2015\\\/10\\\/15\\\/alumnos-intercambio-franceses\\\/#primaryimage\"},\"image\":{\"@id\":\"https:\\\/\\\/quesossierracrestellina.es\\\/blog\\\/2015\\\/10\\\/15\\\/alumnos-intercambio-franceses\\\/#primaryimage\"},\"thumbnailUrl\":\"https:\\\/\\\/quesossierracrestellina.es\\\/blog\\\/wp-content\\\/uploads\\\/2015\\\/02\\\/MG_0818-1400px.jpg\",\"datePublished\":\"2015-10-15T18:31:04+00:00\",\"dateModified\":\"2020-06-15T15:30:43+00:00\",\"breadcrumb\":{\"@id\":\"https:\\\/\\\/quesossierracrestellina.es\\\/blog\\\/2015\\\/10\\\/15\\\/alumnos-intercambio-franceses\\\/#breadcrumb\"},\"inLanguage\":\"es\",\"potentialAction\":[{\"@type\":\"ReadAction\",\"target\":[\"https:\\\/\\\/quesossierracrestellina.es\\\/blog\\\/2015\\\/10\\\/15\\\/alumnos-intercambio-franceses\\\/\"]}]},{\"@type\":\"ImageObject\",\"inLanguage\":\"es\",\"@id\":\"https:\\\/\\\/quesossierracrestellina.es\\\/blog\\\/2015\\\/10\\\/15\\\/alumnos-intercambio-franceses\\\/#primaryimage\",\"url\":\"https:\\\/\\\/quesossierracrestellina.es\\\/blog\\\/wp-content\\\/uploads\\\/2015\\\/02\\\/MG_0818-1400px.jpg\",\"contentUrl\":\"https:\\\/\\\/quesossierracrestellina.es\\\/blog\\\/wp-content\\\/uploads\\\/2015\\\/02\\\/MG_0818-1400px.jpg\",\"width\":1400,\"height\":933,\"caption\":\"Visita alumnos franceses (15\\\/10\\\/2015)\"},{\"@type\":\"BreadcrumbList\",\"@id\":\"https:\\\/\\\/quesossierracrestellina.es\\\/blog\\\/2015\\\/10\\\/15\\\/alumnos-intercambio-franceses\\\/#breadcrumb\",\"itemListElement\":[{\"@type\":\"ListItem\",\"position\":1,\"name\":\"Portada\",\"item\":\"https:\\\/\\\/quesossierracrestellina.es\\\/blog\\\/\"},{\"@type\":\"ListItem\",\"position\":2,\"name\":\"Nos visitan alumnos de intercambio franceses\"}]},{\"@type\":\"WebSite\",\"@id\":\"https:\\\/\\\/quesossierracrestellina.es\\\/blog\\\/#website\",\"url\":\"https:\\\/\\\/quesossierracrestellina.es\\\/blog\\\/\",\"name\":\"Quesos Sierra Crestellina\",\"description\":\"Sencillos por naturaleza\",\"publisher\":{\"@id\":\"https:\\\/\\\/quesossierracrestellina.es\\\/blog\\\/#organization\"},\"potentialAction\":[{\"@type\":\"SearchAction\",\"target\":{\"@type\":\"EntryPoint\",\"urlTemplate\":\"https:\\\/\\\/quesossierracrestellina.es\\\/blog\\\/?s={search_term_string}\"},\"query-input\":{\"@type\":\"PropertyValueSpecification\",\"valueRequired\":true,\"valueName\":\"search_term_string\"}}],\"inLanguage\":\"es\"},{\"@type\":\"Organization\",\"@id\":\"https:\\\/\\\/quesossierracrestellina.es\\\/blog\\\/#organization\",\"name\":\"Quesos Sierra Crestellina\",\"url\":\"https:\\\/\\\/quesossierracrestellina.es\\\/blog\\\/\",\"logo\":{\"@type\":\"ImageObject\",\"inLanguage\":\"es\",\"@id\":\"https:\\\/\\\/quesossierracrestellina.es\\\/blog\\\/#\\\/schema\\\/logo\\\/image\\\/\",\"url\":\"https:\\\/\\\/quesossierracrestellina.es\\\/blog\\\/wp-content\\\/uploads\\\/2020\\\/05\\\/logo-crestellina.jpg\",\"contentUrl\":\"https:\\\/\\\/quesossierracrestellina.es\\\/blog\\\/wp-content\\\/uploads\\\/2020\\\/05\\\/logo-crestellina.jpg\",\"width\":800,\"height\":800,\"caption\":\"Quesos Sierra Crestellina\"},\"image\":{\"@id\":\"https:\\\/\\\/quesossierracrestellina.es\\\/blog\\\/#\\\/schema\\\/logo\\\/image\\\/\"},\"sameAs\":[\"https:\\\/\\\/www.facebook.com\\\/quesoscrestellina.quesossierracrestellina\",\"https:\\\/\\\/www.instagram.com\\\/queseriasierracrestellina\\\/\"]},{\"@type\":\"Person\",\"@id\":\"https:\\\/\\\/quesossierracrestellina.es\\\/blog\\\/#\\\/schema\\\/person\\\/1a1635cca8df433589af815239a1f94c\",\"name\":\"Quesos Sierra Crestellina\",\"image\":{\"@type\":\"ImageObject\",\"inLanguage\":\"es\",\"@id\":\"https:\\\/\\\/secure.gravatar.com\\\/avatar\\\/77dc2c8c07c777a6507b998eff202e7127f6688a33a22df7fc6e6ce7f6b9aea9?s=96&d=mm&r=g\",\"url\":\"https:\\\/\\\/secure.gravatar.com\\\/avatar\\\/77dc2c8c07c777a6507b998eff202e7127f6688a33a22df7fc6e6ce7f6b9aea9?s=96&d=mm&r=g\",\"contentUrl\":\"https:\\\/\\\/secure.gravatar.com\\\/avatar\\\/77dc2c8c07c777a6507b998eff202e7127f6688a33a22df7fc6e6ce7f6b9aea9?s=96&d=mm&r=g\",\"caption\":\"Quesos Sierra Crestellina\"},\"sameAs\":[\"https:\\\/\\\/quesossierracrestellina.es\\\/blog\"]}]}<\/script>\n<!-- \/ Yoast SEO plugin. -->","yoast_head_json":{"title":"Nos visitan alumnos de intercambio franceses - Crestellina","robots":{"index":"index","follow":"follow","max-snippet":"max-snippet:-1","max-image-preview":"max-image-preview:large","max-video-preview":"max-video-preview:-1"},"canonical":"https:\/\/quesossierracrestellina.es\/blog\/2015\/10\/15\/alumnos-intercambio-franceses\/","og_locale":"es_ES","og_type":"article","og_title":"Nos visitan alumnos de intercambio franceses - Crestellina","og_url":"https:\/\/quesossierracrestellina.es\/blog\/2015\/10\/15\/alumnos-intercambio-franceses\/","og_site_name":"Crestellina","article_publisher":"https:\/\/www.facebook.com\/quesoscrestellina.quesossierracrestellina","article_published_time":"2015-10-15T18:31:04+00:00","article_modified_time":"2020-06-15T15:30:43+00:00","og_image":[{"width":1400,"height":933,"url":"https:\/\/quesossierracrestellina.es\/blog\/wp-content\/uploads\/2015\/02\/MG_0818-1400px.jpg","type":"image\/jpeg"}],"author":"Quesos Sierra Crestellina","twitter_card":"summary_large_image","twitter_misc":{"Escrito por":"Quesos Sierra Crestellina","Tiempo de lectura":"4 minutos"},"schema":{"@context":"https:\/\/schema.org","@graph":[{"@type":"Article","@id":"https:\/\/quesossierracrestellina.es\/blog\/2015\/10\/15\/alumnos-intercambio-franceses\/#article","isPartOf":{"@id":"https:\/\/quesossierracrestellina.es\/blog\/2015\/10\/15\/alumnos-intercambio-franceses\/"},"author":{"name":"Quesos Sierra Crestellina","@id":"https:\/\/quesossierracrestellina.es\/blog\/#\/schema\/person\/1a1635cca8df433589af815239a1f94c"},"headline":"Nos visitan alumnos de intercambio franceses","datePublished":"2015-10-15T18:31:04+00:00","dateModified":"2020-06-15T15:30:43+00:00","mainEntityOfPage":{"@id":"https:\/\/quesossierracrestellina.es\/blog\/2015\/10\/15\/alumnos-intercambio-franceses\/"},"wordCount":793,"publisher":{"@id":"https:\/\/quesossierracrestellina.es\/blog\/#organization"},"image":{"@id":"https:\/\/quesossierracrestellina.es\/blog\/2015\/10\/15\/alumnos-intercambio-franceses\/#primaryimage"},"thumbnailUrl":"https:\/\/quesossierracrestellina.es\/blog\/wp-content\/uploads\/2015\/02\/MG_0818-1400px.jpg","keywords":["Centros docentes"],"articleSection":["Talleres"],"inLanguage":"es"},{"@type":"WebPage","@id":"https:\/\/quesossierracrestellina.es\/blog\/2015\/10\/15\/alumnos-intercambio-franceses\/","url":"https:\/\/quesossierracrestellina.es\/blog\/2015\/10\/15\/alumnos-intercambio-franceses\/","name":"Nos visitan alumnos de intercambio franceses - Crestellina","isPartOf":{"@id":"https:\/\/quesossierracrestellina.es\/blog\/#website"},"primaryImageOfPage":{"@id":"https:\/\/quesossierracrestellina.es\/blog\/2015\/10\/15\/alumnos-intercambio-franceses\/#primaryimage"},"image":{"@id":"https:\/\/quesossierracrestellina.es\/blog\/2015\/10\/15\/alumnos-intercambio-franceses\/#primaryimage"},"thumbnailUrl":"https:\/\/quesossierracrestellina.es\/blog\/wp-content\/uploads\/2015\/02\/MG_0818-1400px.jpg","datePublished":"2015-10-15T18:31:04+00:00","dateModified":"2020-06-15T15:30:43+00:00","breadcrumb":{"@id":"https:\/\/quesossierracrestellina.es\/blog\/2015\/10\/15\/alumnos-intercambio-franceses\/#breadcrumb"},"inLanguage":"es","potentialAction":[{"@type":"ReadAction","target":["https:\/\/quesossierracrestellina.es\/blog\/2015\/10\/15\/alumnos-intercambio-franceses\/"]}]},{"@type":"ImageObject","inLanguage":"es","@id":"https:\/\/quesossierracrestellina.es\/blog\/2015\/10\/15\/alumnos-intercambio-franceses\/#primaryimage","url":"https:\/\/quesossierracrestellina.es\/blog\/wp-content\/uploads\/2015\/02\/MG_0818-1400px.jpg","contentUrl":"https:\/\/quesossierracrestellina.es\/blog\/wp-content\/uploads\/2015\/02\/MG_0818-1400px.jpg","width":1400,"height":933,"caption":"Visita alumnos franceses (15\/10\/2015)"},{"@type":"BreadcrumbList","@id":"https:\/\/quesossierracrestellina.es\/blog\/2015\/10\/15\/alumnos-intercambio-franceses\/#breadcrumb","itemListElement":[{"@type":"ListItem","position":1,"name":"Portada","item":"https:\/\/quesossierracrestellina.es\/blog\/"},{"@type":"ListItem","position":2,"name":"Nos visitan alumnos de intercambio franceses"}]},{"@type":"WebSite","@id":"https:\/\/quesossierracrestellina.es\/blog\/#website","url":"https:\/\/quesossierracrestellina.es\/blog\/","name":"Quesos Sierra Crestellina","description":"Sencillos por naturaleza","publisher":{"@id":"https:\/\/quesossierracrestellina.es\/blog\/#organization"},"potentialAction":[{"@type":"SearchAction","target":{"@type":"EntryPoint","urlTemplate":"https:\/\/quesossierracrestellina.es\/blog\/?s={search_term_string}"},"query-input":{"@type":"PropertyValueSpecification","valueRequired":true,"valueName":"search_term_string"}}],"inLanguage":"es"},{"@type":"Organization","@id":"https:\/\/quesossierracrestellina.es\/blog\/#organization","name":"Quesos Sierra Crestellina","url":"https:\/\/quesossierracrestellina.es\/blog\/","logo":{"@type":"ImageObject","inLanguage":"es","@id":"https:\/\/quesossierracrestellina.es\/blog\/#\/schema\/logo\/image\/","url":"https:\/\/quesossierracrestellina.es\/blog\/wp-content\/uploads\/2020\/05\/logo-crestellina.jpg","contentUrl":"https:\/\/quesossierracrestellina.es\/blog\/wp-content\/uploads\/2020\/05\/logo-crestellina.jpg","width":800,"height":800,"caption":"Quesos Sierra Crestellina"},"image":{"@id":"https:\/\/quesossierracrestellina.es\/blog\/#\/schema\/logo\/image\/"},"sameAs":["https:\/\/www.facebook.com\/quesoscrestellina.quesossierracrestellina","https:\/\/www.instagram.com\/queseriasierracrestellina\/"]},{"@type":"Person","@id":"https:\/\/quesossierracrestellina.es\/blog\/#\/schema\/person\/1a1635cca8df433589af815239a1f94c","name":"Quesos Sierra Crestellina","image":{"@type":"ImageObject","inLanguage":"es","@id":"https:\/\/secure.gravatar.com\/avatar\/77dc2c8c07c777a6507b998eff202e7127f6688a33a22df7fc6e6ce7f6b9aea9?s=96&d=mm&r=g","url":"https:\/\/secure.gravatar.com\/avatar\/77dc2c8c07c777a6507b998eff202e7127f6688a33a22df7fc6e6ce7f6b9aea9?s=96&d=mm&r=g","contentUrl":"https:\/\/secure.gravatar.com\/avatar\/77dc2c8c07c777a6507b998eff202e7127f6688a33a22df7fc6e6ce7f6b9aea9?s=96&d=mm&r=g","caption":"Quesos Sierra Crestellina"},"sameAs":["https:\/\/quesossierracrestellina.es\/blog"]}]}},"_links":{"self":[{"href":"https:\/\/quesossierracrestellina.es\/blog\/wp-json\/wp\/v2\/posts\/425","targetHints":{"allow":["GET"]}}],"collection":[{"href":"https:\/\/quesossierracrestellina.es\/blog\/wp-json\/wp\/v2\/posts"}],"about":[{"href":"https:\/\/quesossierracrestellina.es\/blog\/wp-json\/wp\/v2\/types\/post"}],"author":[{"embeddable":true,"href":"https:\/\/quesossierracrestellina.es\/blog\/wp-json\/wp\/v2\/users\/1"}],"replies":[{"embeddable":true,"href":"https:\/\/quesossierracrestellina.es\/blog\/wp-json\/wp\/v2\/comments?post=425"}],"version-history":[{"count":4,"href":"https:\/\/quesossierracrestellina.es\/blog\/wp-json\/wp\/v2\/posts\/425\/revisions"}],"predecessor-version":[{"id":1166,"href":"https:\/\/quesossierracrestellina.es\/blog\/wp-json\/wp\/v2\/posts\/425\/revisions\/1166"}],"wp:featuredmedia":[{"embeddable":true,"href":"https:\/\/quesossierracrestellina.es\/blog\/wp-json\/wp\/v2\/media\/928"}],"wp:attachment":[{"href":"https:\/\/quesossierracrestellina.es\/blog\/wp-json\/wp\/v2\/media?parent=425"}],"wp:term":[{"taxonomy":"category","embeddable":true,"href":"https:\/\/quesossierracrestellina.es\/blog\/wp-json\/wp\/v2\/categories?post=425"},{"taxonomy":"post_tag","embeddable":true,"href":"https:\/\/quesossierracrestellina.es\/blog\/wp-json\/wp\/v2\/tags?post=425"}],"curies":[{"name":"wp","href":"https:\/\/api.w.org\/{rel}","templated":true}]}}