{"id":86,"date":"2014-10-01T18:27:43","date_gmt":"2014-10-01T18:27:43","guid":{"rendered":"https:\/\/avada.theme-fusion.com_demos\/travel\/?p=86"},"modified":"2020-06-21T07:53:04","modified_gmt":"2020-06-21T07:53:04","slug":"casares-tiro-honda-istan-2014","status":"publish","type":"post","link":"https:\/\/quesossierracrestellina.es\/blog\/2014\/10\/01\/casares-tiro-honda-istan-2014\/","title":{"rendered":"Casares gana en el concurso de tiro con honda de Ist\u00e1n 2014"},"content":{"rendered":"<div class=\"fusion-fullwidth fullwidth-box fusion-builder-row-1 nonhundred-percent-fullwidth non-hundred-percent-height-scrolling\" style=\"--awb-border-radius-top-left:0px;--awb-border-radius-top-right:0px;--awb-border-radius-bottom-right:0px;--awb-border-radius-bottom-left:0px;--awb-flex-wrap:wrap;\" ><div class=\"fusion-builder-row fusion-row\"><div class=\"fusion-layout-column fusion_builder_column fusion-builder-column-0 fusion_builder_column_1_1 1_1 fusion-one-full fusion-column-first fusion-column-last\" style=\"--awb-bg-size:cover;--awb-margin-bottom:0px;\"><div class=\"fusion-column-wrapper fusion-flex-column-wrapper-legacy\"><div class=\"fusion-text fusion-text-1\"><p><span class=\"fusion-dropcap dropcap dropcap-boxed\">C<\/span>asares ha participado en el concurso de tiro con honda en la feria de Ist\u00e1n, este a\u00f1o 2014, con muy buen resultado: primero y segundo premios en adultos, y primer premio en la categor\u00eda infantil. Enhorabuena a todos los participantes.<\/p>\n<p><strong>Ganadores Infantiles:<\/strong><br \/>\n1\u00ba Premio: Juan Daniel Carrasco (10 a\u00f1os) de Casares.<br \/>\n2\u00ba Premio: Marco Carrasco (13 a\u00f1os) de Ist\u00e1n.<br \/>\n3\u00ba Premio: Juan Carlos Ortega (13 a\u00f1os) de San Pedro de Alcantara.<\/p>\n<p><strong>Ganadores Adultos:<\/strong><br \/>\n1\u00ba Premio: Pepe Oca\u00f1a de Casares.<br \/>\n2\u00ba Premio: Juan Oca\u00f1a de Casares.<br \/>\n3\u00ba Premio: Francisco Lome\u00f1a de Ist\u00e1n.<\/p>\n<\/div><div class=\"fusion-sep-clear\"><\/div><div class=\"fusion-separator fusion-full-width-sep\" style=\"margin-left: auto;margin-right: auto;margin-top:45px;width:100%;\"><\/div><div class=\"fusion-sep-clear\"><\/div><div class=\"awb-gallery-wrapper awb-gallery-wrapper-1 button-span-no\" data-limit=\"10\" data-page=\"1\"><div style=\"margin:-5px;--awb-bordersize:0px;\" class=\"fusion-gallery fusion-gallery-container fusion-grid-2 fusion-columns-total-4 fusion-gallery-layout-grid fusion-gallery-1\"><div style=\"padding:5px;\" class=\"fusion-grid-column fusion-gallery-column fusion-gallery-column-2 hover-type-none\"><div class=\"fusion-gallery-image\"><a href=\"https:\/\/quesossierracrestellina.es\/blog\/wp-content\/uploads\/2015\/01\/2014istan-honda01-juanocania.jpg\" rel=\"noreferrer\" data-rel=\"iLightbox[gallery_image_1]\" class=\"fusion-lightbox\" target=\"_self\"><img decoding=\"async\" src=\"https:\/\/quesossierracrestellina.es\/blog\/wp-content\/uploads\/2015\/01\/2014istan-honda01-juanocania.jpg\" width=\"638\" height=\"425\" alt=\"Juan Oca\u00f1a (tiro con honda, Ist\u00e1n 2014)\" title=\"Juan Oca\u00f1a (tiro con honda, Ist\u00e1n 2014)\" aria-label=\"Juan Oca\u00f1a (tiro con honda, Ist\u00e1n 2014)\" class=\"img-responsive wp-image-990\" srcset=\"https:\/\/quesossierracrestellina.es\/blog\/wp-content\/uploads\/2015\/01\/2014istan-honda01-juanocania-200x133.jpg 200w, https:\/\/quesossierracrestellina.es\/blog\/wp-content\/uploads\/2015\/01\/2014istan-honda01-juanocania-400x266.jpg 400w, https:\/\/quesossierracrestellina.es\/blog\/wp-content\/uploads\/2015\/01\/2014istan-honda01-juanocania-600x400.jpg 600w, https:\/\/quesossierracrestellina.es\/blog\/wp-content\/uploads\/2015\/01\/2014istan-honda01-juanocania.jpg 638w\" sizes=\"(min-width: 2200px) 100vw, (min-width: 732px) 583px, (min-width: 640px) 732px, \" \/><\/a><\/div><\/div><div style=\"padding:5px;\" class=\"fusion-grid-column fusion-gallery-column fusion-gallery-column-2 hover-type-none\"><div class=\"fusion-gallery-image\"><a href=\"https:\/\/quesossierracrestellina.es\/blog\/wp-content\/uploads\/2015\/01\/2014istan-honda01-juanocania3b.jpg\" rel=\"noreferrer\" data-rel=\"iLightbox[gallery_image_1]\" class=\"fusion-lightbox\" target=\"_self\"><img decoding=\"async\" src=\"https:\/\/quesossierracrestellina.es\/blog\/wp-content\/uploads\/2015\/01\/2014istan-honda01-juanocania3b.jpg\" width=\"960\" height=\"640\" alt=\"Juan Oca\u00f1a (tiro con honda, Ist\u00e1n 2014)\" title=\"Juan Oca\u00f1a (tiro con honda, Ist\u00e1n 2014)\" aria-label=\"Juan Oca\u00f1a (tiro con honda, Ist\u00e1n 2014)\" class=\"img-responsive wp-image-987\" srcset=\"https:\/\/quesossierracrestellina.es\/blog\/wp-content\/uploads\/2015\/01\/2014istan-honda01-juanocania3b-200x133.jpg 200w, https:\/\/quesossierracrestellina.es\/blog\/wp-content\/uploads\/2015\/01\/2014istan-honda01-juanocania3b-400x267.jpg 400w, https:\/\/quesossierracrestellina.es\/blog\/wp-content\/uploads\/2015\/01\/2014istan-honda01-juanocania3b-600x400.jpg 600w, https:\/\/quesossierracrestellina.es\/blog\/wp-content\/uploads\/2015\/01\/2014istan-honda01-juanocania3b-800x533.jpg 800w, https:\/\/quesossierracrestellina.es\/blog\/wp-content\/uploads\/2015\/01\/2014istan-honda01-juanocania3b.jpg 960w\" sizes=\"(min-width: 2200px) 100vw, (min-width: 732px) 583px, (min-width: 640px) 732px, \" \/><\/a><\/div><\/div><div class=\"clearfix\"><\/div><div style=\"padding:5px;\" class=\"fusion-grid-column fusion-gallery-column fusion-gallery-column-2 hover-type-none\"><div class=\"fusion-gallery-image\"><a href=\"https:\/\/quesossierracrestellina.es\/blog\/wp-content\/uploads\/2015\/01\/2014istan-honda01-juandanielcarrascob.jpg\" rel=\"noreferrer\" data-rel=\"iLightbox[gallery_image_1]\" class=\"fusion-lightbox\" target=\"_self\"><img decoding=\"async\" src=\"https:\/\/quesossierracrestellina.es\/blog\/wp-content\/uploads\/2015\/01\/2014istan-honda01-juandanielcarrascob.jpg\" width=\"960\" height=\"640\" alt=\"Juan Daniel Carrasco (tiro con honda, Ist\u00e1n 2014)\" title=\"Juan Daniel Carrasco (tiro con honda, Ist\u00e1n 2014)\" aria-label=\"Juan Daniel Carrasco (tiro con honda, Ist\u00e1n 2014)\" class=\"img-responsive wp-image-989\" srcset=\"https:\/\/quesossierracrestellina.es\/blog\/wp-content\/uploads\/2015\/01\/2014istan-honda01-juandanielcarrascob-200x133.jpg 200w, https:\/\/quesossierracrestellina.es\/blog\/wp-content\/uploads\/2015\/01\/2014istan-honda01-juandanielcarrascob-400x267.jpg 400w, https:\/\/quesossierracrestellina.es\/blog\/wp-content\/uploads\/2015\/01\/2014istan-honda01-juandanielcarrascob-600x400.jpg 600w, https:\/\/quesossierracrestellina.es\/blog\/wp-content\/uploads\/2015\/01\/2014istan-honda01-juandanielcarrascob-800x533.jpg 800w, https:\/\/quesossierracrestellina.es\/blog\/wp-content\/uploads\/2015\/01\/2014istan-honda01-juandanielcarrascob.jpg 960w\" sizes=\"(min-width: 2200px) 100vw, (min-width: 732px) 583px, (min-width: 640px) 732px, \" \/><\/a><\/div><\/div><div style=\"padding:5px;\" class=\"fusion-grid-column fusion-gallery-column fusion-gallery-column-2 hover-type-none\"><div class=\"fusion-gallery-image\"><a href=\"https:\/\/quesossierracrestellina.es\/blog\/wp-content\/uploads\/2015\/01\/2014istan-honda01-juanocania5b.jpg\" rel=\"noreferrer\" data-rel=\"iLightbox[gallery_image_1]\" class=\"fusion-lightbox\" target=\"_self\"><img decoding=\"async\" src=\"https:\/\/quesossierracrestellina.es\/blog\/wp-content\/uploads\/2015\/01\/2014istan-honda01-juanocania5b.jpg\" width=\"960\" height=\"640\" alt=\"Juan Oca\u00f1a (tiro con honda, Ist\u00e1n 2014)\" title=\"Juan Oca\u00f1a (tiro con honda, Ist\u00e1n 2014)\" aria-label=\"Juan Oca\u00f1a (tiro con honda, Ist\u00e1n 2014)\" class=\"img-responsive wp-image-988\" srcset=\"https:\/\/quesossierracrestellina.es\/blog\/wp-content\/uploads\/2015\/01\/2014istan-honda01-juanocania5b-200x133.jpg 200w, https:\/\/quesossierracrestellina.es\/blog\/wp-content\/uploads\/2015\/01\/2014istan-honda01-juanocania5b-400x267.jpg 400w, https:\/\/quesossierracrestellina.es\/blog\/wp-content\/uploads\/2015\/01\/2014istan-honda01-juanocania5b-600x400.jpg 600w, https:\/\/quesossierracrestellina.es\/blog\/wp-content\/uploads\/2015\/01\/2014istan-honda01-juanocania5b-800x533.jpg 800w, https:\/\/quesossierracrestellina.es\/blog\/wp-content\/uploads\/2015\/01\/2014istan-honda01-juanocania5b.jpg 960w\" sizes=\"(min-width: 2200px) 100vw, (min-width: 732px) 583px, (min-width: 640px) 732px, \" \/><\/a><\/div><\/div><div class=\"clearfix\"><\/div><\/div><\/div><div class=\"fusion-clearfix\"><\/div><\/div><\/div><\/div><\/div>\n","protected":false},"excerpt":{"rendered":"","protected":false},"author":1,"featured_media":986,"comment_status":"open","ping_status":"open","sticky":false,"template":"","format":"standard","meta":{"footnotes":""},"categories":[39],"tags":[49],"class_list":["post-86","post","type-post","status-publish","format-standard","has-post-thumbnail","hentry","category-ferias","tag-tiro-con-honda"],"yoast_head":"<!-- This site is optimized with the Yoast SEO plugin v27.5 - https:\/\/yoast.com\/product\/yoast-seo-wordpress\/ -->\n<title>Casares gana en el concurso de tiro con honda de Ist\u00e1n 2014<\/title>\n<meta name=\"description\" content=\"Casares ha participado en el concurso de tiro con honda en la feria de Ist\u00e1n, este a\u00f1o 2014, con muy buen resultado: primero y segundo premios en adultos, y primer premio en la categor\u00eda infantil.\" \/>\n<meta name=\"robots\" content=\"index, follow, max-snippet:-1, max-image-preview:large, max-video-preview:-1\" \/>\n<link rel=\"canonical\" href=\"https:\/\/quesossierracrestellina.es\/blog\/2014\/10\/01\/casares-tiro-honda-istan-2014\/\" \/>\n<meta property=\"og:locale\" content=\"es_ES\" \/>\n<meta property=\"og:type\" content=\"article\" \/>\n<meta property=\"og:title\" content=\"Casares gana en el concurso de tiro con honda de Ist\u00e1n 2014\" \/>\n<meta property=\"og:description\" content=\"Casares ha participado en el concurso de tiro con honda en la feria de Ist\u00e1n, este a\u00f1o 2014, con muy buen resultado: primero y segundo premios en adultos, y primer premio en la categor\u00eda infantil.\" \/>\n<meta property=\"og:url\" content=\"https:\/\/quesossierracrestellina.es\/blog\/2014\/10\/01\/casares-tiro-honda-istan-2014\/\" \/>\n<meta property=\"og:site_name\" content=\"Crestellina\" \/>\n<meta property=\"article:publisher\" content=\"https:\/\/www.facebook.com\/quesoscrestellina.quesossierracrestellina\" \/>\n<meta property=\"article:published_time\" content=\"2014-10-01T18:27:43+00:00\" \/>\n<meta property=\"article:modified_time\" content=\"2020-06-21T07:53:04+00:00\" \/>\n<meta property=\"og:image\" content=\"https:\/\/quesossierracrestellina.es\/blog\/wp-content\/uploads\/2015\/01\/2014istan-honda02b.jpg\" \/>\n\t<meta property=\"og:image:width\" content=\"960\" \/>\n\t<meta property=\"og:image:height\" content=\"640\" \/>\n\t<meta property=\"og:image:type\" content=\"image\/jpeg\" \/>\n<meta name=\"author\" content=\"Quesos Sierra Crestellina\" \/>\n<meta name=\"twitter:card\" content=\"summary_large_image\" \/>\n<meta name=\"twitter:label1\" content=\"Escrito por\" \/>\n\t<meta name=\"twitter:data1\" content=\"Quesos Sierra Crestellina\" \/>\n\t<meta name=\"twitter:label2\" content=\"Tiempo de lectura\" \/>\n\t<meta name=\"twitter:data2\" content=\"2 minutos\" \/>\n<script type=\"application\/ld+json\" class=\"yoast-schema-graph\">{\"@context\":\"https:\\\/\\\/schema.org\",\"@graph\":[{\"@type\":\"Article\",\"@id\":\"https:\\\/\\\/quesossierracrestellina.es\\\/blog\\\/2014\\\/10\\\/01\\\/casares-tiro-honda-istan-2014\\\/#article\",\"isPartOf\":{\"@id\":\"https:\\\/\\\/quesossierracrestellina.es\\\/blog\\\/2014\\\/10\\\/01\\\/casares-tiro-honda-istan-2014\\\/\"},\"author\":{\"name\":\"Quesos Sierra Crestellina\",\"@id\":\"https:\\\/\\\/quesossierracrestellina.es\\\/blog\\\/#\\\/schema\\\/person\\\/1a1635cca8df433589af815239a1f94c\"},\"headline\":\"Casares gana en el concurso de tiro con honda de Ist\u00e1n 2014\",\"datePublished\":\"2014-10-01T18:27:43+00:00\",\"dateModified\":\"2020-06-21T07:53:04+00:00\",\"mainEntityOfPage\":{\"@id\":\"https:\\\/\\\/quesossierracrestellina.es\\\/blog\\\/2014\\\/10\\\/01\\\/casares-tiro-honda-istan-2014\\\/\"},\"wordCount\":459,\"commentCount\":0,\"publisher\":{\"@id\":\"https:\\\/\\\/quesossierracrestellina.es\\\/blog\\\/#organization\"},\"image\":{\"@id\":\"https:\\\/\\\/quesossierracrestellina.es\\\/blog\\\/2014\\\/10\\\/01\\\/casares-tiro-honda-istan-2014\\\/#primaryimage\"},\"thumbnailUrl\":\"https:\\\/\\\/quesossierracrestellina.es\\\/blog\\\/wp-content\\\/uploads\\\/2015\\\/01\\\/2014istan-honda02b.jpg\",\"keywords\":[\"Tiro con honda\"],\"articleSection\":[\"Ferias\"],\"inLanguage\":\"es\",\"potentialAction\":[{\"@type\":\"CommentAction\",\"name\":\"Comment\",\"target\":[\"https:\\\/\\\/quesossierracrestellina.es\\\/blog\\\/2014\\\/10\\\/01\\\/casares-tiro-honda-istan-2014\\\/#respond\"]}]},{\"@type\":\"WebPage\",\"@id\":\"https:\\\/\\\/quesossierracrestellina.es\\\/blog\\\/2014\\\/10\\\/01\\\/casares-tiro-honda-istan-2014\\\/\",\"url\":\"https:\\\/\\\/quesossierracrestellina.es\\\/blog\\\/2014\\\/10\\\/01\\\/casares-tiro-honda-istan-2014\\\/\",\"name\":\"Casares gana en el concurso de tiro con honda de Ist\u00e1n 2014\",\"isPartOf\":{\"@id\":\"https:\\\/\\\/quesossierracrestellina.es\\\/blog\\\/#website\"},\"primaryImageOfPage\":{\"@id\":\"https:\\\/\\\/quesossierracrestellina.es\\\/blog\\\/2014\\\/10\\\/01\\\/casares-tiro-honda-istan-2014\\\/#primaryimage\"},\"image\":{\"@id\":\"https:\\\/\\\/quesossierracrestellina.es\\\/blog\\\/2014\\\/10\\\/01\\\/casares-tiro-honda-istan-2014\\\/#primaryimage\"},\"thumbnailUrl\":\"https:\\\/\\\/quesossierracrestellina.es\\\/blog\\\/wp-content\\\/uploads\\\/2015\\\/01\\\/2014istan-honda02b.jpg\",\"datePublished\":\"2014-10-01T18:27:43+00:00\",\"dateModified\":\"2020-06-21T07:53:04+00:00\",\"description\":\"Casares ha participado en el concurso de tiro con honda en la feria de Ist\u00e1n, este a\u00f1o 2014, con muy buen resultado: primero y segundo premios en adultos, y primer premio en la categor\u00eda infantil.\",\"breadcrumb\":{\"@id\":\"https:\\\/\\\/quesossierracrestellina.es\\\/blog\\\/2014\\\/10\\\/01\\\/casares-tiro-honda-istan-2014\\\/#breadcrumb\"},\"inLanguage\":\"es\",\"potentialAction\":[{\"@type\":\"ReadAction\",\"target\":[\"https:\\\/\\\/quesossierracrestellina.es\\\/blog\\\/2014\\\/10\\\/01\\\/casares-tiro-honda-istan-2014\\\/\"]}]},{\"@type\":\"ImageObject\",\"inLanguage\":\"es\",\"@id\":\"https:\\\/\\\/quesossierracrestellina.es\\\/blog\\\/2014\\\/10\\\/01\\\/casares-tiro-honda-istan-2014\\\/#primaryimage\",\"url\":\"https:\\\/\\\/quesossierracrestellina.es\\\/blog\\\/wp-content\\\/uploads\\\/2015\\\/01\\\/2014istan-honda02b.jpg\",\"contentUrl\":\"https:\\\/\\\/quesossierracrestellina.es\\\/blog\\\/wp-content\\\/uploads\\\/2015\\\/01\\\/2014istan-honda02b.jpg\",\"width\":960,\"height\":640,\"caption\":\"Tiro con honda (Ist\u00e1n, 2014)\"},{\"@type\":\"BreadcrumbList\",\"@id\":\"https:\\\/\\\/quesossierracrestellina.es\\\/blog\\\/2014\\\/10\\\/01\\\/casares-tiro-honda-istan-2014\\\/#breadcrumb\",\"itemListElement\":[{\"@type\":\"ListItem\",\"position\":1,\"name\":\"Portada\",\"item\":\"https:\\\/\\\/quesossierracrestellina.es\\\/blog\\\/\"},{\"@type\":\"ListItem\",\"position\":2,\"name\":\"Casares gana en el concurso de tiro con honda de Ist\u00e1n 2014\"}]},{\"@type\":\"WebSite\",\"@id\":\"https:\\\/\\\/quesossierracrestellina.es\\\/blog\\\/#website\",\"url\":\"https:\\\/\\\/quesossierracrestellina.es\\\/blog\\\/\",\"name\":\"Quesos Sierra Crestellina\",\"description\":\"Sencillos por naturaleza\",\"publisher\":{\"@id\":\"https:\\\/\\\/quesossierracrestellina.es\\\/blog\\\/#organization\"},\"potentialAction\":[{\"@type\":\"SearchAction\",\"target\":{\"@type\":\"EntryPoint\",\"urlTemplate\":\"https:\\\/\\\/quesossierracrestellina.es\\\/blog\\\/?s={search_term_string}\"},\"query-input\":{\"@type\":\"PropertyValueSpecification\",\"valueRequired\":true,\"valueName\":\"search_term_string\"}}],\"inLanguage\":\"es\"},{\"@type\":\"Organization\",\"@id\":\"https:\\\/\\\/quesossierracrestellina.es\\\/blog\\\/#organization\",\"name\":\"Quesos Sierra Crestellina\",\"url\":\"https:\\\/\\\/quesossierracrestellina.es\\\/blog\\\/\",\"logo\":{\"@type\":\"ImageObject\",\"inLanguage\":\"es\",\"@id\":\"https:\\\/\\\/quesossierracrestellina.es\\\/blog\\\/#\\\/schema\\\/logo\\\/image\\\/\",\"url\":\"https:\\\/\\\/quesossierracrestellina.es\\\/blog\\\/wp-content\\\/uploads\\\/2020\\\/05\\\/logo-crestellina.jpg\",\"contentUrl\":\"https:\\\/\\\/quesossierracrestellina.es\\\/blog\\\/wp-content\\\/uploads\\\/2020\\\/05\\\/logo-crestellina.jpg\",\"width\":800,\"height\":800,\"caption\":\"Quesos Sierra Crestellina\"},\"image\":{\"@id\":\"https:\\\/\\\/quesossierracrestellina.es\\\/blog\\\/#\\\/schema\\\/logo\\\/image\\\/\"},\"sameAs\":[\"https:\\\/\\\/www.facebook.com\\\/quesoscrestellina.quesossierracrestellina\",\"https:\\\/\\\/www.instagram.com\\\/queseriasierracrestellina\\\/\"]},{\"@type\":\"Person\",\"@id\":\"https:\\\/\\\/quesossierracrestellina.es\\\/blog\\\/#\\\/schema\\\/person\\\/1a1635cca8df433589af815239a1f94c\",\"name\":\"Quesos Sierra Crestellina\",\"image\":{\"@type\":\"ImageObject\",\"inLanguage\":\"es\",\"@id\":\"https:\\\/\\\/secure.gravatar.com\\\/avatar\\\/77dc2c8c07c777a6507b998eff202e7127f6688a33a22df7fc6e6ce7f6b9aea9?s=96&d=mm&r=g\",\"url\":\"https:\\\/\\\/secure.gravatar.com\\\/avatar\\\/77dc2c8c07c777a6507b998eff202e7127f6688a33a22df7fc6e6ce7f6b9aea9?s=96&d=mm&r=g\",\"contentUrl\":\"https:\\\/\\\/secure.gravatar.com\\\/avatar\\\/77dc2c8c07c777a6507b998eff202e7127f6688a33a22df7fc6e6ce7f6b9aea9?s=96&d=mm&r=g\",\"caption\":\"Quesos Sierra Crestellina\"},\"sameAs\":[\"https:\\\/\\\/quesossierracrestellina.es\\\/blog\"]}]}<\/script>\n<!-- \/ Yoast SEO plugin. -->","yoast_head_json":{"title":"Casares gana en el concurso de tiro con honda de Ist\u00e1n 2014","description":"Casares ha participado en el concurso de tiro con honda en la feria de Ist\u00e1n, este a\u00f1o 2014, con muy buen resultado: primero y segundo premios en adultos, y primer premio en la categor\u00eda infantil.","robots":{"index":"index","follow":"follow","max-snippet":"max-snippet:-1","max-image-preview":"max-image-preview:large","max-video-preview":"max-video-preview:-1"},"canonical":"https:\/\/quesossierracrestellina.es\/blog\/2014\/10\/01\/casares-tiro-honda-istan-2014\/","og_locale":"es_ES","og_type":"article","og_title":"Casares gana en el concurso de tiro con honda de Ist\u00e1n 2014","og_description":"Casares ha participado en el concurso de tiro con honda en la feria de Ist\u00e1n, este a\u00f1o 2014, con muy buen resultado: primero y segundo premios en adultos, y primer premio en la categor\u00eda infantil.","og_url":"https:\/\/quesossierracrestellina.es\/blog\/2014\/10\/01\/casares-tiro-honda-istan-2014\/","og_site_name":"Crestellina","article_publisher":"https:\/\/www.facebook.com\/quesoscrestellina.quesossierracrestellina","article_published_time":"2014-10-01T18:27:43+00:00","article_modified_time":"2020-06-21T07:53:04+00:00","og_image":[{"width":960,"height":640,"url":"https:\/\/quesossierracrestellina.es\/blog\/wp-content\/uploads\/2015\/01\/2014istan-honda02b.jpg","type":"image\/jpeg"}],"author":"Quesos Sierra Crestellina","twitter_card":"summary_large_image","twitter_misc":{"Escrito por":"Quesos Sierra Crestellina","Tiempo de lectura":"2 minutos"},"schema":{"@context":"https:\/\/schema.org","@graph":[{"@type":"Article","@id":"https:\/\/quesossierracrestellina.es\/blog\/2014\/10\/01\/casares-tiro-honda-istan-2014\/#article","isPartOf":{"@id":"https:\/\/quesossierracrestellina.es\/blog\/2014\/10\/01\/casares-tiro-honda-istan-2014\/"},"author":{"name":"Quesos Sierra Crestellina","@id":"https:\/\/quesossierracrestellina.es\/blog\/#\/schema\/person\/1a1635cca8df433589af815239a1f94c"},"headline":"Casares gana en el concurso de tiro con honda de Ist\u00e1n 2014","datePublished":"2014-10-01T18:27:43+00:00","dateModified":"2020-06-21T07:53:04+00:00","mainEntityOfPage":{"@id":"https:\/\/quesossierracrestellina.es\/blog\/2014\/10\/01\/casares-tiro-honda-istan-2014\/"},"wordCount":459,"commentCount":0,"publisher":{"@id":"https:\/\/quesossierracrestellina.es\/blog\/#organization"},"image":{"@id":"https:\/\/quesossierracrestellina.es\/blog\/2014\/10\/01\/casares-tiro-honda-istan-2014\/#primaryimage"},"thumbnailUrl":"https:\/\/quesossierracrestellina.es\/blog\/wp-content\/uploads\/2015\/01\/2014istan-honda02b.jpg","keywords":["Tiro con honda"],"articleSection":["Ferias"],"inLanguage":"es","potentialAction":[{"@type":"CommentAction","name":"Comment","target":["https:\/\/quesossierracrestellina.es\/blog\/2014\/10\/01\/casares-tiro-honda-istan-2014\/#respond"]}]},{"@type":"WebPage","@id":"https:\/\/quesossierracrestellina.es\/blog\/2014\/10\/01\/casares-tiro-honda-istan-2014\/","url":"https:\/\/quesossierracrestellina.es\/blog\/2014\/10\/01\/casares-tiro-honda-istan-2014\/","name":"Casares gana en el concurso de tiro con honda de Ist\u00e1n 2014","isPartOf":{"@id":"https:\/\/quesossierracrestellina.es\/blog\/#website"},"primaryImageOfPage":{"@id":"https:\/\/quesossierracrestellina.es\/blog\/2014\/10\/01\/casares-tiro-honda-istan-2014\/#primaryimage"},"image":{"@id":"https:\/\/quesossierracrestellina.es\/blog\/2014\/10\/01\/casares-tiro-honda-istan-2014\/#primaryimage"},"thumbnailUrl":"https:\/\/quesossierracrestellina.es\/blog\/wp-content\/uploads\/2015\/01\/2014istan-honda02b.jpg","datePublished":"2014-10-01T18:27:43+00:00","dateModified":"2020-06-21T07:53:04+00:00","description":"Casares ha participado en el concurso de tiro con honda en la feria de Ist\u00e1n, este a\u00f1o 2014, con muy buen resultado: primero y segundo premios en adultos, y primer premio en la categor\u00eda infantil.","breadcrumb":{"@id":"https:\/\/quesossierracrestellina.es\/blog\/2014\/10\/01\/casares-tiro-honda-istan-2014\/#breadcrumb"},"inLanguage":"es","potentialAction":[{"@type":"ReadAction","target":["https:\/\/quesossierracrestellina.es\/blog\/2014\/10\/01\/casares-tiro-honda-istan-2014\/"]}]},{"@type":"ImageObject","inLanguage":"es","@id":"https:\/\/quesossierracrestellina.es\/blog\/2014\/10\/01\/casares-tiro-honda-istan-2014\/#primaryimage","url":"https:\/\/quesossierracrestellina.es\/blog\/wp-content\/uploads\/2015\/01\/2014istan-honda02b.jpg","contentUrl":"https:\/\/quesossierracrestellina.es\/blog\/wp-content\/uploads\/2015\/01\/2014istan-honda02b.jpg","width":960,"height":640,"caption":"Tiro con honda (Ist\u00e1n, 2014)"},{"@type":"BreadcrumbList","@id":"https:\/\/quesossierracrestellina.es\/blog\/2014\/10\/01\/casares-tiro-honda-istan-2014\/#breadcrumb","itemListElement":[{"@type":"ListItem","position":1,"name":"Portada","item":"https:\/\/quesossierracrestellina.es\/blog\/"},{"@type":"ListItem","position":2,"name":"Casares gana en el concurso de tiro con honda de Ist\u00e1n 2014"}]},{"@type":"WebSite","@id":"https:\/\/quesossierracrestellina.es\/blog\/#website","url":"https:\/\/quesossierracrestellina.es\/blog\/","name":"Quesos Sierra Crestellina","description":"Sencillos por naturaleza","publisher":{"@id":"https:\/\/quesossierracrestellina.es\/blog\/#organization"},"potentialAction":[{"@type":"SearchAction","target":{"@type":"EntryPoint","urlTemplate":"https:\/\/quesossierracrestellina.es\/blog\/?s={search_term_string}"},"query-input":{"@type":"PropertyValueSpecification","valueRequired":true,"valueName":"search_term_string"}}],"inLanguage":"es"},{"@type":"Organization","@id":"https:\/\/quesossierracrestellina.es\/blog\/#organization","name":"Quesos Sierra Crestellina","url":"https:\/\/quesossierracrestellina.es\/blog\/","logo":{"@type":"ImageObject","inLanguage":"es","@id":"https:\/\/quesossierracrestellina.es\/blog\/#\/schema\/logo\/image\/","url":"https:\/\/quesossierracrestellina.es\/blog\/wp-content\/uploads\/2020\/05\/logo-crestellina.jpg","contentUrl":"https:\/\/quesossierracrestellina.es\/blog\/wp-content\/uploads\/2020\/05\/logo-crestellina.jpg","width":800,"height":800,"caption":"Quesos Sierra Crestellina"},"image":{"@id":"https:\/\/quesossierracrestellina.es\/blog\/#\/schema\/logo\/image\/"},"sameAs":["https:\/\/www.facebook.com\/quesoscrestellina.quesossierracrestellina","https:\/\/www.instagram.com\/queseriasierracrestellina\/"]},{"@type":"Person","@id":"https:\/\/quesossierracrestellina.es\/blog\/#\/schema\/person\/1a1635cca8df433589af815239a1f94c","name":"Quesos Sierra Crestellina","image":{"@type":"ImageObject","inLanguage":"es","@id":"https:\/\/secure.gravatar.com\/avatar\/77dc2c8c07c777a6507b998eff202e7127f6688a33a22df7fc6e6ce7f6b9aea9?s=96&d=mm&r=g","url":"https:\/\/secure.gravatar.com\/avatar\/77dc2c8c07c777a6507b998eff202e7127f6688a33a22df7fc6e6ce7f6b9aea9?s=96&d=mm&r=g","contentUrl":"https:\/\/secure.gravatar.com\/avatar\/77dc2c8c07c777a6507b998eff202e7127f6688a33a22df7fc6e6ce7f6b9aea9?s=96&d=mm&r=g","caption":"Quesos Sierra Crestellina"},"sameAs":["https:\/\/quesossierracrestellina.es\/blog"]}]}},"_links":{"self":[{"href":"https:\/\/quesossierracrestellina.es\/blog\/wp-json\/wp\/v2\/posts\/86","targetHints":{"allow":["GET"]}}],"collection":[{"href":"https:\/\/quesossierracrestellina.es\/blog\/wp-json\/wp\/v2\/posts"}],"about":[{"href":"https:\/\/quesossierracrestellina.es\/blog\/wp-json\/wp\/v2\/types\/post"}],"author":[{"embeddable":true,"href":"https:\/\/quesossierracrestellina.es\/blog\/wp-json\/wp\/v2\/users\/1"}],"replies":[{"embeddable":true,"href":"https:\/\/quesossierracrestellina.es\/blog\/wp-json\/wp\/v2\/comments?post=86"}],"version-history":[{"count":5,"href":"https:\/\/quesossierracrestellina.es\/blog\/wp-json\/wp\/v2\/posts\/86\/revisions"}],"predecessor-version":[{"id":1170,"href":"https:\/\/quesossierracrestellina.es\/blog\/wp-json\/wp\/v2\/posts\/86\/revisions\/1170"}],"wp:featuredmedia":[{"embeddable":true,"href":"https:\/\/quesossierracrestellina.es\/blog\/wp-json\/wp\/v2\/media\/986"}],"wp:attachment":[{"href":"https:\/\/quesossierracrestellina.es\/blog\/wp-json\/wp\/v2\/media?parent=86"}],"wp:term":[{"taxonomy":"category","embeddable":true,"href":"https:\/\/quesossierracrestellina.es\/blog\/wp-json\/wp\/v2\/categories?post=86"},{"taxonomy":"post_tag","embeddable":true,"href":"https:\/\/quesossierracrestellina.es\/blog\/wp-json\/wp\/v2\/tags?post=86"}],"curies":[{"name":"wp","href":"https:\/\/api.w.org\/{rel}","templated":true}]}}