{"id":92,"date":"2019-01-27T18:30:45","date_gmt":"2019-01-27T18:30:45","guid":{"rendered":"https:\/\/avada.theme-fusion.com_demos\/travel\/?p=92"},"modified":"2020-06-17T08:04:23","modified_gmt":"2020-06-17T08:04:23","slug":"raza-caprina-payoya","status":"publish","type":"post","link":"https:\/\/quesossierracrestellina.es\/blog\/2019\/01\/27\/raza-caprina-payoya\/","title":{"rendered":"La raza caprina payoya"},"content":{"rendered":"<div class=\"fusion-fullwidth fullwidth-box fusion-builder-row-1 nonhundred-percent-fullwidth non-hundred-percent-height-scrolling\" style=\"--awb-border-radius-top-left:0px;--awb-border-radius-top-right:0px;--awb-border-radius-bottom-right:0px;--awb-border-radius-bottom-left:0px;--awb-flex-wrap:wrap;\" ><div class=\"fusion-builder-row fusion-row\"><div class=\"fusion-layout-column fusion_builder_column fusion-builder-column-0 fusion_builder_column_1_1 1_1 fusion-one-full fusion-column-first fusion-column-last\" style=\"--awb-bg-size:cover;--awb-margin-bottom:0px;\"><div class=\"fusion-column-wrapper fusion-flex-column-wrapper-legacy\"><div class=\"fusion-text fusion-text-1\"><p><span class=\"fusion-dropcap dropcap dropcap-boxed\">L<\/span>a raza caprina Payoya, serrana o montejaque\u00f1a, est\u00e1 considerada como el producto de un cruzamiento antiguo entre el tronco Pirenaico y la poblaci\u00f3n caprina aut\u00f3ctona de la zona. Tradicionalmente se ha explotado en la zona del actual Parque Natural de Sierra de Grazalema en C\u00e1diz y en la Serran\u00eda de Ronda de M\u00e1laga. Dichas zonas, de gran valor natural, se caracterizan por su altitud, que var\u00eda entre 700 y 1600 m. sobre el nivel del mar y por la elevada pluviosidad -la mayor de Espa\u00f1a-, con vegetaci\u00f3n a veces muy cerrada y tupida. En el <a href=\"https:\/\/www.mapa.gob.es\/es\/ganaderia\/temas\/zootecnia\/razas-ganaderas\/razas\/catalogo\/default.aspx\" target=\"_blank\" rel=\"noopener noreferrer\">cat\u00e1logo oficial de Razas de Ganado de Espa\u00f1a<\/a>, se la considera <em>Raza Aut\u00f3ctona en Peligro de Extinci\u00f3n<\/em>.<\/p>\n<\/div><div class=\"fusion-sep-clear\"><\/div><div class=\"fusion-separator fusion-full-width-sep\" style=\"margin-left: auto;margin-right: auto;margin-top:45px;width:100%;\"><\/div><div class=\"fusion-sep-clear\"><\/div><div class=\"fusion-image-element in-legacy-container\" style=\"--awb-caption-title-font-family:var(--h2_typography-font-family);--awb-caption-title-font-weight:var(--h2_typography-font-weight);--awb-caption-title-font-style:var(--h2_typography-font-style);--awb-caption-title-size:var(--h2_typography-font-size);--awb-caption-title-transform:var(--h2_typography-text-transform);--awb-caption-title-line-height:var(--h2_typography-line-height);--awb-caption-title-letter-spacing:var(--h2_typography-letter-spacing);\"><span class=\" fusion-imageframe imageframe-none imageframe-1 hover-type-none\"><a href=\"https:\/\/quesossierracrestellina.es\/blog\/wp-content\/uploads\/2020\/05\/foto01_50A0920.jpg\" class=\"fusion-lightbox\" data-rel=\"iLightbox[959e9452ae7d94d94f7]\" data-title=\"Juan Oca\u00f1a, cabras de raza payoya y Casares\" title=\"Juan Oca\u00f1a, cabras de raza payoya y Casares\"><img decoding=\"async\" width=\"1400\" height=\"933\" alt=\"Juan Oca\u00f1a, cabras de raza payoya y Casares\" src=\"https:\/\/quesossierracrestellina.es\/blog\/wp-content\/uploads\/2020\/05\/foto01_50A0920.jpg\" class=\"img-responsive wp-image-864\" srcset=\"https:\/\/quesossierracrestellina.es\/blog\/wp-content\/uploads\/2020\/05\/foto01_50A0920-200x133.jpg 200w, https:\/\/quesossierracrestellina.es\/blog\/wp-content\/uploads\/2020\/05\/foto01_50A0920-400x267.jpg 400w, https:\/\/quesossierracrestellina.es\/blog\/wp-content\/uploads\/2020\/05\/foto01_50A0920-600x400.jpg 600w, https:\/\/quesossierracrestellina.es\/blog\/wp-content\/uploads\/2020\/05\/foto01_50A0920-800x533.jpg 800w, https:\/\/quesossierracrestellina.es\/blog\/wp-content\/uploads\/2020\/05\/foto01_50A0920-1200x800.jpg 1200w, https:\/\/quesossierracrestellina.es\/blog\/wp-content\/uploads\/2020\/05\/foto01_50A0920.jpg 1400w\" sizes=\"(max-width: 800px) 100vw, 1200px\" \/><\/a><\/span><\/div><div class=\"fusion-sep-clear\"><\/div><div class=\"fusion-separator fusion-full-width-sep\" style=\"margin-left: auto;margin-right: auto;margin-top:45px;width:100%;\"><\/div><div class=\"fusion-sep-clear\"><\/div><div class=\"fusion-text fusion-text-2\"><h3>Una ganader\u00eda integrada en su medio natural<\/h3>\n<p>La raza caprina Payoya es, por su sistema de explotaci\u00f3n fundamentalmente extensivo, un tipo de ganader\u00eda que se desarrolla en armon\u00eda con el medio que ocupa, contribuyendo as\u00ed al mantenimiento tanto paisaj\u00edstico como poblacional de unas comarcas de un alto valor natural, pero de condiciones duras y marginales. La repercusi\u00f3n econ\u00f3mica de la cabra en la zona es muy importante, pues el sector primario en general, y sobre todo el subsector ganadero, aportan aqu\u00ed un alto porcentaje a la renta total. Aspectos destacados como la producci\u00f3n de alimentos de calidad y la nula agresi\u00f3n al entorno natural nos hacen ver que nos encontramos ante un tipo de ganader\u00eda que se adapta perfectamente a la idea de un desarrollo sostenible del medio rural. Se trata de una raza de producci\u00f3n fundamentalmente lechera, aunque su producci\u00f3n c\u00e1rnica no es desde\u00f1able, con una capacidad productiva alta en estas condiciones adversas, con un caudal gen\u00e9tico que le capacita para conseguir altas producciones manteniendo la rusticidad. Es un rasgo caracter\u00edstico de la raza la gran variedad de capas existentes, pudi\u00e9ndose encontrar capas compuestas uniformes (floridas, nevadas y c\u00e1rdenas), compuestas discontinuas (berrendas, oritas, sesnegras, collalbas y bayas) y capas simples (coloradas, negras, rubias y blancas).<\/p>\n<\/div><div class=\"fusion-sep-clear\"><\/div><div class=\"fusion-separator fusion-full-width-sep\" style=\"margin-left: auto;margin-right: auto;margin-top:45px;width:100%;\"><\/div><div class=\"fusion-sep-clear\"><\/div><div class=\"awb-gallery-wrapper awb-gallery-wrapper-1 button-span-no\" data-limit=\"10\" data-page=\"1\"><div style=\"margin:-5px;--awb-bordersize:0px;\" class=\"fusion-gallery fusion-gallery-container fusion-grid-2 fusion-columns-total-4 fusion-gallery-layout-grid fusion-gallery-1\"><div style=\"padding:5px;\" class=\"fusion-grid-column fusion-gallery-column fusion-gallery-column-2 hover-type-none\"><div class=\"fusion-gallery-image\"><a href=\"https:\/\/quesossierracrestellina.es\/blog\/wp-content\/uploads\/2020\/05\/foto02_MG_1435.jpg\" rel=\"noreferrer\" data-rel=\"iLightbox[gallery_image_1]\" class=\"fusion-lightbox\" target=\"_self\"><img decoding=\"async\" src=\"https:\/\/quesossierracrestellina.es\/blog\/wp-content\/uploads\/2020\/05\/foto02_MG_1435.jpg\" width=\"1400\" height=\"933\" alt=\"cabras de raza payoya\" title=\"cabras de raza payoya\" aria-label=\"cabras de raza payoya\" class=\"img-responsive wp-image-865\" srcset=\"https:\/\/quesossierracrestellina.es\/blog\/wp-content\/uploads\/2020\/05\/foto02_MG_1435-200x133.jpg 200w, https:\/\/quesossierracrestellina.es\/blog\/wp-content\/uploads\/2020\/05\/foto02_MG_1435-400x267.jpg 400w, https:\/\/quesossierracrestellina.es\/blog\/wp-content\/uploads\/2020\/05\/foto02_MG_1435-600x400.jpg 600w, https:\/\/quesossierracrestellina.es\/blog\/wp-content\/uploads\/2020\/05\/foto02_MG_1435-800x533.jpg 800w, https:\/\/quesossierracrestellina.es\/blog\/wp-content\/uploads\/2020\/05\/foto02_MG_1435-1200x800.jpg 1200w, https:\/\/quesossierracrestellina.es\/blog\/wp-content\/uploads\/2020\/05\/foto02_MG_1435.jpg 1400w\" sizes=\"(min-width: 2200px) 100vw, (min-width: 732px) 583px, (min-width: 640px) 732px, \" \/><\/a><\/div><\/div><div style=\"padding:5px;\" class=\"fusion-grid-column fusion-gallery-column fusion-gallery-column-2 hover-type-none\"><div class=\"fusion-gallery-image\"><a href=\"https:\/\/quesossierracrestellina.es\/blog\/wp-content\/uploads\/2020\/05\/foto05-fernando.jpg\" rel=\"noreferrer\" data-rel=\"iLightbox[gallery_image_1]\" class=\"fusion-lightbox\" target=\"_self\"><img decoding=\"async\" src=\"https:\/\/quesossierracrestellina.es\/blog\/wp-content\/uploads\/2020\/05\/foto05-fernando.jpg\" width=\"1400\" height=\"933\" alt=\"Cabra payoya y mast\u00edn pastoreando\" title=\"Cabra payoya y mast\u00edn pastoreando\" aria-label=\"Cabra payoya y mast\u00edn pastoreando\" class=\"img-responsive wp-image-868\" srcset=\"https:\/\/quesossierracrestellina.es\/blog\/wp-content\/uploads\/2020\/05\/foto05-fernando-200x133.jpg 200w, https:\/\/quesossierracrestellina.es\/blog\/wp-content\/uploads\/2020\/05\/foto05-fernando-400x267.jpg 400w, https:\/\/quesossierracrestellina.es\/blog\/wp-content\/uploads\/2020\/05\/foto05-fernando-600x400.jpg 600w, https:\/\/quesossierracrestellina.es\/blog\/wp-content\/uploads\/2020\/05\/foto05-fernando-800x533.jpg 800w, https:\/\/quesossierracrestellina.es\/blog\/wp-content\/uploads\/2020\/05\/foto05-fernando-1200x800.jpg 1200w, https:\/\/quesossierracrestellina.es\/blog\/wp-content\/uploads\/2020\/05\/foto05-fernando.jpg 1400w\" sizes=\"(min-width: 2200px) 100vw, (min-width: 732px) 583px, (min-width: 640px) 732px, \" \/><\/a><\/div><\/div><div class=\"clearfix\"><\/div><div style=\"padding:5px;\" class=\"fusion-grid-column fusion-gallery-column fusion-gallery-column-2 hover-type-none\"><div class=\"fusion-gallery-image\"><a href=\"https:\/\/quesossierracrestellina.es\/blog\/wp-content\/uploads\/2020\/05\/foto03-pastoreoSC.jpg\" rel=\"noreferrer\" data-rel=\"iLightbox[gallery_image_1]\" class=\"fusion-lightbox\" target=\"_self\"><img decoding=\"async\" src=\"https:\/\/quesossierracrestellina.es\/blog\/wp-content\/uploads\/2020\/05\/foto03-pastoreoSC.jpg\" width=\"1400\" height=\"933\" alt=\"Juan Oca\u00f1a, cabras de raza payoya y Sierra Crestellina\" title=\"Juan Oca\u00f1a, cabras de raza payoya y Sierra Crestellina\" aria-label=\"Juan Oca\u00f1a, cabras de raza payoya y Sierra Crestellina\" class=\"img-responsive wp-image-866\" srcset=\"https:\/\/quesossierracrestellina.es\/blog\/wp-content\/uploads\/2020\/05\/foto03-pastoreoSC-200x133.jpg 200w, https:\/\/quesossierracrestellina.es\/blog\/wp-content\/uploads\/2020\/05\/foto03-pastoreoSC-400x267.jpg 400w, https:\/\/quesossierracrestellina.es\/blog\/wp-content\/uploads\/2020\/05\/foto03-pastoreoSC-600x400.jpg 600w, https:\/\/quesossierracrestellina.es\/blog\/wp-content\/uploads\/2020\/05\/foto03-pastoreoSC-800x533.jpg 800w, https:\/\/quesossierracrestellina.es\/blog\/wp-content\/uploads\/2020\/05\/foto03-pastoreoSC-1200x800.jpg 1200w, https:\/\/quesossierracrestellina.es\/blog\/wp-content\/uploads\/2020\/05\/foto03-pastoreoSC.jpg 1400w\" sizes=\"(min-width: 2200px) 100vw, (min-width: 732px) 583px, (min-width: 640px) 732px, \" \/><\/a><\/div><\/div><div style=\"padding:5px;\" class=\"fusion-grid-column fusion-gallery-column fusion-gallery-column-2 hover-type-none\"><div class=\"fusion-gallery-image\"><a href=\"https:\/\/quesossierracrestellina.es\/blog\/wp-content\/uploads\/2020\/05\/foto06_MG_1453.jpg\" rel=\"noreferrer\" data-rel=\"iLightbox[gallery_image_1]\" class=\"fusion-lightbox\" target=\"_self\"><img decoding=\"async\" src=\"https:\/\/quesossierracrestellina.es\/blog\/wp-content\/uploads\/2020\/05\/foto06_MG_1453.jpg\" width=\"1400\" height=\"933\" alt=\"Cabra payoya\" title=\"Cabra payoya\" aria-label=\"Cabra payoya\" class=\"img-responsive wp-image-869\" srcset=\"https:\/\/quesossierracrestellina.es\/blog\/wp-content\/uploads\/2020\/05\/foto06_MG_1453-200x133.jpg 200w, https:\/\/quesossierracrestellina.es\/blog\/wp-content\/uploads\/2020\/05\/foto06_MG_1453-400x267.jpg 400w, https:\/\/quesossierracrestellina.es\/blog\/wp-content\/uploads\/2020\/05\/foto06_MG_1453-600x400.jpg 600w, https:\/\/quesossierracrestellina.es\/blog\/wp-content\/uploads\/2020\/05\/foto06_MG_1453-800x533.jpg 800w, https:\/\/quesossierracrestellina.es\/blog\/wp-content\/uploads\/2020\/05\/foto06_MG_1453-1200x800.jpg 1200w, https:\/\/quesossierracrestellina.es\/blog\/wp-content\/uploads\/2020\/05\/foto06_MG_1453.jpg 1400w\" sizes=\"(min-width: 2200px) 100vw, (min-width: 732px) 583px, (min-width: 640px) 732px, \" \/><\/a><\/div><\/div><div class=\"clearfix\"><\/div><\/div><\/div><div class=\"fusion-clearfix\"><\/div><\/div><\/div><\/div><\/div>\n","protected":false},"excerpt":{"rendered":"","protected":false},"author":1,"featured_media":867,"comment_status":"open","ping_status":"open","sticky":false,"template":"","format":"standard","meta":{"footnotes":""},"categories":[7],"tags":[53,47],"class_list":["post-92","post","type-post","status-publish","format-standard","has-post-thumbnail","hentry","category-general","tag-cabra-payoya","tag-ganaderia"],"yoast_head":"<!-- This site is optimized with the Yoast SEO plugin v27.5 - https:\/\/yoast.com\/product\/yoast-seo-wordpress\/ -->\n<title>La raza caprina payoya - Crestellina<\/title>\n<meta name=\"robots\" content=\"index, follow, max-snippet:-1, max-image-preview:large, max-video-preview:-1\" \/>\n<link rel=\"canonical\" href=\"https:\/\/quesossierracrestellina.es\/blog\/2019\/01\/27\/raza-caprina-payoya\/\" \/>\n<meta property=\"og:locale\" content=\"es_ES\" \/>\n<meta property=\"og:type\" content=\"article\" \/>\n<meta property=\"og:title\" content=\"La raza caprina payoya - Crestellina\" \/>\n<meta property=\"og:url\" content=\"https:\/\/quesossierracrestellina.es\/blog\/2019\/01\/27\/raza-caprina-payoya\/\" \/>\n<meta property=\"og:site_name\" content=\"Crestellina\" \/>\n<meta property=\"article:publisher\" content=\"https:\/\/www.facebook.com\/quesoscrestellina.quesossierracrestellina\" \/>\n<meta property=\"article:published_time\" content=\"2019-01-27T18:30:45+00:00\" \/>\n<meta property=\"article:modified_time\" content=\"2020-06-17T08:04:23+00:00\" \/>\n<meta property=\"og:image\" content=\"https:\/\/quesossierracrestellina.es\/blog\/wp-content\/uploads\/2020\/05\/foto04_MG_1450.jpg\" \/>\n\t<meta property=\"og:image:width\" content=\"1400\" \/>\n\t<meta property=\"og:image:height\" content=\"933\" \/>\n\t<meta property=\"og:image:type\" content=\"image\/jpeg\" \/>\n<meta name=\"author\" content=\"Quesos Sierra Crestellina\" \/>\n<meta name=\"twitter:card\" content=\"summary_large_image\" \/>\n<meta name=\"twitter:label1\" content=\"Escrito por\" \/>\n\t<meta name=\"twitter:data1\" content=\"Quesos Sierra Crestellina\" \/>\n\t<meta name=\"twitter:label2\" content=\"Tiempo de lectura\" \/>\n\t<meta name=\"twitter:data2\" content=\"5 minutos\" \/>\n<script type=\"application\/ld+json\" class=\"yoast-schema-graph\">{\"@context\":\"https:\\\/\\\/schema.org\",\"@graph\":[{\"@type\":\"Article\",\"@id\":\"https:\\\/\\\/quesossierracrestellina.es\\\/blog\\\/2019\\\/01\\\/27\\\/raza-caprina-payoya\\\/#article\",\"isPartOf\":{\"@id\":\"https:\\\/\\\/quesossierracrestellina.es\\\/blog\\\/2019\\\/01\\\/27\\\/raza-caprina-payoya\\\/\"},\"author\":{\"name\":\"Quesos Sierra Crestellina\",\"@id\":\"https:\\\/\\\/quesossierracrestellina.es\\\/blog\\\/#\\\/schema\\\/person\\\/1a1635cca8df433589af815239a1f94c\"},\"headline\":\"La raza caprina payoya\",\"datePublished\":\"2019-01-27T18:30:45+00:00\",\"dateModified\":\"2020-06-17T08:04:23+00:00\",\"mainEntityOfPage\":{\"@id\":\"https:\\\/\\\/quesossierracrestellina.es\\\/blog\\\/2019\\\/01\\\/27\\\/raza-caprina-payoya\\\/\"},\"wordCount\":910,\"commentCount\":2,\"publisher\":{\"@id\":\"https:\\\/\\\/quesossierracrestellina.es\\\/blog\\\/#organization\"},\"image\":{\"@id\":\"https:\\\/\\\/quesossierracrestellina.es\\\/blog\\\/2019\\\/01\\\/27\\\/raza-caprina-payoya\\\/#primaryimage\"},\"thumbnailUrl\":\"https:\\\/\\\/quesossierracrestellina.es\\\/blog\\\/wp-content\\\/uploads\\\/2020\\\/05\\\/foto04_MG_1450.jpg\",\"keywords\":[\"Cabra payoya\",\"Ganader\u00eda\"],\"articleSection\":[\"General\"],\"inLanguage\":\"es\",\"potentialAction\":[{\"@type\":\"CommentAction\",\"name\":\"Comment\",\"target\":[\"https:\\\/\\\/quesossierracrestellina.es\\\/blog\\\/2019\\\/01\\\/27\\\/raza-caprina-payoya\\\/#respond\"]}]},{\"@type\":\"WebPage\",\"@id\":\"https:\\\/\\\/quesossierracrestellina.es\\\/blog\\\/2019\\\/01\\\/27\\\/raza-caprina-payoya\\\/\",\"url\":\"https:\\\/\\\/quesossierracrestellina.es\\\/blog\\\/2019\\\/01\\\/27\\\/raza-caprina-payoya\\\/\",\"name\":\"La raza caprina payoya - Crestellina\",\"isPartOf\":{\"@id\":\"https:\\\/\\\/quesossierracrestellina.es\\\/blog\\\/#website\"},\"primaryImageOfPage\":{\"@id\":\"https:\\\/\\\/quesossierracrestellina.es\\\/blog\\\/2019\\\/01\\\/27\\\/raza-caprina-payoya\\\/#primaryimage\"},\"image\":{\"@id\":\"https:\\\/\\\/quesossierracrestellina.es\\\/blog\\\/2019\\\/01\\\/27\\\/raza-caprina-payoya\\\/#primaryimage\"},\"thumbnailUrl\":\"https:\\\/\\\/quesossierracrestellina.es\\\/blog\\\/wp-content\\\/uploads\\\/2020\\\/05\\\/foto04_MG_1450.jpg\",\"datePublished\":\"2019-01-27T18:30:45+00:00\",\"dateModified\":\"2020-06-17T08:04:23+00:00\",\"breadcrumb\":{\"@id\":\"https:\\\/\\\/quesossierracrestellina.es\\\/blog\\\/2019\\\/01\\\/27\\\/raza-caprina-payoya\\\/#breadcrumb\"},\"inLanguage\":\"es\",\"potentialAction\":[{\"@type\":\"ReadAction\",\"target\":[\"https:\\\/\\\/quesossierracrestellina.es\\\/blog\\\/2019\\\/01\\\/27\\\/raza-caprina-payoya\\\/\"]}]},{\"@type\":\"ImageObject\",\"inLanguage\":\"es\",\"@id\":\"https:\\\/\\\/quesossierracrestellina.es\\\/blog\\\/2019\\\/01\\\/27\\\/raza-caprina-payoya\\\/#primaryimage\",\"url\":\"https:\\\/\\\/quesossierracrestellina.es\\\/blog\\\/wp-content\\\/uploads\\\/2020\\\/05\\\/foto04_MG_1450.jpg\",\"contentUrl\":\"https:\\\/\\\/quesossierracrestellina.es\\\/blog\\\/wp-content\\\/uploads\\\/2020\\\/05\\\/foto04_MG_1450.jpg\",\"width\":1400,\"height\":933,\"caption\":\"Cabra payoya\"},{\"@type\":\"BreadcrumbList\",\"@id\":\"https:\\\/\\\/quesossierracrestellina.es\\\/blog\\\/2019\\\/01\\\/27\\\/raza-caprina-payoya\\\/#breadcrumb\",\"itemListElement\":[{\"@type\":\"ListItem\",\"position\":1,\"name\":\"Portada\",\"item\":\"https:\\\/\\\/quesossierracrestellina.es\\\/blog\\\/\"},{\"@type\":\"ListItem\",\"position\":2,\"name\":\"La raza caprina payoya\"}]},{\"@type\":\"WebSite\",\"@id\":\"https:\\\/\\\/quesossierracrestellina.es\\\/blog\\\/#website\",\"url\":\"https:\\\/\\\/quesossierracrestellina.es\\\/blog\\\/\",\"name\":\"Quesos Sierra Crestellina\",\"description\":\"Sencillos por naturaleza\",\"publisher\":{\"@id\":\"https:\\\/\\\/quesossierracrestellina.es\\\/blog\\\/#organization\"},\"potentialAction\":[{\"@type\":\"SearchAction\",\"target\":{\"@type\":\"EntryPoint\",\"urlTemplate\":\"https:\\\/\\\/quesossierracrestellina.es\\\/blog\\\/?s={search_term_string}\"},\"query-input\":{\"@type\":\"PropertyValueSpecification\",\"valueRequired\":true,\"valueName\":\"search_term_string\"}}],\"inLanguage\":\"es\"},{\"@type\":\"Organization\",\"@id\":\"https:\\\/\\\/quesossierracrestellina.es\\\/blog\\\/#organization\",\"name\":\"Quesos Sierra Crestellina\",\"url\":\"https:\\\/\\\/quesossierracrestellina.es\\\/blog\\\/\",\"logo\":{\"@type\":\"ImageObject\",\"inLanguage\":\"es\",\"@id\":\"https:\\\/\\\/quesossierracrestellina.es\\\/blog\\\/#\\\/schema\\\/logo\\\/image\\\/\",\"url\":\"https:\\\/\\\/quesossierracrestellina.es\\\/blog\\\/wp-content\\\/uploads\\\/2020\\\/05\\\/logo-crestellina.jpg\",\"contentUrl\":\"https:\\\/\\\/quesossierracrestellina.es\\\/blog\\\/wp-content\\\/uploads\\\/2020\\\/05\\\/logo-crestellina.jpg\",\"width\":800,\"height\":800,\"caption\":\"Quesos Sierra Crestellina\"},\"image\":{\"@id\":\"https:\\\/\\\/quesossierracrestellina.es\\\/blog\\\/#\\\/schema\\\/logo\\\/image\\\/\"},\"sameAs\":[\"https:\\\/\\\/www.facebook.com\\\/quesoscrestellina.quesossierracrestellina\",\"https:\\\/\\\/www.instagram.com\\\/queseriasierracrestellina\\\/\"]},{\"@type\":\"Person\",\"@id\":\"https:\\\/\\\/quesossierracrestellina.es\\\/blog\\\/#\\\/schema\\\/person\\\/1a1635cca8df433589af815239a1f94c\",\"name\":\"Quesos Sierra Crestellina\",\"image\":{\"@type\":\"ImageObject\",\"inLanguage\":\"es\",\"@id\":\"https:\\\/\\\/secure.gravatar.com\\\/avatar\\\/77dc2c8c07c777a6507b998eff202e7127f6688a33a22df7fc6e6ce7f6b9aea9?s=96&d=mm&r=g\",\"url\":\"https:\\\/\\\/secure.gravatar.com\\\/avatar\\\/77dc2c8c07c777a6507b998eff202e7127f6688a33a22df7fc6e6ce7f6b9aea9?s=96&d=mm&r=g\",\"contentUrl\":\"https:\\\/\\\/secure.gravatar.com\\\/avatar\\\/77dc2c8c07c777a6507b998eff202e7127f6688a33a22df7fc6e6ce7f6b9aea9?s=96&d=mm&r=g\",\"caption\":\"Quesos Sierra Crestellina\"},\"sameAs\":[\"https:\\\/\\\/quesossierracrestellina.es\\\/blog\"]}]}<\/script>\n<!-- \/ Yoast SEO plugin. -->","yoast_head_json":{"title":"La raza caprina payoya - Crestellina","robots":{"index":"index","follow":"follow","max-snippet":"max-snippet:-1","max-image-preview":"max-image-preview:large","max-video-preview":"max-video-preview:-1"},"canonical":"https:\/\/quesossierracrestellina.es\/blog\/2019\/01\/27\/raza-caprina-payoya\/","og_locale":"es_ES","og_type":"article","og_title":"La raza caprina payoya - Crestellina","og_url":"https:\/\/quesossierracrestellina.es\/blog\/2019\/01\/27\/raza-caprina-payoya\/","og_site_name":"Crestellina","article_publisher":"https:\/\/www.facebook.com\/quesoscrestellina.quesossierracrestellina","article_published_time":"2019-01-27T18:30:45+00:00","article_modified_time":"2020-06-17T08:04:23+00:00","og_image":[{"width":1400,"height":933,"url":"https:\/\/quesossierracrestellina.es\/blog\/wp-content\/uploads\/2020\/05\/foto04_MG_1450.jpg","type":"image\/jpeg"}],"author":"Quesos Sierra Crestellina","twitter_card":"summary_large_image","twitter_misc":{"Escrito por":"Quesos Sierra Crestellina","Tiempo de lectura":"5 minutos"},"schema":{"@context":"https:\/\/schema.org","@graph":[{"@type":"Article","@id":"https:\/\/quesossierracrestellina.es\/blog\/2019\/01\/27\/raza-caprina-payoya\/#article","isPartOf":{"@id":"https:\/\/quesossierracrestellina.es\/blog\/2019\/01\/27\/raza-caprina-payoya\/"},"author":{"name":"Quesos Sierra Crestellina","@id":"https:\/\/quesossierracrestellina.es\/blog\/#\/schema\/person\/1a1635cca8df433589af815239a1f94c"},"headline":"La raza caprina payoya","datePublished":"2019-01-27T18:30:45+00:00","dateModified":"2020-06-17T08:04:23+00:00","mainEntityOfPage":{"@id":"https:\/\/quesossierracrestellina.es\/blog\/2019\/01\/27\/raza-caprina-payoya\/"},"wordCount":910,"commentCount":2,"publisher":{"@id":"https:\/\/quesossierracrestellina.es\/blog\/#organization"},"image":{"@id":"https:\/\/quesossierracrestellina.es\/blog\/2019\/01\/27\/raza-caprina-payoya\/#primaryimage"},"thumbnailUrl":"https:\/\/quesossierracrestellina.es\/blog\/wp-content\/uploads\/2020\/05\/foto04_MG_1450.jpg","keywords":["Cabra payoya","Ganader\u00eda"],"articleSection":["General"],"inLanguage":"es","potentialAction":[{"@type":"CommentAction","name":"Comment","target":["https:\/\/quesossierracrestellina.es\/blog\/2019\/01\/27\/raza-caprina-payoya\/#respond"]}]},{"@type":"WebPage","@id":"https:\/\/quesossierracrestellina.es\/blog\/2019\/01\/27\/raza-caprina-payoya\/","url":"https:\/\/quesossierracrestellina.es\/blog\/2019\/01\/27\/raza-caprina-payoya\/","name":"La raza caprina payoya - Crestellina","isPartOf":{"@id":"https:\/\/quesossierracrestellina.es\/blog\/#website"},"primaryImageOfPage":{"@id":"https:\/\/quesossierracrestellina.es\/blog\/2019\/01\/27\/raza-caprina-payoya\/#primaryimage"},"image":{"@id":"https:\/\/quesossierracrestellina.es\/blog\/2019\/01\/27\/raza-caprina-payoya\/#primaryimage"},"thumbnailUrl":"https:\/\/quesossierracrestellina.es\/blog\/wp-content\/uploads\/2020\/05\/foto04_MG_1450.jpg","datePublished":"2019-01-27T18:30:45+00:00","dateModified":"2020-06-17T08:04:23+00:00","breadcrumb":{"@id":"https:\/\/quesossierracrestellina.es\/blog\/2019\/01\/27\/raza-caprina-payoya\/#breadcrumb"},"inLanguage":"es","potentialAction":[{"@type":"ReadAction","target":["https:\/\/quesossierracrestellina.es\/blog\/2019\/01\/27\/raza-caprina-payoya\/"]}]},{"@type":"ImageObject","inLanguage":"es","@id":"https:\/\/quesossierracrestellina.es\/blog\/2019\/01\/27\/raza-caprina-payoya\/#primaryimage","url":"https:\/\/quesossierracrestellina.es\/blog\/wp-content\/uploads\/2020\/05\/foto04_MG_1450.jpg","contentUrl":"https:\/\/quesossierracrestellina.es\/blog\/wp-content\/uploads\/2020\/05\/foto04_MG_1450.jpg","width":1400,"height":933,"caption":"Cabra payoya"},{"@type":"BreadcrumbList","@id":"https:\/\/quesossierracrestellina.es\/blog\/2019\/01\/27\/raza-caprina-payoya\/#breadcrumb","itemListElement":[{"@type":"ListItem","position":1,"name":"Portada","item":"https:\/\/quesossierracrestellina.es\/blog\/"},{"@type":"ListItem","position":2,"name":"La raza caprina payoya"}]},{"@type":"WebSite","@id":"https:\/\/quesossierracrestellina.es\/blog\/#website","url":"https:\/\/quesossierracrestellina.es\/blog\/","name":"Quesos Sierra Crestellina","description":"Sencillos por naturaleza","publisher":{"@id":"https:\/\/quesossierracrestellina.es\/blog\/#organization"},"potentialAction":[{"@type":"SearchAction","target":{"@type":"EntryPoint","urlTemplate":"https:\/\/quesossierracrestellina.es\/blog\/?s={search_term_string}"},"query-input":{"@type":"PropertyValueSpecification","valueRequired":true,"valueName":"search_term_string"}}],"inLanguage":"es"},{"@type":"Organization","@id":"https:\/\/quesossierracrestellina.es\/blog\/#organization","name":"Quesos Sierra Crestellina","url":"https:\/\/quesossierracrestellina.es\/blog\/","logo":{"@type":"ImageObject","inLanguage":"es","@id":"https:\/\/quesossierracrestellina.es\/blog\/#\/schema\/logo\/image\/","url":"https:\/\/quesossierracrestellina.es\/blog\/wp-content\/uploads\/2020\/05\/logo-crestellina.jpg","contentUrl":"https:\/\/quesossierracrestellina.es\/blog\/wp-content\/uploads\/2020\/05\/logo-crestellina.jpg","width":800,"height":800,"caption":"Quesos Sierra Crestellina"},"image":{"@id":"https:\/\/quesossierracrestellina.es\/blog\/#\/schema\/logo\/image\/"},"sameAs":["https:\/\/www.facebook.com\/quesoscrestellina.quesossierracrestellina","https:\/\/www.instagram.com\/queseriasierracrestellina\/"]},{"@type":"Person","@id":"https:\/\/quesossierracrestellina.es\/blog\/#\/schema\/person\/1a1635cca8df433589af815239a1f94c","name":"Quesos Sierra Crestellina","image":{"@type":"ImageObject","inLanguage":"es","@id":"https:\/\/secure.gravatar.com\/avatar\/77dc2c8c07c777a6507b998eff202e7127f6688a33a22df7fc6e6ce7f6b9aea9?s=96&d=mm&r=g","url":"https:\/\/secure.gravatar.com\/avatar\/77dc2c8c07c777a6507b998eff202e7127f6688a33a22df7fc6e6ce7f6b9aea9?s=96&d=mm&r=g","contentUrl":"https:\/\/secure.gravatar.com\/avatar\/77dc2c8c07c777a6507b998eff202e7127f6688a33a22df7fc6e6ce7f6b9aea9?s=96&d=mm&r=g","caption":"Quesos Sierra Crestellina"},"sameAs":["https:\/\/quesossierracrestellina.es\/blog"]}]}},"_links":{"self":[{"href":"https:\/\/quesossierracrestellina.es\/blog\/wp-json\/wp\/v2\/posts\/92","targetHints":{"allow":["GET"]}}],"collection":[{"href":"https:\/\/quesossierracrestellina.es\/blog\/wp-json\/wp\/v2\/posts"}],"about":[{"href":"https:\/\/quesossierracrestellina.es\/blog\/wp-json\/wp\/v2\/types\/post"}],"author":[{"embeddable":true,"href":"https:\/\/quesossierracrestellina.es\/blog\/wp-json\/wp\/v2\/users\/1"}],"replies":[{"embeddable":true,"href":"https:\/\/quesossierracrestellina.es\/blog\/wp-json\/wp\/v2\/comments?post=92"}],"version-history":[{"count":7,"href":"https:\/\/quesossierracrestellina.es\/blog\/wp-json\/wp\/v2\/posts\/92\/revisions"}],"predecessor-version":[{"id":1310,"href":"https:\/\/quesossierracrestellina.es\/blog\/wp-json\/wp\/v2\/posts\/92\/revisions\/1310"}],"wp:featuredmedia":[{"embeddable":true,"href":"https:\/\/quesossierracrestellina.es\/blog\/wp-json\/wp\/v2\/media\/867"}],"wp:attachment":[{"href":"https:\/\/quesossierracrestellina.es\/blog\/wp-json\/wp\/v2\/media?parent=92"}],"wp:term":[{"taxonomy":"category","embeddable":true,"href":"https:\/\/quesossierracrestellina.es\/blog\/wp-json\/wp\/v2\/categories?post=92"},{"taxonomy":"post_tag","embeddable":true,"href":"https:\/\/quesossierracrestellina.es\/blog\/wp-json\/wp\/v2\/tags?post=92"}],"curies":[{"name":"wp","href":"https:\/\/api.w.org\/{rel}","templated":true}]}}