{"id":999,"date":"2012-09-30T16:59:28","date_gmt":"2012-09-30T16:59:28","guid":{"rendered":"https:\/\/quesossierracrestellina.es\/blog\/?p=999"},"modified":"2020-06-21T07:54:45","modified_gmt":"2020-06-21T07:54:45","slug":"casares-gana-el-primer-premio-del-concurso-tiro-con-honda-istan-2012","status":"publish","type":"post","link":"https:\/\/quesossierracrestellina.es\/blog\/2012\/09\/30\/casares-gana-el-primer-premio-del-concurso-tiro-con-honda-istan-2012\/","title":{"rendered":"Casares gana el primer premio del concurso Tiro con Honda Ist\u00e1n 2012"},"content":{"rendered":"<div class=\"fusion-fullwidth fullwidth-box fusion-builder-row-1 nonhundred-percent-fullwidth non-hundred-percent-height-scrolling\" style=\"--awb-border-radius-top-left:0px;--awb-border-radius-top-right:0px;--awb-border-radius-bottom-right:0px;--awb-border-radius-bottom-left:0px;--awb-flex-wrap:wrap;\" ><div class=\"fusion-builder-row fusion-row\"><div class=\"fusion-layout-column fusion_builder_column fusion-builder-column-0 fusion_builder_column_1_1 1_1 fusion-one-full fusion-column-first fusion-column-last\" style=\"--awb-bg-size:cover;--awb-margin-bottom:0px;\"><div class=\"fusion-column-wrapper fusion-flex-column-wrapper-legacy\"><div class=\"fusion-text fusion-text-1\"><p><span class=\"fusion-dropcap dropcap dropcap-boxed\">C<\/span>asares ha participado en el concurso de tiro con honda en la feria de Ist\u00e1n, este a\u00f1o 2015, con muy buen resultado. Jos\u00e9 Oca\u00f1a y Juan Oca\u00f1a ganaron el primer y tercer premio, respectivamente, en la categor\u00eda de adultos. Enhorabuena a todos los participantes.<\/p>\n<\/div><div class=\"fusion-sep-clear\"><\/div><div class=\"fusion-separator fusion-full-width-sep\" style=\"margin-left: auto;margin-right: auto;margin-top:45px;width:100%;\"><\/div><div class=\"fusion-sep-clear\"><\/div><div class=\"awb-gallery-wrapper awb-gallery-wrapper-1 button-span-no\" data-limit=\"10\" data-page=\"1\"><div style=\"margin:-5px;--awb-bordersize:0px;\" class=\"fusion-gallery fusion-gallery-container fusion-grid-2 fusion-columns-total-4 fusion-gallery-layout-grid fusion-gallery-1\"><div style=\"padding:5px;\" class=\"fusion-grid-column fusion-gallery-column fusion-gallery-column-2 hover-type-none\"><div class=\"fusion-gallery-image\"><a href=\"https:\/\/quesossierracrestellina.es\/blog\/wp-content\/uploads\/2012\/09\/2012-ISTAN-tiroconhonda11b.jpg\" rel=\"noreferrer\" data-rel=\"iLightbox[gallery_image_1]\" class=\"fusion-lightbox\" target=\"_self\"><img decoding=\"async\" src=\"https:\/\/quesossierracrestellina.es\/blog\/wp-content\/uploads\/2012\/09\/2012-ISTAN-tiroconhonda11b.jpg\" width=\"1400\" height=\"935\" alt=\"Tiro con honda (Ist\u00e1n, 2012)\" title=\"Tiro con honda (Ist\u00e1n, 2012)\" aria-label=\"Tiro con honda (Ist\u00e1n, 2012)\" class=\"img-responsive wp-image-1053\" srcset=\"https:\/\/quesossierracrestellina.es\/blog\/wp-content\/uploads\/2012\/09\/2012-ISTAN-tiroconhonda11b-200x134.jpg 200w, https:\/\/quesossierracrestellina.es\/blog\/wp-content\/uploads\/2012\/09\/2012-ISTAN-tiroconhonda11b-400x267.jpg 400w, https:\/\/quesossierracrestellina.es\/blog\/wp-content\/uploads\/2012\/09\/2012-ISTAN-tiroconhonda11b-600x401.jpg 600w, https:\/\/quesossierracrestellina.es\/blog\/wp-content\/uploads\/2012\/09\/2012-ISTAN-tiroconhonda11b-800x534.jpg 800w, https:\/\/quesossierracrestellina.es\/blog\/wp-content\/uploads\/2012\/09\/2012-ISTAN-tiroconhonda11b-1200x801.jpg 1200w, https:\/\/quesossierracrestellina.es\/blog\/wp-content\/uploads\/2012\/09\/2012-ISTAN-tiroconhonda11b.jpg 1400w\" sizes=\"(min-width: 2200px) 100vw, (min-width: 732px) 583px, (min-width: 640px) 732px, \" \/><\/a><\/div><\/div><div style=\"padding:5px;\" class=\"fusion-grid-column fusion-gallery-column fusion-gallery-column-2 hover-type-none\"><div class=\"fusion-gallery-image\"><a href=\"https:\/\/quesossierracrestellina.es\/blog\/wp-content\/uploads\/2020\/05\/2012-ISTAN-tiroconhonda07-juanocaniab.jpg\" rel=\"noreferrer\" data-rel=\"iLightbox[gallery_image_1]\" class=\"fusion-lightbox\" target=\"_self\"><img decoding=\"async\" src=\"https:\/\/quesossierracrestellina.es\/blog\/wp-content\/uploads\/2020\/05\/2012-ISTAN-tiroconhonda07-juanocaniab.jpg\" width=\"2048\" height=\"1365\" alt=\"Tiro con honda (Ist\u00e1n, 2012)\" title=\"Tiro con honda (Ist\u00e1n, 2012)\" aria-label=\"Tiro con honda (Ist\u00e1n, 2012)\" class=\"img-responsive wp-image-1003\" srcset=\"https:\/\/quesossierracrestellina.es\/blog\/wp-content\/uploads\/2020\/05\/2012-ISTAN-tiroconhonda07-juanocaniab-200x133.jpg 200w, https:\/\/quesossierracrestellina.es\/blog\/wp-content\/uploads\/2020\/05\/2012-ISTAN-tiroconhonda07-juanocaniab-400x267.jpg 400w, https:\/\/quesossierracrestellina.es\/blog\/wp-content\/uploads\/2020\/05\/2012-ISTAN-tiroconhonda07-juanocaniab-600x400.jpg 600w, https:\/\/quesossierracrestellina.es\/blog\/wp-content\/uploads\/2020\/05\/2012-ISTAN-tiroconhonda07-juanocaniab-800x533.jpg 800w, https:\/\/quesossierracrestellina.es\/blog\/wp-content\/uploads\/2020\/05\/2012-ISTAN-tiroconhonda07-juanocaniab-1200x800.jpg 1200w, https:\/\/quesossierracrestellina.es\/blog\/wp-content\/uploads\/2020\/05\/2012-ISTAN-tiroconhonda07-juanocaniab.jpg 2048w\" sizes=\"(min-width: 2200px) 100vw, (min-width: 732px) 583px, (min-width: 640px) 732px, \" \/><\/a><\/div><\/div><div class=\"clearfix\"><\/div><div style=\"padding:5px;\" class=\"fusion-grid-column fusion-gallery-column fusion-gallery-column-2 hover-type-none\"><div class=\"fusion-gallery-image\"><a href=\"https:\/\/quesossierracrestellina.es\/blog\/wp-content\/uploads\/2020\/05\/2012-ISTAN-tiroconhonda09b.jpg\" rel=\"noreferrer\" data-rel=\"iLightbox[gallery_image_1]\" class=\"fusion-lightbox\" target=\"_self\"><img decoding=\"async\" src=\"https:\/\/quesossierracrestellina.es\/blog\/wp-content\/uploads\/2020\/05\/2012-ISTAN-tiroconhonda09b.jpg\" width=\"1400\" height=\"933\" alt=\"Tiro con honda (Ist\u00e1n, 2012)\" title=\"Tiro con honda (Ist\u00e1n, 2012)\" aria-label=\"Tiro con honda (Ist\u00e1n, 2012)\" class=\"img-responsive wp-image-1004\" srcset=\"https:\/\/quesossierracrestellina.es\/blog\/wp-content\/uploads\/2020\/05\/2012-ISTAN-tiroconhonda09b-200x133.jpg 200w, https:\/\/quesossierracrestellina.es\/blog\/wp-content\/uploads\/2020\/05\/2012-ISTAN-tiroconhonda09b-400x267.jpg 400w, https:\/\/quesossierracrestellina.es\/blog\/wp-content\/uploads\/2020\/05\/2012-ISTAN-tiroconhonda09b-600x400.jpg 600w, https:\/\/quesossierracrestellina.es\/blog\/wp-content\/uploads\/2020\/05\/2012-ISTAN-tiroconhonda09b-800x533.jpg 800w, https:\/\/quesossierracrestellina.es\/blog\/wp-content\/uploads\/2020\/05\/2012-ISTAN-tiroconhonda09b-1200x800.jpg 1200w, https:\/\/quesossierracrestellina.es\/blog\/wp-content\/uploads\/2020\/05\/2012-ISTAN-tiroconhonda09b.jpg 1400w\" sizes=\"(min-width: 2200px) 100vw, (min-width: 732px) 583px, (min-width: 640px) 732px, \" \/><\/a><\/div><\/div><div style=\"padding:5px;\" class=\"fusion-grid-column fusion-gallery-column fusion-gallery-column-2 hover-type-none\"><div class=\"fusion-gallery-image\"><a href=\"https:\/\/quesossierracrestellina.es\/blog\/wp-content\/uploads\/2020\/05\/2012-ISTAN-tiroconhonda01b.jpg\" rel=\"noreferrer\" data-rel=\"iLightbox[gallery_image_1]\" class=\"fusion-lightbox\" target=\"_self\"><img decoding=\"async\" src=\"https:\/\/quesossierracrestellina.es\/blog\/wp-content\/uploads\/2020\/05\/2012-ISTAN-tiroconhonda01b.jpg\" width=\"1400\" height=\"933\" alt=\"Tiro con honda (Ist\u00e1n, 2012)\" title=\"Tiro con honda (Ist\u00e1n, 2012)\" aria-label=\"Tiro con honda (Ist\u00e1n, 2012)\" class=\"img-responsive wp-image-1001\" srcset=\"https:\/\/quesossierracrestellina.es\/blog\/wp-content\/uploads\/2020\/05\/2012-ISTAN-tiroconhonda01b-200x133.jpg 200w, https:\/\/quesossierracrestellina.es\/blog\/wp-content\/uploads\/2020\/05\/2012-ISTAN-tiroconhonda01b-400x267.jpg 400w, https:\/\/quesossierracrestellina.es\/blog\/wp-content\/uploads\/2020\/05\/2012-ISTAN-tiroconhonda01b-600x400.jpg 600w, https:\/\/quesossierracrestellina.es\/blog\/wp-content\/uploads\/2020\/05\/2012-ISTAN-tiroconhonda01b-800x533.jpg 800w, https:\/\/quesossierracrestellina.es\/blog\/wp-content\/uploads\/2020\/05\/2012-ISTAN-tiroconhonda01b-1200x800.jpg 1200w, https:\/\/quesossierracrestellina.es\/blog\/wp-content\/uploads\/2020\/05\/2012-ISTAN-tiroconhonda01b.jpg 1400w\" sizes=\"(min-width: 2200px) 100vw, (min-width: 732px) 583px, (min-width: 640px) 732px, \" \/><\/a><\/div><\/div><div class=\"clearfix\"><\/div><\/div><\/div><div class=\"fusion-clearfix\"><\/div><\/div><\/div><\/div><\/div>\n","protected":false},"excerpt":{"rendered":"","protected":false},"author":1,"featured_media":1000,"comment_status":"closed","ping_status":"open","sticky":false,"template":"","format":"standard","meta":{"footnotes":""},"categories":[39],"tags":[49],"class_list":["post-999","post","type-post","status-publish","format-standard","has-post-thumbnail","hentry","category-ferias","tag-tiro-con-honda"],"yoast_head":"<!-- This site is optimized with the Yoast SEO plugin v27.5 - https:\/\/yoast.com\/product\/yoast-seo-wordpress\/ -->\n<title>Casares gana el primer premio del concurso Tiro con Honda Ist\u00e1n 2012<\/title>\n<meta name=\"description\" content=\"Casares ha participado en el concurso de tiro con honda en la feria de Ist\u00e1n, este a\u00f1o 2015, con muy buen resultado. Jos\u00e9 Oca\u00f1a y Juan Oca\u00f1a ganaron el primer y tercer premio en la categor\u00eda de adultos.\" \/>\n<meta name=\"robots\" content=\"index, follow, max-snippet:-1, max-image-preview:large, max-video-preview:-1\" \/>\n<link rel=\"canonical\" href=\"https:\/\/quesossierracrestellina.es\/blog\/2012\/09\/30\/casares-gana-el-primer-premio-del-concurso-tiro-con-honda-istan-2012\/\" \/>\n<meta property=\"og:locale\" content=\"es_ES\" \/>\n<meta property=\"og:type\" content=\"article\" \/>\n<meta property=\"og:title\" content=\"Casares gana el primer premio del concurso Tiro con Honda Ist\u00e1n 2012\" \/>\n<meta property=\"og:description\" content=\"Casares ha participado en el concurso de tiro con honda en la feria de Ist\u00e1n, este a\u00f1o 2015, con muy buen resultado. Jos\u00e9 Oca\u00f1a y Juan Oca\u00f1a ganaron el primer y tercer premio en la categor\u00eda de adultos.\" \/>\n<meta property=\"og:url\" content=\"https:\/\/quesossierracrestellina.es\/blog\/2012\/09\/30\/casares-gana-el-primer-premio-del-concurso-tiro-con-honda-istan-2012\/\" \/>\n<meta property=\"og:site_name\" content=\"Crestellina\" \/>\n<meta property=\"article:publisher\" content=\"https:\/\/www.facebook.com\/quesoscrestellina.quesossierracrestellina\" \/>\n<meta property=\"article:published_time\" content=\"2012-09-30T16:59:28+00:00\" \/>\n<meta property=\"article:modified_time\" content=\"2020-06-21T07:54:45+00:00\" \/>\n<meta property=\"og:image\" content=\"https:\/\/quesossierracrestellina.es\/blog\/wp-content\/uploads\/2020\/05\/2012-ISTAN-tiroconhonda10b.jpg\" \/>\n\t<meta property=\"og:image:width\" content=\"1400\" \/>\n\t<meta property=\"og:image:height\" content=\"933\" \/>\n\t<meta property=\"og:image:type\" content=\"image\/jpeg\" \/>\n<meta name=\"author\" content=\"Quesos Sierra Crestellina\" \/>\n<meta name=\"twitter:card\" content=\"summary_large_image\" \/>\n<meta name=\"twitter:label1\" content=\"Escrito por\" \/>\n\t<meta name=\"twitter:data1\" content=\"Quesos Sierra Crestellina\" \/>\n\t<meta name=\"twitter:label2\" content=\"Tiempo de lectura\" \/>\n\t<meta name=\"twitter:data2\" content=\"2 minutos\" \/>\n<script type=\"application\/ld+json\" class=\"yoast-schema-graph\">{\"@context\":\"https:\\\/\\\/schema.org\",\"@graph\":[{\"@type\":\"Article\",\"@id\":\"https:\\\/\\\/quesossierracrestellina.es\\\/blog\\\/2012\\\/09\\\/30\\\/casares-gana-el-primer-premio-del-concurso-tiro-con-honda-istan-2012\\\/#article\",\"isPartOf\":{\"@id\":\"https:\\\/\\\/quesossierracrestellina.es\\\/blog\\\/2012\\\/09\\\/30\\\/casares-gana-el-primer-premio-del-concurso-tiro-con-honda-istan-2012\\\/\"},\"author\":{\"name\":\"Quesos Sierra Crestellina\",\"@id\":\"https:\\\/\\\/quesossierracrestellina.es\\\/blog\\\/#\\\/schema\\\/person\\\/1a1635cca8df433589af815239a1f94c\"},\"headline\":\"Casares gana el primer premio del concurso Tiro con Honda Ist\u00e1n 2012\",\"datePublished\":\"2012-09-30T16:59:28+00:00\",\"dateModified\":\"2020-06-21T07:54:45+00:00\",\"mainEntityOfPage\":{\"@id\":\"https:\\\/\\\/quesossierracrestellina.es\\\/blog\\\/2012\\\/09\\\/30\\\/casares-gana-el-primer-premio-del-concurso-tiro-con-honda-istan-2012\\\/\"},\"wordCount\":413,\"publisher\":{\"@id\":\"https:\\\/\\\/quesossierracrestellina.es\\\/blog\\\/#organization\"},\"image\":{\"@id\":\"https:\\\/\\\/quesossierracrestellina.es\\\/blog\\\/2012\\\/09\\\/30\\\/casares-gana-el-primer-premio-del-concurso-tiro-con-honda-istan-2012\\\/#primaryimage\"},\"thumbnailUrl\":\"https:\\\/\\\/quesossierracrestellina.es\\\/blog\\\/wp-content\\\/uploads\\\/2020\\\/05\\\/2012-ISTAN-tiroconhonda10b.jpg\",\"keywords\":[\"Tiro con honda\"],\"articleSection\":[\"Ferias\"],\"inLanguage\":\"es\"},{\"@type\":\"WebPage\",\"@id\":\"https:\\\/\\\/quesossierracrestellina.es\\\/blog\\\/2012\\\/09\\\/30\\\/casares-gana-el-primer-premio-del-concurso-tiro-con-honda-istan-2012\\\/\",\"url\":\"https:\\\/\\\/quesossierracrestellina.es\\\/blog\\\/2012\\\/09\\\/30\\\/casares-gana-el-primer-premio-del-concurso-tiro-con-honda-istan-2012\\\/\",\"name\":\"Casares gana el primer premio del concurso Tiro con Honda Ist\u00e1n 2012\",\"isPartOf\":{\"@id\":\"https:\\\/\\\/quesossierracrestellina.es\\\/blog\\\/#website\"},\"primaryImageOfPage\":{\"@id\":\"https:\\\/\\\/quesossierracrestellina.es\\\/blog\\\/2012\\\/09\\\/30\\\/casares-gana-el-primer-premio-del-concurso-tiro-con-honda-istan-2012\\\/#primaryimage\"},\"image\":{\"@id\":\"https:\\\/\\\/quesossierracrestellina.es\\\/blog\\\/2012\\\/09\\\/30\\\/casares-gana-el-primer-premio-del-concurso-tiro-con-honda-istan-2012\\\/#primaryimage\"},\"thumbnailUrl\":\"https:\\\/\\\/quesossierracrestellina.es\\\/blog\\\/wp-content\\\/uploads\\\/2020\\\/05\\\/2012-ISTAN-tiroconhonda10b.jpg\",\"datePublished\":\"2012-09-30T16:59:28+00:00\",\"dateModified\":\"2020-06-21T07:54:45+00:00\",\"description\":\"Casares ha participado en el concurso de tiro con honda en la feria de Ist\u00e1n, este a\u00f1o 2015, con muy buen resultado. Jos\u00e9 Oca\u00f1a y Juan Oca\u00f1a ganaron el primer y tercer premio en la categor\u00eda de adultos.\",\"breadcrumb\":{\"@id\":\"https:\\\/\\\/quesossierracrestellina.es\\\/blog\\\/2012\\\/09\\\/30\\\/casares-gana-el-primer-premio-del-concurso-tiro-con-honda-istan-2012\\\/#breadcrumb\"},\"inLanguage\":\"es\",\"potentialAction\":[{\"@type\":\"ReadAction\",\"target\":[\"https:\\\/\\\/quesossierracrestellina.es\\\/blog\\\/2012\\\/09\\\/30\\\/casares-gana-el-primer-premio-del-concurso-tiro-con-honda-istan-2012\\\/\"]}]},{\"@type\":\"ImageObject\",\"inLanguage\":\"es\",\"@id\":\"https:\\\/\\\/quesossierracrestellina.es\\\/blog\\\/2012\\\/09\\\/30\\\/casares-gana-el-primer-premio-del-concurso-tiro-con-honda-istan-2012\\\/#primaryimage\",\"url\":\"https:\\\/\\\/quesossierracrestellina.es\\\/blog\\\/wp-content\\\/uploads\\\/2020\\\/05\\\/2012-ISTAN-tiroconhonda10b.jpg\",\"contentUrl\":\"https:\\\/\\\/quesossierracrestellina.es\\\/blog\\\/wp-content\\\/uploads\\\/2020\\\/05\\\/2012-ISTAN-tiroconhonda10b.jpg\",\"width\":1400,\"height\":933,\"caption\":\"Tiro con honda (Ist\u00e1n, 2012)\"},{\"@type\":\"BreadcrumbList\",\"@id\":\"https:\\\/\\\/quesossierracrestellina.es\\\/blog\\\/2012\\\/09\\\/30\\\/casares-gana-el-primer-premio-del-concurso-tiro-con-honda-istan-2012\\\/#breadcrumb\",\"itemListElement\":[{\"@type\":\"ListItem\",\"position\":1,\"name\":\"Portada\",\"item\":\"https:\\\/\\\/quesossierracrestellina.es\\\/blog\\\/\"},{\"@type\":\"ListItem\",\"position\":2,\"name\":\"Casares gana el primer premio del concurso Tiro con Honda Ist\u00e1n 2012\"}]},{\"@type\":\"WebSite\",\"@id\":\"https:\\\/\\\/quesossierracrestellina.es\\\/blog\\\/#website\",\"url\":\"https:\\\/\\\/quesossierracrestellina.es\\\/blog\\\/\",\"name\":\"Quesos Sierra Crestellina\",\"description\":\"Sencillos por naturaleza\",\"publisher\":{\"@id\":\"https:\\\/\\\/quesossierracrestellina.es\\\/blog\\\/#organization\"},\"potentialAction\":[{\"@type\":\"SearchAction\",\"target\":{\"@type\":\"EntryPoint\",\"urlTemplate\":\"https:\\\/\\\/quesossierracrestellina.es\\\/blog\\\/?s={search_term_string}\"},\"query-input\":{\"@type\":\"PropertyValueSpecification\",\"valueRequired\":true,\"valueName\":\"search_term_string\"}}],\"inLanguage\":\"es\"},{\"@type\":\"Organization\",\"@id\":\"https:\\\/\\\/quesossierracrestellina.es\\\/blog\\\/#organization\",\"name\":\"Quesos Sierra Crestellina\",\"url\":\"https:\\\/\\\/quesossierracrestellina.es\\\/blog\\\/\",\"logo\":{\"@type\":\"ImageObject\",\"inLanguage\":\"es\",\"@id\":\"https:\\\/\\\/quesossierracrestellina.es\\\/blog\\\/#\\\/schema\\\/logo\\\/image\\\/\",\"url\":\"https:\\\/\\\/quesossierracrestellina.es\\\/blog\\\/wp-content\\\/uploads\\\/2020\\\/05\\\/logo-crestellina.jpg\",\"contentUrl\":\"https:\\\/\\\/quesossierracrestellina.es\\\/blog\\\/wp-content\\\/uploads\\\/2020\\\/05\\\/logo-crestellina.jpg\",\"width\":800,\"height\":800,\"caption\":\"Quesos Sierra Crestellina\"},\"image\":{\"@id\":\"https:\\\/\\\/quesossierracrestellina.es\\\/blog\\\/#\\\/schema\\\/logo\\\/image\\\/\"},\"sameAs\":[\"https:\\\/\\\/www.facebook.com\\\/quesoscrestellina.quesossierracrestellina\",\"https:\\\/\\\/www.instagram.com\\\/queseriasierracrestellina\\\/\"]},{\"@type\":\"Person\",\"@id\":\"https:\\\/\\\/quesossierracrestellina.es\\\/blog\\\/#\\\/schema\\\/person\\\/1a1635cca8df433589af815239a1f94c\",\"name\":\"Quesos Sierra Crestellina\",\"image\":{\"@type\":\"ImageObject\",\"inLanguage\":\"es\",\"@id\":\"https:\\\/\\\/secure.gravatar.com\\\/avatar\\\/77dc2c8c07c777a6507b998eff202e7127f6688a33a22df7fc6e6ce7f6b9aea9?s=96&d=mm&r=g\",\"url\":\"https:\\\/\\\/secure.gravatar.com\\\/avatar\\\/77dc2c8c07c777a6507b998eff202e7127f6688a33a22df7fc6e6ce7f6b9aea9?s=96&d=mm&r=g\",\"contentUrl\":\"https:\\\/\\\/secure.gravatar.com\\\/avatar\\\/77dc2c8c07c777a6507b998eff202e7127f6688a33a22df7fc6e6ce7f6b9aea9?s=96&d=mm&r=g\",\"caption\":\"Quesos Sierra Crestellina\"},\"sameAs\":[\"https:\\\/\\\/quesossierracrestellina.es\\\/blog\"]}]}<\/script>\n<!-- \/ Yoast SEO plugin. -->","yoast_head_json":{"title":"Casares gana el primer premio del concurso Tiro con Honda Ist\u00e1n 2012","description":"Casares ha participado en el concurso de tiro con honda en la feria de Ist\u00e1n, este a\u00f1o 2015, con muy buen resultado. Jos\u00e9 Oca\u00f1a y Juan Oca\u00f1a ganaron el primer y tercer premio en la categor\u00eda de adultos.","robots":{"index":"index","follow":"follow","max-snippet":"max-snippet:-1","max-image-preview":"max-image-preview:large","max-video-preview":"max-video-preview:-1"},"canonical":"https:\/\/quesossierracrestellina.es\/blog\/2012\/09\/30\/casares-gana-el-primer-premio-del-concurso-tiro-con-honda-istan-2012\/","og_locale":"es_ES","og_type":"article","og_title":"Casares gana el primer premio del concurso Tiro con Honda Ist\u00e1n 2012","og_description":"Casares ha participado en el concurso de tiro con honda en la feria de Ist\u00e1n, este a\u00f1o 2015, con muy buen resultado. Jos\u00e9 Oca\u00f1a y Juan Oca\u00f1a ganaron el primer y tercer premio en la categor\u00eda de adultos.","og_url":"https:\/\/quesossierracrestellina.es\/blog\/2012\/09\/30\/casares-gana-el-primer-premio-del-concurso-tiro-con-honda-istan-2012\/","og_site_name":"Crestellina","article_publisher":"https:\/\/www.facebook.com\/quesoscrestellina.quesossierracrestellina","article_published_time":"2012-09-30T16:59:28+00:00","article_modified_time":"2020-06-21T07:54:45+00:00","og_image":[{"width":1400,"height":933,"url":"https:\/\/quesossierracrestellina.es\/blog\/wp-content\/uploads\/2020\/05\/2012-ISTAN-tiroconhonda10b.jpg","type":"image\/jpeg"}],"author":"Quesos Sierra Crestellina","twitter_card":"summary_large_image","twitter_misc":{"Escrito por":"Quesos Sierra Crestellina","Tiempo de lectura":"2 minutos"},"schema":{"@context":"https:\/\/schema.org","@graph":[{"@type":"Article","@id":"https:\/\/quesossierracrestellina.es\/blog\/2012\/09\/30\/casares-gana-el-primer-premio-del-concurso-tiro-con-honda-istan-2012\/#article","isPartOf":{"@id":"https:\/\/quesossierracrestellina.es\/blog\/2012\/09\/30\/casares-gana-el-primer-premio-del-concurso-tiro-con-honda-istan-2012\/"},"author":{"name":"Quesos Sierra Crestellina","@id":"https:\/\/quesossierracrestellina.es\/blog\/#\/schema\/person\/1a1635cca8df433589af815239a1f94c"},"headline":"Casares gana el primer premio del concurso Tiro con Honda Ist\u00e1n 2012","datePublished":"2012-09-30T16:59:28+00:00","dateModified":"2020-06-21T07:54:45+00:00","mainEntityOfPage":{"@id":"https:\/\/quesossierracrestellina.es\/blog\/2012\/09\/30\/casares-gana-el-primer-premio-del-concurso-tiro-con-honda-istan-2012\/"},"wordCount":413,"publisher":{"@id":"https:\/\/quesossierracrestellina.es\/blog\/#organization"},"image":{"@id":"https:\/\/quesossierracrestellina.es\/blog\/2012\/09\/30\/casares-gana-el-primer-premio-del-concurso-tiro-con-honda-istan-2012\/#primaryimage"},"thumbnailUrl":"https:\/\/quesossierracrestellina.es\/blog\/wp-content\/uploads\/2020\/05\/2012-ISTAN-tiroconhonda10b.jpg","keywords":["Tiro con honda"],"articleSection":["Ferias"],"inLanguage":"es"},{"@type":"WebPage","@id":"https:\/\/quesossierracrestellina.es\/blog\/2012\/09\/30\/casares-gana-el-primer-premio-del-concurso-tiro-con-honda-istan-2012\/","url":"https:\/\/quesossierracrestellina.es\/blog\/2012\/09\/30\/casares-gana-el-primer-premio-del-concurso-tiro-con-honda-istan-2012\/","name":"Casares gana el primer premio del concurso Tiro con Honda Ist\u00e1n 2012","isPartOf":{"@id":"https:\/\/quesossierracrestellina.es\/blog\/#website"},"primaryImageOfPage":{"@id":"https:\/\/quesossierracrestellina.es\/blog\/2012\/09\/30\/casares-gana-el-primer-premio-del-concurso-tiro-con-honda-istan-2012\/#primaryimage"},"image":{"@id":"https:\/\/quesossierracrestellina.es\/blog\/2012\/09\/30\/casares-gana-el-primer-premio-del-concurso-tiro-con-honda-istan-2012\/#primaryimage"},"thumbnailUrl":"https:\/\/quesossierracrestellina.es\/blog\/wp-content\/uploads\/2020\/05\/2012-ISTAN-tiroconhonda10b.jpg","datePublished":"2012-09-30T16:59:28+00:00","dateModified":"2020-06-21T07:54:45+00:00","description":"Casares ha participado en el concurso de tiro con honda en la feria de Ist\u00e1n, este a\u00f1o 2015, con muy buen resultado. Jos\u00e9 Oca\u00f1a y Juan Oca\u00f1a ganaron el primer y tercer premio en la categor\u00eda de adultos.","breadcrumb":{"@id":"https:\/\/quesossierracrestellina.es\/blog\/2012\/09\/30\/casares-gana-el-primer-premio-del-concurso-tiro-con-honda-istan-2012\/#breadcrumb"},"inLanguage":"es","potentialAction":[{"@type":"ReadAction","target":["https:\/\/quesossierracrestellina.es\/blog\/2012\/09\/30\/casares-gana-el-primer-premio-del-concurso-tiro-con-honda-istan-2012\/"]}]},{"@type":"ImageObject","inLanguage":"es","@id":"https:\/\/quesossierracrestellina.es\/blog\/2012\/09\/30\/casares-gana-el-primer-premio-del-concurso-tiro-con-honda-istan-2012\/#primaryimage","url":"https:\/\/quesossierracrestellina.es\/blog\/wp-content\/uploads\/2020\/05\/2012-ISTAN-tiroconhonda10b.jpg","contentUrl":"https:\/\/quesossierracrestellina.es\/blog\/wp-content\/uploads\/2020\/05\/2012-ISTAN-tiroconhonda10b.jpg","width":1400,"height":933,"caption":"Tiro con honda (Ist\u00e1n, 2012)"},{"@type":"BreadcrumbList","@id":"https:\/\/quesossierracrestellina.es\/blog\/2012\/09\/30\/casares-gana-el-primer-premio-del-concurso-tiro-con-honda-istan-2012\/#breadcrumb","itemListElement":[{"@type":"ListItem","position":1,"name":"Portada","item":"https:\/\/quesossierracrestellina.es\/blog\/"},{"@type":"ListItem","position":2,"name":"Casares gana el primer premio del concurso Tiro con Honda Ist\u00e1n 2012"}]},{"@type":"WebSite","@id":"https:\/\/quesossierracrestellina.es\/blog\/#website","url":"https:\/\/quesossierracrestellina.es\/blog\/","name":"Quesos Sierra Crestellina","description":"Sencillos por naturaleza","publisher":{"@id":"https:\/\/quesossierracrestellina.es\/blog\/#organization"},"potentialAction":[{"@type":"SearchAction","target":{"@type":"EntryPoint","urlTemplate":"https:\/\/quesossierracrestellina.es\/blog\/?s={search_term_string}"},"query-input":{"@type":"PropertyValueSpecification","valueRequired":true,"valueName":"search_term_string"}}],"inLanguage":"es"},{"@type":"Organization","@id":"https:\/\/quesossierracrestellina.es\/blog\/#organization","name":"Quesos Sierra Crestellina","url":"https:\/\/quesossierracrestellina.es\/blog\/","logo":{"@type":"ImageObject","inLanguage":"es","@id":"https:\/\/quesossierracrestellina.es\/blog\/#\/schema\/logo\/image\/","url":"https:\/\/quesossierracrestellina.es\/blog\/wp-content\/uploads\/2020\/05\/logo-crestellina.jpg","contentUrl":"https:\/\/quesossierracrestellina.es\/blog\/wp-content\/uploads\/2020\/05\/logo-crestellina.jpg","width":800,"height":800,"caption":"Quesos Sierra Crestellina"},"image":{"@id":"https:\/\/quesossierracrestellina.es\/blog\/#\/schema\/logo\/image\/"},"sameAs":["https:\/\/www.facebook.com\/quesoscrestellina.quesossierracrestellina","https:\/\/www.instagram.com\/queseriasierracrestellina\/"]},{"@type":"Person","@id":"https:\/\/quesossierracrestellina.es\/blog\/#\/schema\/person\/1a1635cca8df433589af815239a1f94c","name":"Quesos Sierra Crestellina","image":{"@type":"ImageObject","inLanguage":"es","@id":"https:\/\/secure.gravatar.com\/avatar\/77dc2c8c07c777a6507b998eff202e7127f6688a33a22df7fc6e6ce7f6b9aea9?s=96&d=mm&r=g","url":"https:\/\/secure.gravatar.com\/avatar\/77dc2c8c07c777a6507b998eff202e7127f6688a33a22df7fc6e6ce7f6b9aea9?s=96&d=mm&r=g","contentUrl":"https:\/\/secure.gravatar.com\/avatar\/77dc2c8c07c777a6507b998eff202e7127f6688a33a22df7fc6e6ce7f6b9aea9?s=96&d=mm&r=g","caption":"Quesos Sierra Crestellina"},"sameAs":["https:\/\/quesossierracrestellina.es\/blog"]}]}},"_links":{"self":[{"href":"https:\/\/quesossierracrestellina.es\/blog\/wp-json\/wp\/v2\/posts\/999","targetHints":{"allow":["GET"]}}],"collection":[{"href":"https:\/\/quesossierracrestellina.es\/blog\/wp-json\/wp\/v2\/posts"}],"about":[{"href":"https:\/\/quesossierracrestellina.es\/blog\/wp-json\/wp\/v2\/types\/post"}],"author":[{"embeddable":true,"href":"https:\/\/quesossierracrestellina.es\/blog\/wp-json\/wp\/v2\/users\/1"}],"replies":[{"embeddable":true,"href":"https:\/\/quesossierracrestellina.es\/blog\/wp-json\/wp\/v2\/comments?post=999"}],"version-history":[{"count":3,"href":"https:\/\/quesossierracrestellina.es\/blog\/wp-json\/wp\/v2\/posts\/999\/revisions"}],"predecessor-version":[{"id":1171,"href":"https:\/\/quesossierracrestellina.es\/blog\/wp-json\/wp\/v2\/posts\/999\/revisions\/1171"}],"wp:featuredmedia":[{"embeddable":true,"href":"https:\/\/quesossierracrestellina.es\/blog\/wp-json\/wp\/v2\/media\/1000"}],"wp:attachment":[{"href":"https:\/\/quesossierracrestellina.es\/blog\/wp-json\/wp\/v2\/media?parent=999"}],"wp:term":[{"taxonomy":"category","embeddable":true,"href":"https:\/\/quesossierracrestellina.es\/blog\/wp-json\/wp\/v2\/categories?post=999"},{"taxonomy":"post_tag","embeddable":true,"href":"https:\/\/quesossierracrestellina.es\/blog\/wp-json\/wp\/v2\/tags?post=999"}],"curies":[{"name":"wp","href":"https:\/\/api.w.org\/{rel}","templated":true}]}}